{"id":1928,"date":"2026-05-22T07:55:03","date_gmt":"2026-05-22T07:55:03","guid":{"rendered":"https:\/\/turkiyemhaber.com\/?p=1928"},"modified":"2026-05-22T07:55:08","modified_gmt":"2026-05-22T07:55:08","slug":"finansal-istikrar-komitesi-piyasa-etkilerini-ele-aldi","status":"publish","type":"post","link":"https:\/\/turkiyemhaber.com\/?p=1928","title":{"rendered":"Finansal \u0130stikrar Komitesi piyasa etkilerini ele ald\u0131"},"content":{"rendered":"\n<h2 class=\"wp-block-heading\">Komite, piyasalara etkileri ele alarak T\u00fcrkiye ekonomisinin direncini de\u011ferlendirdi.<\/h2>\n\n\n\n<p class=\"wp-block-paragraph\">Play Video<\/p>\n\n\n\n<p class=\"wp-block-paragraph\">HAZ\u0130NE ve Maliye Bakanl\u0131\u011f\u0131, Bakan Mehmet \u015eim\u015fek ba\u015fkanl\u0131\u011f\u0131nda toplanan Finansal \u0130stikrar Komitesi&#8217;nde, yurt i\u00e7i ve yurt d\u0131\u015f\u0131 geli\u015fmelerin piyasalara muhtemel etkilerinin ele al\u0131nd\u0131\u011f\u0131n\u0131 a\u00e7\u0131klad\u0131.<\/p>\n\n\n\n<p class=\"wp-block-paragraph\">Finansal \u0130stikrar Komitesi, Hazine ve Maliye Bakan\u0131 Mehmet \u015eim\u015fek ba\u015fkanl\u0131\u011f\u0131nda topland\u0131. Hazine ve Maliye Bakanl\u0131\u011f\u0131&#8217;ndan toplant\u0131ya ili\u015fkin yap\u0131lan a\u00e7\u0131klamada, &#8220;Toplant\u0131da, yurt i\u00e7i ve yurt d\u0131\u015f\u0131 geli\u015fmelerin finansal piyasalara muhtemel etkileri ve al\u0131nabilecek tedbirler kapsaml\u0131 bir \u015fekilde ele al\u0131nm\u0131\u015ft\u0131r. Komite, T\u00fcrkiye ekonomisinin sa\u011fl\u0131kl\u0131 politika \u00e7er\u00e7evesi ve g\u00fc\u00e7l\u00fc sermaye tamponlar\u0131 sayesinde \u015foklara kar\u015f\u0131 \u00f6nemli \u00f6nemli \u00f6l\u00e7\u00fcde diren\u00e7li oldu\u011funu de\u011ferlendirmi\u015ftir. Makrofinansal istikrar\u0131n korunmas\u0131, dezenflasyon s\u00fcrecinin kesintisiz devam\u0131 ve finansal sistemin sa\u011fl\u0131kl\u0131 i\u015fleyi\u015fi i\u00e7in gerekli t\u00fcm ad\u0131mlar\u0131n tam bir e\u015fg\u00fcd\u00fcm i\u00e7inde at\u0131lmas\u0131n\u0131 kararla\u015ft\u0131rm\u0131\u015ft\u0131r. Komite, t\u00fcm geli\u015fmeleri anl\u0131k ve yak\u0131ndan izlemeye devam edecektir&#8221; denildi.<\/p>\n\n\n\n<p class=\"wp-block-paragraph\"><\/p>\n\n\n\n<p class=\"wp-block-paragraph\"><a href=\"https:\/\/www.sondakika.com\/guncel\/haber-diyarbakir-da-kacan-boga-panige-neden-oldu-19867505\/\"><\/a><\/p>\n","protected":false},"excerpt":{"rendered":"<p>Komite, piyasalara etkileri ele alarak T\u00fcrkiye ekonomisinin direncini de\u011ferlendirdi. Play Video HAZ\u0130NE ve Maliye Bakanl\u0131\u011f\u0131,<\/p>\n","protected":false},"author":1,"featured_media":1929,"comment_status":"open","ping_status":"open","sticky":false,"template":"","format":"standard","meta":{"_rtcl_gb_attr":"","footnotes":""},"categories":[14,43],"tags":[],"class_list":["post-1928","post","type-post","status-publish","format-standard","has-post-thumbnail","hentry","category-ekonomi","category-son-dakika"],"_links":{"self":[{"href":"https:\/\/turkiyemhaber.com\/index.php?rest_route=\/wp\/v2\/posts\/1928","targetHints":{"allow":["GET"]}}],"collection":[{"href":"https:\/\/turkiyemhaber.com\/index.php?rest_route=\/wp\/v2\/posts"}],"about":[{"href":"https:\/\/turkiyemhaber.com\/index.php?rest_route=\/wp\/v2\/types\/post"}],"author":[{"embeddable":true,"href":"https:\/\/turkiyemhaber.com\/index.php?rest_route=\/wp\/v2\/users\/1"}],"replies":[{"embeddable":true,"href":"https:\/\/turkiyemhaber.com\/index.php?rest_route=%2Fwp%2Fv2%2Fcomments&post=1928"}],"version-history":[{"count":1,"href":"https:\/\/turkiyemhaber.com\/index.php?rest_route=\/wp\/v2\/posts\/1928\/revisions"}],"predecessor-version":[{"id":1930,"href":"https:\/\/turkiyemhaber.com\/index.php?rest_route=\/wp\/v2\/posts\/1928\/revisions\/1930"}],"wp:featuredmedia":[{"embeddable":true,"href":"https:\/\/turkiyemhaber.com\/index.php?rest_route=\/wp\/v2\/media\/1929"}],"wp:attachment":[{"href":"https:\/\/turkiyemhaber.com\/index.php?rest_route=%2Fwp%2Fv2%2Fmedia&parent=1928"}],"wp:term":[{"taxonomy":"category","embeddable":true,"href":"https:\/\/turkiyemhaber.com\/index.php?rest_route=%2Fwp%2Fv2%2Fcategories&post=1928"},{"taxonomy":"post_tag","embeddable":true,"href":"https:\/\/turkiyemhaber.com\/index.php?rest_route=%2Fwp%2Fv2%2Ftags&post=1928"}],"curies":[{"name":"wp","href":"https:\/\/api.w.org\/{rel}","templated":true}]}}