{"id":1925,"date":"2026-05-22T07:52:58","date_gmt":"2026-05-22T07:52:58","guid":{"rendered":"https:\/\/turkiyemhaber.com\/?p=1925"},"modified":"2026-05-22T07:53:02","modified_gmt":"2026-05-22T07:53:02","slug":"irandan-hac-icin-gelenler-turk-kokenli","status":"publish","type":"post","link":"https:\/\/turkiyemhaber.com\/?p=1925","title":{"rendered":"\u0130ran&#8217;dan Hac i\u00e7in Gelenler T\u00fcrk K\u00f6kenli"},"content":{"rendered":"\n<p class=\"wp-block-paragraph\">\u0130ran&#8217;dan 32 bin hac\u0131 aday\u0131, T\u00fcrk k\u00f6kenli ki\u015filerden olu\u015fuyor, Fars k\u00f6kenli yok. \u0130badetlerine rahat.<\/p>\n\n\n\n<p class=\"wp-block-paragraph\">ABD ve \u0130srail ile ya\u015fanan sava\u015fta Suudi Arabistan&#8217;daki yabanc\u0131 sermayeye ait petrokimya tesisleri ile baz\u0131 noktalar\u0131 &#8220;ABD askeri unsuru&#8221; diyerek vuran \u0130ran, bu sene hac kontenjan\u0131n\u0131n 3&#8217;te birini kulland\u0131. \u0130ran&#8217;dan gelen hac\u0131 adaylar\u0131n\u0131n kuzey \u015fehirlerinden gelen T\u00fcrk k\u00f6kenli ki\u015filer olmalar\u0131 ise dikkat \u00e7ekti.<\/p>\n\n\n\n<p class=\"wp-block-paragraph\">M\u00fcbarek topraklara binde bir \u00fclke kontenjan\u0131na g\u00f6re 85 bin hac\u0131 aday\u0131 gelmesi beklenen \u0130ran&#8217;dan sadece T\u00fcrk k\u00f6kenlilerin ya\u015fad\u0131\u011f\u0131 \u015fehirlerden 32 bin civar\u0131nda hac\u0131 aday\u0131 g\u00f6nderilmesi dikkat \u00e7ekti. Gelenler aras\u0131nda Fars k\u00f6kenli hac\u0131 aday\u0131 bulunmad\u0131\u011f\u0131 g\u00f6zlenirken, kafilenin tamam\u0131n\u0131n fasih T\u00fcrk\u00e7e konu\u015fan kuzey \u015fehirlerindeki hac\u0131 adaylar\u0131ndan m\u00fcte\u015fekkil olmas\u0131 dikkat \u00e7ekti.<\/p>\n\n\n\n<p class=\"wp-block-paragraph\">Azizeye ve \u015eimaliye b\u00f6lgelerindeki otellerde konaklayan T\u00fcrk hac\u0131 adaylar\u0131 \u0130ranl\u0131 hac\u0131 adaylar\u0131 ile Kabe-i Muazzama&#8217;ya gidip gelirken rahatl\u0131kla sohbet edebilirken, hac\u0131 adaylar\u0131 \u0130ran&#8217;daki durum hakk\u0131nda bilgi almay\u0131 ihmal etmiyorlar. T\u00fcrk\u00e7e konu\u015fan \u0130ranl\u0131 hac\u0131 adaylar\u0131n\u0131n T\u00fcrkiye g\u00fcndemine, televizyon programlar\u0131na hakim olmalar\u0131 ve \u0130stanbul aksan\u0131n\u0131 fasih olarak konu\u015fmalar\u0131 da dikkat \u00e7ekiyor Suudi Arabistan&#8217;da hi\u00e7bir ayr\u0131ma tabi olmadan ibadetlerini yerine getirdiklerini belirten \u0130ranl\u0131 hac\u0131 adaylar\u0131, d\u00fcnya M\u00fcsl\u00fcmanlar\u0131 ile kayna\u015fma f\u0131rsat\u0131 bulduklar\u0131n\u0131 s\u00f6ylediler. \u0130ranl\u0131 hac\u0131 adaylar\u0131, T\u00fcrkiye&#8217;yi ziyaret etmeyi arzulad\u0131klar\u0131n\u0131 da dile getirdiler.<\/p>\n\n\n\n<p class=\"wp-block-paragraph\">\u00d6te yandan \u0130ran&#8217;dan yap\u0131lan a\u00e7\u0131klamada, \u00e7at\u0131\u015fma ortam\u0131 sebebiyle gerekli d\u00f6viz miktar\u0131 Suudi Arabistan&#8217;a iletilemeyece\u011finden 32 bin hac\u0131 aday\u0131 g\u00f6nderilece\u011fi bilgisi payla\u015f\u0131ld\u0131. \u0130ran resmi kaynaklar\u0131, daha \u00f6nce bu y\u0131l yakla\u015f\u0131k 30 bin ki\u015finin hacca gidece\u011fini duyurmu\u015ftu.<\/p>\n\n\n\n<p class=\"wp-block-paragraph\">\u0130ranl\u0131lar\u0131n m\u00fcbarek beldelere gelebilmek i\u00e7in 15 ile 18 y\u0131l aras\u0131 s\u0131ra bekledi\u011fi, 4 bin 800 ile 6 bin 500 dolar aras\u0131 \u00fccretlerle hac g\u00f6revini ifa edebildi\u011fi \u00f6\u011frenildi. &#8211; MEKKE&#8217;\u0130 M\u00dcKERREME<\/p>\n","protected":false},"excerpt":{"rendered":"<p>\u0130ran&#8217;dan 32 bin hac\u0131 aday\u0131, T\u00fcrk k\u00f6kenli ki\u015filerden olu\u015fuyor, Fars k\u00f6kenli yok. \u0130badetlerine rahat. ABD<\/p>\n","protected":false},"author":1,"featured_media":1926,"comment_status":"open","ping_status":"open","sticky":false,"template":"","format":"standard","meta":{"_rtcl_gb_attr":"","footnotes":""},"categories":[1],"tags":[],"class_list":["post-1925","post","type-post","status-publish","format-standard","has-post-thumbnail","hentry","category-http-turkiyemhaber-com-wp-content-uploads-2026-03-saray-59-haber-13-mart-pdf"],"_links":{"self":[{"href":"https:\/\/turkiyemhaber.com\/index.php?rest_route=\/wp\/v2\/posts\/1925","targetHints":{"allow":["GET"]}}],"collection":[{"href":"https:\/\/turkiyemhaber.com\/index.php?rest_route=\/wp\/v2\/posts"}],"about":[{"href":"https:\/\/turkiyemhaber.com\/index.php?rest_route=\/wp\/v2\/types\/post"}],"author":[{"embeddable":true,"href":"https:\/\/turkiyemhaber.com\/index.php?rest_route=\/wp\/v2\/users\/1"}],"replies":[{"embeddable":true,"href":"https:\/\/turkiyemhaber.com\/index.php?rest_route=%2Fwp%2Fv2%2Fcomments&post=1925"}],"version-history":[{"count":1,"href":"https:\/\/turkiyemhaber.com\/index.php?rest_route=\/wp\/v2\/posts\/1925\/revisions"}],"predecessor-version":[{"id":1927,"href":"https:\/\/turkiyemhaber.com\/index.php?rest_route=\/wp\/v2\/posts\/1925\/revisions\/1927"}],"wp:featuredmedia":[{"embeddable":true,"href":"https:\/\/turkiyemhaber.com\/index.php?rest_route=\/wp\/v2\/media\/1926"}],"wp:attachment":[{"href":"https:\/\/turkiyemhaber.com\/index.php?rest_route=%2Fwp%2Fv2%2Fmedia&parent=1925"}],"wp:term":[{"taxonomy":"category","embeddable":true,"href":"https:\/\/turkiyemhaber.com\/index.php?rest_route=%2Fwp%2Fv2%2Fcategories&post=1925"},{"taxonomy":"post_tag","embeddable":true,"href":"https:\/\/turkiyemhaber.com\/index.php?rest_route=%2Fwp%2Fv2%2Ftags&post=1925"}],"curies":[{"name":"wp","href":"https:\/\/api.w.org\/{rel}","templated":true}]}}