{"id":1922,"date":"2026-05-22T07:51:21","date_gmt":"2026-05-22T07:51:21","guid":{"rendered":"https:\/\/turkiyemhaber.com\/?p=1922"},"modified":"2026-05-22T07:51:26","modified_gmt":"2026-05-22T07:51:26","slug":"finansal-istikrar-komitesi-toplandi","status":"publish","type":"post","link":"https:\/\/turkiyemhaber.com\/?p=1922","title":{"rendered":"Finansal \u0130stikrar Komitesi Topland\u0131"},"content":{"rendered":"\n<p class=\"wp-block-paragraph\">Hazine ve Maliye Bakanl\u0131\u011f\u0131, finansal piyasalara etkilerini ele ald\u0131 ve gerekli tedbirleri g\u00f6r\u00fc\u015ft\u00fc.<\/p>\n\n\n\n<p class=\"wp-block-paragraph\">Hazine ve Maliye Bakanl\u0131\u011f\u0131, Finansal \u0130stikrar Komitesi toplant\u0131s\u0131nda, yurt i\u00e7i ve d\u0131\u015f\u0131 geli\u015fmelerin finansal piyasalara muhtemel etkilerinin ele al\u0131nd\u0131\u011f\u0131n\u0131 bildirdi.<\/p>\n\n\n\n<p class=\"wp-block-paragraph\">Bakanl\u0131ktan yap\u0131lan a\u00e7\u0131klamada, Finansal \u0130stikrar Komitesinin, Hazine ve Maliye Bakan\u0131 Mehmet \u015eim\u015fek ba\u015fkanl\u0131\u011f\u0131nda topland\u0131\u011f\u0131 belirtildi.<\/p>\n\n\n\n<p class=\"wp-block-paragraph\">Toplant\u0131da, yurt i\u00e7i ve d\u0131\u015f\u0131 geli\u015fmelerin finansal piyasalara muhtemel etkileri ve al\u0131nabilecek tedbirlerin kapsaml\u0131 \u015fekilde ele al\u0131nd\u0131\u011f\u0131 vurgulanan a\u00e7\u0131klamada, \u015funlar kaydedildi:<\/p>\n\n\n\n<p class=\"wp-block-paragraph\">&#8220;Komite, T\u00fcrkiye ekonomisinin sa\u011fl\u0131kl\u0131 politika \u00e7er\u00e7evesi ve g\u00fc\u00e7l\u00fc sermaye tamponlar\u0131 sayesinde \u015foklara kar\u015f\u0131 \u00f6nemli \u00f6l\u00e7\u00fcde diren\u00e7li oldu\u011funu de\u011ferlendirmi\u015ftir. Makrofinansal istikrar\u0131n korunmas\u0131, dezenflasyon s\u00fcrecinin kesintisiz devam\u0131 ve finansal sistemin sa\u011fl\u0131kl\u0131 i\u015fleyi\u015fi i\u00e7in gerekli t\u00fcm ad\u0131mlar\u0131n tam bir e\u015f g\u00fcd\u00fcm i\u00e7inde at\u0131lmas\u0131 kararla\u015ft\u0131r\u0131lm\u0131\u015ft\u0131r. Komite, t\u00fcm geli\u015fmeleri anl\u0131k ve yak\u0131ndan izlemeye devam edecektir.&#8221;<\/p>\n","protected":false},"excerpt":{"rendered":"<p>Hazine ve Maliye Bakanl\u0131\u011f\u0131, finansal piyasalara etkilerini ele ald\u0131 ve gerekli tedbirleri g\u00f6r\u00fc\u015ft\u00fc. Hazine ve<\/p>\n","protected":false},"author":1,"featured_media":1923,"comment_status":"open","ping_status":"open","sticky":false,"template":"","format":"standard","meta":{"_rtcl_gb_attr":"","footnotes":""},"categories":[14],"tags":[],"class_list":["post-1922","post","type-post","status-publish","format-standard","has-post-thumbnail","hentry","category-ekonomi"],"_links":{"self":[{"href":"https:\/\/turkiyemhaber.com\/index.php?rest_route=\/wp\/v2\/posts\/1922","targetHints":{"allow":["GET"]}}],"collection":[{"href":"https:\/\/turkiyemhaber.com\/index.php?rest_route=\/wp\/v2\/posts"}],"about":[{"href":"https:\/\/turkiyemhaber.com\/index.php?rest_route=\/wp\/v2\/types\/post"}],"author":[{"embeddable":true,"href":"https:\/\/turkiyemhaber.com\/index.php?rest_route=\/wp\/v2\/users\/1"}],"replies":[{"embeddable":true,"href":"https:\/\/turkiyemhaber.com\/index.php?rest_route=%2Fwp%2Fv2%2Fcomments&post=1922"}],"version-history":[{"count":1,"href":"https:\/\/turkiyemhaber.com\/index.php?rest_route=\/wp\/v2\/posts\/1922\/revisions"}],"predecessor-version":[{"id":1924,"href":"https:\/\/turkiyemhaber.com\/index.php?rest_route=\/wp\/v2\/posts\/1922\/revisions\/1924"}],"wp:featuredmedia":[{"embeddable":true,"href":"https:\/\/turkiyemhaber.com\/index.php?rest_route=\/wp\/v2\/media\/1923"}],"wp:attachment":[{"href":"https:\/\/turkiyemhaber.com\/index.php?rest_route=%2Fwp%2Fv2%2Fmedia&parent=1922"}],"wp:term":[{"taxonomy":"category","embeddable":true,"href":"https:\/\/turkiyemhaber.com\/index.php?rest_route=%2Fwp%2Fv2%2Fcategories&post=1922"},{"taxonomy":"post_tag","embeddable":true,"href":"https:\/\/turkiyemhaber.com\/index.php?rest_route=%2Fwp%2Fv2%2Ftags&post=1922"}],"curies":[{"name":"wp","href":"https:\/\/api.w.org\/{rel}","templated":true}]}}