{"id":1919,"date":"2026-05-22T07:48:56","date_gmt":"2026-05-22T07:48:56","guid":{"rendered":"https:\/\/turkiyemhaber.com\/?p=1919"},"modified":"2026-05-22T07:49:00","modified_gmt":"2026-05-22T07:49:00","slug":"kilicdaroglunun-planini-en-yakin-kurmaylarindan-baris-yarkadas-acikladi","status":"publish","type":"post","link":"https:\/\/turkiyemhaber.com\/?p=1919","title":{"rendered":"K\u0131l\u0131\u00e7daro\u011flu&#8217;nun plan\u0131n\u0131 en yak\u0131n kurmaylar\u0131ndan Bar\u0131\u015f Yarkada\u015f a\u00e7\u0131klad\u0131"},"content":{"rendered":"\n<p class=\"wp-block-paragraph\">Ankara 36. B\u00f6lge Adliye Mahkemesi&#8217;nin kurultay iptali karar\u0131 sonras\u0131 CHP&#8217;de yeni d\u00f6nemin ta\u015flar\u0131 d\u00f6\u015feniyor. \u00d6zg\u00fcr \u00d6zel d\u00f6neminin resmen kapan\u0131p Kemal K\u0131l\u0131\u00e7daro\u011flu\u2019nun g\u00f6revi devralmas\u0131n\u0131n ard\u0131ndan &#8220;Erken kurultay kap\u0131da m\u0131?&#8221; sorusuna, K\u0131l\u0131\u00e7daro\u011flu&#8217;nun yak\u0131n kurmaylar\u0131ndan Bar\u0131\u015f Yarkada\u015f yan\u0131t verdi. Canl\u0131 yay\u0131nda partinin kongre a\u015famalar\u0131n\u0131n s\u0131f\u0131rdan ba\u015flayaca\u011f\u0131n\u0131 belirten Yarkada\u015f, K\u0131l\u0131\u00e7daro\u011flu\u2019nun koltukta kal\u0131c\u0131 olmak amac\u0131yla d\u00f6nmedi\u011fini s\u00f6yledi ve &#8220;Y\u0131l sonunda Kemal Bey aday olmaz&#8221; dedi.<\/p>\n\n\n\n<p class=\"wp-block-paragraph\">Ankara 36. B\u00f6lge Adliye Mahkemesi&#8217;nin CHP\u2019nin 38. Ola\u011fan Kurultay\u0131 i\u00e7in verdi\u011fi tarihi &#8220;mutlak butlan&#8221; karar\u0131 sonras\u0131 siyaset kulisleri adeta alev ald\u0131.&nbsp;<a href=\"https:\/\/www.sondakika.com\/ozgur-ozel\/\">\u00d6zg\u00fcr \u00d6zel<\/a>&nbsp;y\u00f6netiminin d\u00fc\u015fmesi ve&nbsp;<a href=\"https:\/\/www.sondakika.com\/kemal-kilicdaroglu\/\">Kemal K\u0131l\u0131\u00e7daro\u011flu<\/a>&#8216;nun yeniden g\u00f6reve iade edilmesinin ard\u0131ndan herkesin akl\u0131ndaki tek soruya, K\u0131l\u0131\u00e7daro\u011flu\u2019na en yak\u0131n isimlerden biri olan eski CHP milletvekili&nbsp;<a href=\"https:\/\/www.sondakika.com\/baris-yarkadas\/\">Bar\u0131\u015f Yarkada\u015f<\/a>&nbsp;yan\u0131t verdi.<\/p>\n\n\n\n<p class=\"wp-block-paragraph\">TV100 ekranlar\u0131nda \u00f6nemli a\u00e7\u0131klamalarda bulunan Yarkada\u015f, merakla beklenen &#8216;erken kurultay&#8217; ihtimaline son noktay\u0131 koydu.<\/p>\n\n\n\n<h3 class=\"wp-block-heading\">&#8220;ERKEN KURULTAY \u0130HT\u0130MAL\u0130 YOK, S\u00dcRE\u00c7 SIFIRDAN BA\u015eLAYACAK&#8221;<\/h3>\n\n\n\n<p class=\"wp-block-paragraph\">Bar\u0131\u015f Yarkada\u015f, mahkeme karar\u0131n\u0131n ard\u0131ndan CHP&#8217;de hemen bir kurultay toplanmas\u0131n\u0131n hukuken ve usulen m\u00fcmk\u00fcn olmad\u0131\u011f\u0131n\u0131 belirtti. K\u0131l\u0131\u00e7daro\u011flu&#8217;nun parti y\u00f6netimini resmen devralmas\u0131yla birlikte izleyece\u011fi a\u015famal\u0131 yol haritas\u0131n\u0131 a\u00e7\u0131klayan Yarkada\u015f, s\u00fcrecin en alt kademeden ba\u015flayaca\u011f\u0131na dikkat \u00e7ekti.<\/p>\n\n\n\n<p class=\"wp-block-paragraph\">Yarkada\u015f&#8217;\u0131n payla\u015ft\u0131\u011f\u0131 yol haritas\u0131na g\u00f6re s\u00fcre\u00e7 \u015fu \u015fekilde i\u015fleyecek:<\/p>\n\n\n\n<p class=\"wp-block-paragraph\"><strong>1. A\u015fama:<\/strong>&nbsp;\u0130lk olarak mahalle delegeleri s\u0131f\u0131rdan yeniden se\u00e7ilecek.<\/p>\n\n\n\n<p class=\"wp-block-paragraph\"><strong>2. A\u015fama:&nbsp;<\/strong>Mahalle se\u00e7imlerinin ard\u0131ndan il\u00e7e ve il delegeleri ile ba\u015fkanlar\u0131 belirlenecek.<\/p>\n\n\n\n<p class=\"wp-block-paragraph\"><strong>3. A\u015fama:&nbsp;<\/strong>T\u00fcm bu taban organizasyonu tamamland\u0131ktan sonra, son a\u015famada genel ba\u015fkanl\u0131k se\u00e7imi i\u00e7in b\u00fcy\u00fck kurultay karar\u0131 al\u0131nacak.<\/p>\n\n\n\n<h3 class=\"wp-block-heading\">&#8220;KEMAL BEY ADAY OLMAZ&#8221;<\/h3>\n\n\n\n<p class=\"wp-block-paragraph\">Yarkada\u015f, t\u00fcm bu s\u00fcrecin sonunda Kemal K\u0131l\u0131\u00e7daro\u011flu\u2019nun yeniden genel ba\u015fkanl\u0131\u011fa kal\u0131c\u0131 olarak aday olmayaca\u011f\u0131n\u0131 ileri s\u00fcrd\u00fc. Yarkada\u015f, konuya ili\u015fkin \u015fu ifadeleri kulland\u0131:<\/p>\n\n\n\n<p class=\"wp-block-paragraph\">&#8220;Y\u0131l sonunda Kemal Bey aday olmaz. Der ki: \u2018Ben geldim, partiyi ar\u0131nd\u0131rd\u0131m, g\u00fcvenli limana yana\u015ft\u0131rd\u0131m. Kongrelerden se\u00e7ilen delegelerimizle yeni genel ba\u015fkanlar\u0131n\u0131 se\u00e7ece\u011fiz.\u2019 ve nihayetinde yeni bir genel ba\u015fkan se\u00e7ilir.&#8221;<\/p>\n\n\n\n<h3 class=\"wp-block-heading\">&#8220;PART\u0130Y\u0130 G\u00dcVENL\u0130 NOKTAYA YANA\u015eTIRIP BIRAKACAK&#8221;<\/h3>\n\n\n\n<p class=\"wp-block-paragraph\">Ankara 36. B\u00f6lge Adliye Mahkemesi\u2019nin verdi\u011fi tarihi karar\u0131 yorumlayan Bar\u0131\u015f Yarkada\u015f, K\u0131l\u0131\u00e7daro\u011flu\u2019nun bu s\u00fcre\u00e7teki temel misyonunun koltu\u011fa yerle\u015fmek de\u011fil, partiyi toparlamak olaca\u011f\u0131n\u0131 vurgulad\u0131. Yarkada\u015f\u2019a g\u00f6re K\u0131l\u0131\u00e7daro\u011flu, ya\u015fanan bu b\u00fcy\u00fck hukuki krizlerin ard\u0131ndan partiyi demokratik ve g\u00fcvenli bir kongre ortam\u0131na ta\u015f\u0131yarak emaneti yeni se\u00e7ilecek bir genel ba\u015fkana devredecek.<\/p>\n","protected":false},"excerpt":{"rendered":"<p>Ankara 36. B\u00f6lge Adliye Mahkemesi&#8217;nin kurultay iptali karar\u0131 sonras\u0131 CHP&#8217;de yeni d\u00f6nemin ta\u015flar\u0131 d\u00f6\u015feniyor. \u00d6zg\u00fcr<\/p>\n","protected":false},"author":1,"featured_media":1920,"comment_status":"open","ping_status":"open","sticky":false,"template":"","format":"standard","meta":{"_rtcl_gb_attr":"","footnotes":""},"categories":[44],"tags":[],"class_list":["post-1919","post","type-post","status-publish","format-standard","has-post-thumbnail","hentry","category-politika"],"_links":{"self":[{"href":"https:\/\/turkiyemhaber.com\/index.php?rest_route=\/wp\/v2\/posts\/1919","targetHints":{"allow":["GET"]}}],"collection":[{"href":"https:\/\/turkiyemhaber.com\/index.php?rest_route=\/wp\/v2\/posts"}],"about":[{"href":"https:\/\/turkiyemhaber.com\/index.php?rest_route=\/wp\/v2\/types\/post"}],"author":[{"embeddable":true,"href":"https:\/\/turkiyemhaber.com\/index.php?rest_route=\/wp\/v2\/users\/1"}],"replies":[{"embeddable":true,"href":"https:\/\/turkiyemhaber.com\/index.php?rest_route=%2Fwp%2Fv2%2Fcomments&post=1919"}],"version-history":[{"count":1,"href":"https:\/\/turkiyemhaber.com\/index.php?rest_route=\/wp\/v2\/posts\/1919\/revisions"}],"predecessor-version":[{"id":1921,"href":"https:\/\/turkiyemhaber.com\/index.php?rest_route=\/wp\/v2\/posts\/1919\/revisions\/1921"}],"wp:featuredmedia":[{"embeddable":true,"href":"https:\/\/turkiyemhaber.com\/index.php?rest_route=\/wp\/v2\/media\/1920"}],"wp:attachment":[{"href":"https:\/\/turkiyemhaber.com\/index.php?rest_route=%2Fwp%2Fv2%2Fmedia&parent=1919"}],"wp:term":[{"taxonomy":"category","embeddable":true,"href":"https:\/\/turkiyemhaber.com\/index.php?rest_route=%2Fwp%2Fv2%2Fcategories&post=1919"},{"taxonomy":"post_tag","embeddable":true,"href":"https:\/\/turkiyemhaber.com\/index.php?rest_route=%2Fwp%2Fv2%2Ftags&post=1919"}],"curies":[{"name":"wp","href":"https:\/\/api.w.org\/{rel}","templated":true}]}}