{"id":1916,"date":"2026-05-22T07:46:46","date_gmt":"2026-05-22T07:46:46","guid":{"rendered":"https:\/\/turkiyemhaber.com\/?p=1916"},"modified":"2026-05-22T07:46:52","modified_gmt":"2026-05-22T07:46:52","slug":"imamoglundan-mutlak-butlan-karari-hakkinda-ilk-aciklama","status":"publish","type":"post","link":"https:\/\/turkiyemhaber.com\/?p=1916","title":{"rendered":"\u0130mamo\u011flu&#8217;ndan &#8216;mutlak butlan&#8217; karar\u0131 hakk\u0131nda ilk a\u00e7\u0131klama"},"content":{"rendered":"\n<p class=\"wp-block-paragraph\">CHP&#8217;nin 38. Ola\u011fan Kurultay\u0131&#8217;n\u0131n iptali karar\u0131na tepki g\u00f6steren Ekrem \u0130mamo\u011flu, &#8216;darbe giri\u015fimi&#8217; olarak nitelendirdi\u011fi karar\u0131n &#8216;yok h\u00fckm\u00fcnde&#8217; oldu\u011funu ifade ederek, &#8220;Mesele ciddidir. Partiler \u00fcst\u00fcd\u00fcr. Millet\u00e7e T\u00fcrkiye\u2019ye sahip \u00e7\u0131kma zaman\u0131d\u0131r&#8221; dedi.<\/p>\n\n\n\n<p class=\"wp-block-paragraph\">Ankara B\u00f6lge Adliye Mahkemesi 36. Hukuk Dairesi, CHP kurultay davas\u0131nda &nbsp;\u2018mutlak butlan\u2019 karar\u0131 verdi. Karara g\u00f6re, mevcut Genel Ba\u015fkan \u00d6zg\u00fcr \u00d6zel ile y\u00f6netimi tedbiren g\u00f6revden uzakla\u015ft\u0131r\u0131l\u0131rken, eski Genel Ba\u015fkan Kemal K\u0131l\u0131\u00e7daro\u011flu ile y\u00f6netimini yeniden g\u00f6reve gelecek.<\/p>\n\n\n\n<h3 class=\"wp-block-heading\">\u0130MAMO\u011eLU: YOK H\u00dcKM\u00dcNDED\u0130R<\/h3>\n\n\n\n<p class=\"wp-block-paragraph\">Karar\u0131n ard\u0131ndan \u0130stanbul B\u00fcy\u00fck\u015fehir Belediyesine (\u0130BB) y\u00f6nelik soru\u015fturmada tutukland\u0131ktan sonra g\u00f6revinden uzakla\u015ft\u0131r\u0131lan Ekrem \u0130mamo\u011flu\u2019ndan ilk a\u00e7\u0131klama da geldi.<\/p>\n\n\n\n<p class=\"wp-block-paragraph\">\u201cCumhurba\u015fkanl\u0131\u011f\u0131 Aday Ofisi\u201d isimli sosyal medya hesab\u0131 \u00fczerinden payla\u015f\u0131lan a\u00e7\u0131klamas\u0131nda \u0130mamo\u011flu, \u201cAl\u0131nan butlan karar\u0131 yok h\u00fckm\u00fcndedir\u201d dedi.<\/p>\n\n\n\n<h3 class=\"wp-block-heading\">\u201cMESELE C\u0130DD\u0130D\u0130R. PART\u0130LER \u00dcST\u00dcD\u00dcR\u201d<\/h3>\n\n\n\n<p class=\"wp-block-paragraph\">\u0130mamo\u011flu\u2019nun a\u00e7\u0131klamas\u0131 \u015fu \u015fekilde: &#8220;Erdo\u011fan zihniyetinin yarg\u0131 eliyle y\u00fcr\u00fctt\u00fc\u011f\u00fc siyasi darbelere kar\u015f\u0131 hep birlikte m\u00fccadelede kararl\u0131y\u0131z. Al\u0131nan butlan karar\u0131 yok h\u00fckm\u00fcndedir. Sadece CHP\u2019ye yap\u0131lan bir darbe de\u011fildir; T\u00fcrkiye\u2019ye, demokrasiye, Cumhuriyet\u2019e bir darbedir. Anayasal d\u00fczeni yok etmektir. Mesele ciddidir. Partiler \u00fcst\u00fcd\u00fcr. Millet\u00e7e T\u00fcrkiye\u2019ye sahip \u00e7\u0131kma zaman\u0131d\u0131r.&#8221;<\/p>\n\n\n\n<figure class=\"wp-block-image\"><img decoding=\"async\" src=\"https:\/\/foto.sondakika.com\/haber\/2026\/05\/21\/imamoglu-alinan-butlan-karari-19869601-7512_1_m.jpg\" alt=\"\u0130mamo\u011flu'ndan 'mutlak butlan' karar\u0131 hakk\u0131nda ilk a\u00e7\u0131klama\"\/><\/figure>\n","protected":false},"excerpt":{"rendered":"<p>CHP&#8217;nin 38. Ola\u011fan Kurultay\u0131&#8217;n\u0131n iptali karar\u0131na tepki g\u00f6steren Ekrem \u0130mamo\u011flu, &#8216;darbe giri\u015fimi&#8217; olarak nitelendirdi\u011fi karar\u0131n<\/p>\n","protected":false},"author":1,"featured_media":1917,"comment_status":"open","ping_status":"open","sticky":false,"template":"","format":"standard","meta":{"_rtcl_gb_attr":"","footnotes":""},"categories":[44],"tags":[],"class_list":["post-1916","post","type-post","status-publish","format-standard","has-post-thumbnail","hentry","category-politika"],"_links":{"self":[{"href":"https:\/\/turkiyemhaber.com\/index.php?rest_route=\/wp\/v2\/posts\/1916","targetHints":{"allow":["GET"]}}],"collection":[{"href":"https:\/\/turkiyemhaber.com\/index.php?rest_route=\/wp\/v2\/posts"}],"about":[{"href":"https:\/\/turkiyemhaber.com\/index.php?rest_route=\/wp\/v2\/types\/post"}],"author":[{"embeddable":true,"href":"https:\/\/turkiyemhaber.com\/index.php?rest_route=\/wp\/v2\/users\/1"}],"replies":[{"embeddable":true,"href":"https:\/\/turkiyemhaber.com\/index.php?rest_route=%2Fwp%2Fv2%2Fcomments&post=1916"}],"version-history":[{"count":1,"href":"https:\/\/turkiyemhaber.com\/index.php?rest_route=\/wp\/v2\/posts\/1916\/revisions"}],"predecessor-version":[{"id":1918,"href":"https:\/\/turkiyemhaber.com\/index.php?rest_route=\/wp\/v2\/posts\/1916\/revisions\/1918"}],"wp:featuredmedia":[{"embeddable":true,"href":"https:\/\/turkiyemhaber.com\/index.php?rest_route=\/wp\/v2\/media\/1917"}],"wp:attachment":[{"href":"https:\/\/turkiyemhaber.com\/index.php?rest_route=%2Fwp%2Fv2%2Fmedia&parent=1916"}],"wp:term":[{"taxonomy":"category","embeddable":true,"href":"https:\/\/turkiyemhaber.com\/index.php?rest_route=%2Fwp%2Fv2%2Fcategories&post=1916"},{"taxonomy":"post_tag","embeddable":true,"href":"https:\/\/turkiyemhaber.com\/index.php?rest_route=%2Fwp%2Fv2%2Ftags&post=1916"}],"curies":[{"name":"wp","href":"https:\/\/api.w.org\/{rel}","templated":true}]}}