{"id":1913,"date":"2026-05-22T07:43:48","date_gmt":"2026-05-22T07:43:48","guid":{"rendered":"https:\/\/turkiyemhaber.com\/?p=1913"},"modified":"2026-05-22T07:43:52","modified_gmt":"2026-05-22T07:43:52","slug":"bu-is-tamam-salahin-fenere-imzasi-artik-kesin-gibi","status":"publish","type":"post","link":"https:\/\/turkiyemhaber.com\/?p=1913","title":{"rendered":"Bu i\u015f tamam! Salah&#8217;\u0131n Fener&#8217;e imzas\u0131 art\u0131k kesin gibi"},"content":{"rendered":"\n<p class=\"wp-block-paragraph\">Liverpool\u2019dan ayr\u0131lan Mohamed Salah\u2019\u0131n Fenerbah\u00e7e\u2019ye olumlu yakla\u015ft\u0131\u011f\u0131 \u00f6ne s\u00fcr\u00fcld\u00fc. Sar\u0131-lacivertlilerin d\u00fcnya y\u0131ld\u0131z\u0131na 3 y\u0131ll\u0131k dev teklif yapt\u0131\u011f\u0131 iddia edildi.<\/p>\n\n\n\n<p class=\"wp-block-paragraph\">Fenerbah\u00e7e\u2019de ba\u015fkanl\u0131k se\u00e7imi \u00f6ncesi transfer g\u00fcndemi hareketlenirken d\u00fcnya futbolunu sarsacak bir iddia ortaya at\u0131ld\u0131. Liverpool\u2019dan ayr\u0131lan Mohamed Salah\u2019\u0131n sar\u0131-lacivertli kul\u00fcbe olumlu yakla\u015ft\u0131\u011f\u0131 \u00f6ne s\u00fcr\u00fcld\u00fc.<\/p>\n\n\n\n<h3 class=\"wp-block-heading\">FENERBAH\u00c7E TEMASA GE\u00c7T\u0130<\/h3>\n\n\n\n<p class=\"wp-block-paragraph\">\u0130ngiliz bas\u0131n\u0131nda yer alan haberlere g\u00f6re Fenerbah\u00e7e y\u00f6netimi, s\u00f6zle\u015fmesi sona ermeden Liverpool\u2019dan ayr\u0131lan Mohamed Salah ile g\u00f6r\u00fc\u015fme ger\u00e7ekle\u015ftirdi.&nbsp;Sar\u0131-lacivertli kul\u00fcb\u00fcn, d\u00fcnya y\u0131ld\u0131z\u0131n\u0131 kadroya katmak i\u00e7in \u00f6nemli bir giri\u015fimde bulundu\u011fu belirtildi.<\/p>\n\n\n\n<h3 class=\"wp-block-heading\">SUUD\u0130 ARAB\u0130STAN\u2019I REDDETT\u0130<\/h3>\n\n\n\n<p class=\"wp-block-paragraph\">Haberde Salah\u2019\u0131n, kariyerine Avrupa\u2019da devam etmek istedi\u011fi i\u00e7in Suudi Arabistan\u2019dan gelen teklifleri geri \u00e7evirdi\u011fi ifade edildi.&nbsp;33 ya\u015f\u0131ndaki y\u0131ld\u0131z futbolcunun bu nedenle Fenerbah\u00e7e se\u00e7ene\u011fine s\u0131cak bakt\u0131\u011f\u0131 aktar\u0131ld\u0131.<\/p>\n\n\n\n<h3 class=\"wp-block-heading\">DEV MAA\u015e TEKL\u0130F\u0130<\/h3>\n\n\n\n<p class=\"wp-block-paragraph\">Fenerbah\u00e7e y\u00f6netiminin Mohamed Salah\u2019a y\u0131ll\u0131k 12-13 milyon euro maa\u015f \u00fczerinden 3 y\u0131ll\u0131k s\u00f6zle\u015fme teklif etti\u011fi iddia edildi.&nbsp;M\u0131s\u0131rl\u0131 y\u0131ld\u0131z\u0131n ise maa\u015f beklentisinin yakla\u015f\u0131k 20 milyon euro seviyesinde oldu\u011fu belirtildi.<\/p>\n\n\n\n<p class=\"wp-block-paragraph\">Taraflar aras\u0131nda yap\u0131lan g\u00f6r\u00fc\u015fmelerde \u00f6nemli a\u015fama kaydedildi\u011fi ifade edilirken transferin yeni se\u00e7ilecek ba\u015fkan ve y\u00f6netimin verece\u011fi karara g\u00f6re netle\u015fece\u011fi \u00f6\u011frenildi.<\/p>\n\n\n\n<h3 class=\"wp-block-heading\">LIVERPOOL TAR\u0130H\u0130NE GE\u00c7T\u0130<\/h3>\n\n\n\n<p class=\"wp-block-paragraph\">Mohamed Salah, 2017-2018 sezonunda Roma\u2019dan Liverpool\u2019a 42 milyon euro bonservis bedeliyle transfer olmu\u015ftu.&nbsp;\u0130ngiliz ekibinde tam 441 ma\u00e7a \u00e7\u0131kan y\u0131ld\u0131z futbolcu, 257 gol ve 122 asistlik performans sergileyerek kul\u00fcp tarihine ge\u00e7ti.&nbsp;Premier Lig\u2019de 4 kez gol kral\u0131 olan Salah, d\u00fcnyan\u0131n en etkili h\u00fccum oyuncular\u0131ndan biri olarak g\u00f6steriliyor.<\/p>\n\n\n\n<h3 class=\"wp-block-heading\">TARAFTARLARI HEYECANLANDIRAN \u0130DD\u0130A<\/h3>\n\n\n\n<p class=\"wp-block-paragraph\">Fenerbah\u00e7e\u2019nin Mohamed Salah gibi d\u00fcnya \u00e7ap\u0131nda bir y\u0131ld\u0131z i\u00e7in giri\u015fimde bulunmas\u0131 sar\u0131-lacivertli taraftarlar\u0131 heyecanland\u0131rd\u0131.&nbsp;Transferin ger\u00e7ekle\u015fip ger\u00e7ekle\u015fmeyece\u011fi \u00f6n\u00fcm\u00fczdeki g\u00fcnlerde netlik kazanacak.<\/p>\n","protected":false},"excerpt":{"rendered":"<p>Liverpool\u2019dan ayr\u0131lan Mohamed Salah\u2019\u0131n Fenerbah\u00e7e\u2019ye olumlu yakla\u015ft\u0131\u011f\u0131 \u00f6ne s\u00fcr\u00fcld\u00fc. Sar\u0131-lacivertlilerin d\u00fcnya y\u0131ld\u0131z\u0131na 3 y\u0131ll\u0131k dev<\/p>\n","protected":false},"author":1,"featured_media":1914,"comment_status":"open","ping_status":"open","sticky":false,"template":"","format":"standard","meta":{"_rtcl_gb_attr":"","footnotes":""},"categories":[3],"tags":[],"class_list":["post-1913","post","type-post","status-publish","format-standard","has-post-thumbnail","hentry","category-spor"],"_links":{"self":[{"href":"https:\/\/turkiyemhaber.com\/index.php?rest_route=\/wp\/v2\/posts\/1913","targetHints":{"allow":["GET"]}}],"collection":[{"href":"https:\/\/turkiyemhaber.com\/index.php?rest_route=\/wp\/v2\/posts"}],"about":[{"href":"https:\/\/turkiyemhaber.com\/index.php?rest_route=\/wp\/v2\/types\/post"}],"author":[{"embeddable":true,"href":"https:\/\/turkiyemhaber.com\/index.php?rest_route=\/wp\/v2\/users\/1"}],"replies":[{"embeddable":true,"href":"https:\/\/turkiyemhaber.com\/index.php?rest_route=%2Fwp%2Fv2%2Fcomments&post=1913"}],"version-history":[{"count":1,"href":"https:\/\/turkiyemhaber.com\/index.php?rest_route=\/wp\/v2\/posts\/1913\/revisions"}],"predecessor-version":[{"id":1915,"href":"https:\/\/turkiyemhaber.com\/index.php?rest_route=\/wp\/v2\/posts\/1913\/revisions\/1915"}],"wp:featuredmedia":[{"embeddable":true,"href":"https:\/\/turkiyemhaber.com\/index.php?rest_route=\/wp\/v2\/media\/1914"}],"wp:attachment":[{"href":"https:\/\/turkiyemhaber.com\/index.php?rest_route=%2Fwp%2Fv2%2Fmedia&parent=1913"}],"wp:term":[{"taxonomy":"category","embeddable":true,"href":"https:\/\/turkiyemhaber.com\/index.php?rest_route=%2Fwp%2Fv2%2Fcategories&post=1913"},{"taxonomy":"post_tag","embeddable":true,"href":"https:\/\/turkiyemhaber.com\/index.php?rest_route=%2Fwp%2Fv2%2Ftags&post=1913"}],"curies":[{"name":"wp","href":"https:\/\/api.w.org\/{rel}","templated":true}]}}