{"id":1905,"date":"2026-05-22T07:38:22","date_gmt":"2026-05-22T07:38:22","guid":{"rendered":"https:\/\/turkiyemhaber.com\/?p=1905"},"modified":"2026-05-22T07:38:26","modified_gmt":"2026-05-22T07:38:26","slug":"davutoglu-alinan-mutlak-butlan-kararinin-siyaseti-dizayn-etme-cabasi-oldugu-aciktir","status":"publish","type":"post","link":"https:\/\/turkiyemhaber.com\/?p=1905","title":{"rendered":"Davuto\u011flu: Al\u0131nan mutlak butlan karar\u0131n\u0131n siyaseti dizayn etme \u00e7abas\u0131 oldu\u011fu a\u00e7\u0131kt\u0131r"},"content":{"rendered":"\n<p class=\"wp-block-paragraph\">Gelecek Partisi Genel Ba\u015fkan\u0131 Ahmet Davuto\u011flu, CHP&#8217;nin 38. Ola\u011fan Kurultay\u0131 hakk\u0131nda verilen &#8216;mutlak butlan&#8217; karar\u0131na ili\u015fkin de\u011ferlendirmelerde bulundu. Davuto\u011flu &#8220;Al\u0131nan mutlak butlan karar\u0131n\u0131n i\u015fleyi\u015f s\u00fcreci ve zamanlamas\u0131 a\u00e7\u0131s\u0131ndan hukuki bir sonu\u00e7tan \u00e7ok siyaseti dizayn etme \u00e7abas\u0131 oldu\u011fu a\u00e7\u0131kt\u0131r. Tam yetkili olan YSK karar\u0131n\u0131 verdikten sonra yap\u0131lan i\u015flemlerin ge\u00e7erlili\u011fi tart\u0131\u015f\u0131lmaya ba\u015flan\u0131rsa bundan sonra yap\u0131lacak se\u00e7im ve kongrelerin g\u00fcvenli\u011fi de tart\u0131\u015fmal\u0131 hale gelir&#8221; dedi.<\/p>\n\n\n\n<p class=\"wp-block-paragraph\">CHP\u2019nin 38. Ola\u011fan Kurultay\u0131\u2019n\u0131n mahkeme taraf\u0131ndan iptal edilerek &#8220;mutlak butlan&#8221; karar\u0131 verilmesi kamuoyunda geni\u015f yank\u0131 uyand\u0131rd\u0131. Karar\u0131n ard\u0131ndan eski Genel Ba\u015fkan Kemal K\u0131l\u0131\u00e7daro\u011flu g\u00f6revi yeniden kabul edece\u011fini a\u00e7\u0131klarken, mevcut Genel Ba\u015fkan \u00d6zg\u00fcr \u00d6zel ve y\u00f6netimi kurultay iradesinin arkas\u0131nda durduklar\u0131n\u0131 belirtti.<\/p>\n\n\n\n<h3 class=\"wp-block-heading\">DAVUTO\u011eLU&#8217;NDAN \u0130LK YORUM GELD\u0130<\/h3>\n\n\n\n<p class=\"wp-block-paragraph\">Geli\u015fmeye ili\u015fkin yapaca\u011f\u0131 yorum merakla beklenen isimlerden biri de&nbsp;&nbsp;<a href=\"https:\/\/www.sondakika.com\/gelecek-partisi\/\">Gelecek Partisi<\/a>&nbsp;Genel Ba\u015fkan\u0131&nbsp;<a href=\"https:\/\/www.sondakika.com\/ahmet-davutoglu\/\">Ahmet Davuto\u011flu<\/a>&#8216;ydu. Gece saatlerinde X hesab\u0131ndan &#8220;mutlak butlan&#8221; karar\u0131na ili\u015fkin a\u00e7\u0131klamada bulunan Davuto\u011flu dikkat \u00e7eken ifadeler kulland\u0131.<\/p>\n\n\n\n<p class=\"wp-block-paragraph\">Davuto\u011flu &#8220;Parti kimliklerinden ba\u011f\u0131ms\u0131z olarak hepimizin odaklanmas\u0131 gereken temel husus siyasi ahlak\u0131m\u0131zdaki yozla\u015fma ve demokrasimizin temelini olu\u015fturan se\u00e7im g\u00fcvenli\u011finde ortaya \u00e7\u0131kan kaostur.&nbsp;Al\u0131nan mutlak butlan karar\u0131n\u0131n i\u015fleyi\u015f s\u00fcreci ve zamanlamas\u0131 a\u00e7\u0131s\u0131ndan hukuki bir sonu\u00e7tan \u00e7ok siyaseti dizayn etme \u00e7abas\u0131 oldu\u011fu a\u00e7\u0131kt\u0131r.<\/p>\n\n\n\n<h3 class=\"wp-block-heading\">&#8220;YAPILACAK SE\u00c7\u0130M VE KONGRELER\u0130N G\u00dcVENL\u0130\u011e\u0130 TARTI\u015eMALI HALE GEL\u0130R&#8221;<\/h3>\n\n\n\n<p class=\"wp-block-paragraph\">Tam yetkili olan YSK karar\u0131n\u0131 verdikten sonra yap\u0131lan i\u015flemlerin ge\u00e7erlili\u011fi tart\u0131\u015f\u0131lmaya ba\u015flan\u0131rsa bundan sonra yap\u0131lacak se\u00e7im ve kongrelerin g\u00fcvenli\u011fi de tart\u0131\u015fmal\u0131 hale gelir.&nbsp;Siyasi k\u00fclt\u00fcr\u00fcm\u00fcz\u00fcn ve demokratik s\u00fcre\u00e7lerimizin siyasi ahlak temelinde yeniden yap\u0131land\u0131r\u0131lmas\u0131 zorunludur.&#8221; ifadelerini kulland\u0131.<\/p>\n\n\n\n<figure class=\"wp-block-image\"><img decoding=\"async\" src=\"https:\/\/foto.sondakika.com\/haber\/2026\/05\/22\/davutoglu-alinan-mutlak-butlan-19870095-6269_1_m.jpg\" alt=\"Davuto\u011flu: Al\u0131nan mutlak butlan karar\u0131n\u0131n siyaseti dizayn etme \u00e7abas\u0131 oldu\u011fu a\u00e7\u0131kt\u0131r\"\/><\/figure>\n\n\n\n<h3 class=\"wp-block-heading\">NE OLMU\u015eTU?<\/h3>\n\n\n\n<p class=\"wp-block-paragraph\">Ankara B\u00f6lge Adliye Mahkemesi, CHP i\u00e7in mutlak butlan karar\u0131 verdi. 4-5 Kas\u0131m 2023&#8217;te CHP&#8217;nin 38. Ola\u011fan Kurultay\u0131&#8217;n\u0131n iptaline karar verildi.<\/p>\n\n\n\n<p class=\"wp-block-paragraph\">CHP Genel Ba\u015fkan\u0131 \u00d6zg\u00fcr \u00d6zel, MYK ve YDK \u00fcyelerinin g\u00f6revden uzakla\u015ft\u0131r\u0131lmas\u0131na karar verildi. Mahkeme Kemal K\u0131l\u0131\u00e7daro\u011flu, PM ve YDK \u00fcyelerinin tedbiren g\u00f6rev \u00fcstlenmesini de kararla\u015ft\u0131rd\u0131. Kurultay\u0131n iptal edilmesiyle o tarihten sonra yap\u0131lan t\u00fcm ola\u011fan ve ola\u011fan\u00fcst\u00fc kurultaylar ve al\u0131nan kararlar da h\u00fck\u00fcms\u00fcz kald\u0131.<\/p>\n\n\n\n<h3 class=\"wp-block-heading\">MAHKEME KARARINDA NE DEN\u0130LD\u0130?<\/h3>\n\n\n\n<p class=\"wp-block-paragraph\">Ankara B\u00f6lge Adliye Mahkemesi 36. Hukuk Dairesi karar\u0131nda, &#8220;Mutlak butlanla sakatlanm\u0131\u015f 4-5 Kas\u0131m 2023 tarihli kurultay ile g\u00f6reve gelen genel ba\u015fkan \u00d6zg\u00fcr \u00d6zel\u2019in, Merkez Y\u00f6netim Kurulu \u00fcyelerinin, Parti Meclisi \u00dcyelerinin ve Y\u00fcksek Disiplin Kurulu \u00dcyelerinin tedbiren g\u00f6revden uzakla\u015ft\u0131r\u0131lmalar\u0131na ve 4-5 Kas\u0131m 2023 tarihli kurultay \u00f6ncesi g\u00f6revde bulunan genel ba\u015fkan Kemal K\u0131l\u0131\u00e7daro\u011flu ile Parti Meclisi ve Y\u00fcksek Disiplin Kurulu \u00fcyelerinin karar kesinle\u015finceye kadar tedbiren g\u00f6revi \u00fcstlenmelerine ve g\u00f6rev iadelerine&#8221; ifadesine yer verildi.&nbsp;<\/p>\n","protected":false},"excerpt":{"rendered":"<p>Gelecek Partisi Genel Ba\u015fkan\u0131 Ahmet Davuto\u011flu, CHP&#8217;nin 38. Ola\u011fan Kurultay\u0131 hakk\u0131nda verilen &#8216;mutlak butlan&#8217; karar\u0131na<\/p>\n","protected":false},"author":1,"featured_media":1906,"comment_status":"open","ping_status":"open","sticky":false,"template":"","format":"standard","meta":{"_rtcl_gb_attr":"","footnotes":""},"categories":[44],"tags":[],"class_list":["post-1905","post","type-post","status-publish","format-standard","has-post-thumbnail","hentry","category-politika"],"_links":{"self":[{"href":"https:\/\/turkiyemhaber.com\/index.php?rest_route=\/wp\/v2\/posts\/1905","targetHints":{"allow":["GET"]}}],"collection":[{"href":"https:\/\/turkiyemhaber.com\/index.php?rest_route=\/wp\/v2\/posts"}],"about":[{"href":"https:\/\/turkiyemhaber.com\/index.php?rest_route=\/wp\/v2\/types\/post"}],"author":[{"embeddable":true,"href":"https:\/\/turkiyemhaber.com\/index.php?rest_route=\/wp\/v2\/users\/1"}],"replies":[{"embeddable":true,"href":"https:\/\/turkiyemhaber.com\/index.php?rest_route=%2Fwp%2Fv2%2Fcomments&post=1905"}],"version-history":[{"count":1,"href":"https:\/\/turkiyemhaber.com\/index.php?rest_route=\/wp\/v2\/posts\/1905\/revisions"}],"predecessor-version":[{"id":1907,"href":"https:\/\/turkiyemhaber.com\/index.php?rest_route=\/wp\/v2\/posts\/1905\/revisions\/1907"}],"wp:featuredmedia":[{"embeddable":true,"href":"https:\/\/turkiyemhaber.com\/index.php?rest_route=\/wp\/v2\/media\/1906"}],"wp:attachment":[{"href":"https:\/\/turkiyemhaber.com\/index.php?rest_route=%2Fwp%2Fv2%2Fmedia&parent=1905"}],"wp:term":[{"taxonomy":"category","embeddable":true,"href":"https:\/\/turkiyemhaber.com\/index.php?rest_route=%2Fwp%2Fv2%2Fcategories&post=1905"},{"taxonomy":"post_tag","embeddable":true,"href":"https:\/\/turkiyemhaber.com\/index.php?rest_route=%2Fwp%2Fv2%2Ftags&post=1905"}],"curies":[{"name":"wp","href":"https:\/\/api.w.org\/{rel}","templated":true}]}}