{"id":1899,"date":"2026-05-22T07:34:17","date_gmt":"2026-05-22T07:34:17","guid":{"rendered":"https:\/\/turkiyemhaber.com\/?p=1899"},"modified":"2026-05-22T07:34:21","modified_gmt":"2026-05-22T07:34:21","slug":"bilgi-universitesi-kapatildi-binlerce-ogrenci-mimar-sinanda-egitime-devam-edecek","status":"publish","type":"post","link":"https:\/\/turkiyemhaber.com\/?p=1899","title":{"rendered":"Bilgi \u00dcniversitesi kapat\u0131ld\u0131! Binlerce \u00f6\u011frenci Mimar Sinan&#8217;da e\u011fitime devam edecek"},"content":{"rendered":"\n<p class=\"wp-block-paragraph\">T\u00fcrkiye\u2019nin k\u00f6kl\u00fc vak\u0131f \u00fcniversitelerinden \u0130stanbul Bilgi \u00dcniversitesi\u2019nin faaliyet izni resmen kald\u0131r\u0131ld\u0131. Kayyum s\u00fcrecinin ard\u0131ndan gelen karar sonras\u0131 binlerce \u00f6\u011frencinin e\u011fitim hayat\u0131n\u0131n nas\u0131l devam edece\u011fi merak konusu oldu. Y\u00d6K mevzuat\u0131 kapsam\u0131nda \u00f6\u011frencilerin e\u011fitimlerini garant\u00f6r \u00fcniversite stat\u00fcs\u00fcndeki Mimar Sinan \u00dcniversitesi\u2019nde s\u00fcrd\u00fcrece\u011fi de\u011ferlendiriliyor.<\/p>\n\n\n\n<p class=\"wp-block-paragraph\">1996 y\u0131l\u0131ndan bu yana faaliyet g\u00f6steren \u0130stanbul Bilgi \u00dcniversitesi\u2019nin faaliyet izni resmen kald\u0131r\u0131ld\u0131. Karar, Resmi Gazete\u2019de yay\u0131mlanarak y\u00fcr\u00fcrl\u00fc\u011fe girdi. B\u00f6ylece T\u00fcrkiye\u2019nin \u00f6nde gelen vak\u0131f \u00fcniversitelerinden biri i\u00e7in uzun s\u00fcredir devam eden belirsizlik s\u00fcreci kapanma karar\u0131yla sonu\u00e7land\u0131.<\/p>\n\n\n\n<h3 class=\"wp-block-heading\">KAYYUM S\u00dcREC\u0130 SONRASI KAPATMA KARARI GELD\u0130<\/h3>\n\n\n\n<p class=\"wp-block-paragraph\">\u00dcniversiteyi b\u00fcnyesinde bulunduran vakfa ge\u00e7ti\u011fimiz y\u0131l kayyum atanm\u0131\u015ft\u0131. 2019 y\u0131l\u0131nda Can Holding b\u00fcnyesine ge\u00e7en kurum, holdinge y\u00f6nelik soru\u015fturmalar ve \u00e7ok say\u0131da \u015firkete el konulmas\u0131n\u0131n ard\u0131ndan kayyum denetimine al\u0131nm\u0131\u015ft\u0131.<\/p>\n\n\n\n<p class=\"wp-block-paragraph\">K\u00fc\u00e7\u00fck\u00e7ekmece 9. Asliye Hukuk Mahkemesi\u2019nin karar\u0131yla mevcut m\u00fctevelli heyeti g\u00f6revden uzakla\u015ft\u0131r\u0131lm\u0131\u015f, yerine Prof. Dr. Ahmet Ulusoy, Levent \u00c7etin ve avukat Mehmet \u00c7i\u00e7ek\u2019ten olu\u015fan yeni bir y\u00f6netim atanm\u0131\u015ft\u0131.<\/p>\n\n\n\n<p class=\"wp-block-paragraph\">O d\u00f6nem yap\u0131lan a\u00e7\u0131klamalarda e\u011fitim faaliyetlerinin kesintisiz s\u00fcrece\u011fi ve \u00f6\u011frencilerin hak kayb\u0131 ya\u015famayaca\u011f\u0131 belirtilmi\u015fti. Ancak son karar ile birlikte \u00fcniversitenin faaliyetleri tamamen sona erdirildi.<\/p>\n\n\n\n<h3 class=\"wp-block-heading\">\u00d6\u011eRENC\u0130LER\u0130N E\u011e\u0130T\u0130M\u0130 DEVAM EDECEK<\/h3>\n\n\n\n<p class=\"wp-block-paragraph\">Y\u00fcksek\u00f6\u011fretim Kurulu mevzuat\u0131na g\u00f6re bir vak\u0131f \u00fcniversitesinin faaliyet izninin kald\u0131r\u0131lmas\u0131, \u00f6\u011frencilerin e\u011fitim hakk\u0131n\u0131n sona erdi\u011fi anlam\u0131na gelmiyor.<\/p>\n\n\n\n<p class=\"wp-block-paragraph\">NTV&#8217;nin haberine g\u00f6re; Bu kapsamda devreye \u201cgarant\u00f6r \u00fcniversite\u201d sistemi girdi. \u0130stanbul Bilgi \u00dcniversitesi \u00f6\u011frencilerinin e\u011fitimlerine Mimar Sinan \u00dcniversitesi b\u00fcnyesinde devam edece\u011fi a\u00e7\u0131kland\u0131. B\u00f6ylece \u00f6\u011frencilerin akademik s\u00fcre\u00e7lerinin kesintiye u\u011framamas\u0131 hedefleniyor.<\/p>\n\n\n\n<p class=\"wp-block-paragraph\">\u0130stanbul Bilgi \u00dcniversitesi \u00f6\u011frencilerin e\u011fitimleri, resmi garant\u00f6r okul olan Mimar Sinan G\u00fczel Sanatlar \u00dcniversitesi kontrol\u00fcnde ilerleyecek. \u00d6\u011frencilerin diplomalar\u0131 ve e\u011fitim haklar\u0131 Mimar Sinan G\u00fczel Sanatlar \u00dcniversitesi g\u00fcvencesinde olacak.<\/p>\n\n\n\n<h3 class=\"wp-block-heading\">AKADEM\u0130K VE \u0130DAR\u0130 S\u00dcRE\u00c7 NASIL \u0130\u015eLEYECEK?<\/h3>\n\n\n\n<p class=\"wp-block-paragraph\">Karar\u0131n ard\u0131ndan g\u00f6zler \u015fimdi \u00f6\u011frencilerin kay\u0131t, diploma, transkript ve b\u00f6l\u00fcm ge\u00e7i\u015f s\u00fcre\u00e7lerine \u00e7evrildi. \u00d6n\u00fcm\u00fczdeki g\u00fcnlerde Y\u00d6K ve ilgili \u00fcniversiteler taraf\u0131ndan detayl\u0131 yol haritas\u0131n\u0131n payla\u015f\u0131lmas\u0131 bekleniyor.<\/p>\n\n\n\n<p class=\"wp-block-paragraph\">Bu s\u00fcre\u00e7te yeni \u00f6\u011frenci al\u0131m\u0131n\u0131n durmas\u0131, mevcut \u00f6\u011frencilerin e\u011fitimlerini ba\u015fka bir \u00fcniversite \u00e7at\u0131s\u0131 alt\u0131nda tamamlamas\u0131 ve diplomalar\u0131n devralan kurum taraf\u0131ndan verilmesi \u00f6ng\u00f6r\u00fcl\u00fcyor. Akademik ve idari personelin durumuna ili\u015fkin s\u00fcrecin ise Y\u00d6K ve yeni y\u00f6netim taraf\u0131ndan \u015fekillendirilmesi bekleniyor.<\/p>\n\n\n\n<p class=\"wp-block-paragraph\">\u00d6\u011frencilerin mevcut b\u00f6l\u00fcmlerine denk programlarda e\u011fitimlerini s\u00fcrd\u00fcrece\u011fi, akademik haklar\u0131n\u0131n korunaca\u011f\u0131 ve devam eden e\u011fitim s\u00fcre\u00e7lerinin yeni \u00fcniversite \u00e7at\u0131s\u0131 alt\u0131nda tamamlanaca\u011f\u0131 ifade ediliyor.<\/p>\n\n\n\n<h3 class=\"wp-block-heading\">CAN HOLD\u0130NG&#8217;E Y\u00d6NEL\u0130K OPERASYONDA REMZ\u0130 SANVER DE TUTUKLANMI\u015eTI<\/h3>\n\n\n\n<p class=\"wp-block-paragraph\">Bilgi \u00dcniversitesi 2019 y\u0131l\u0131nda Can Holding\u2019e ge\u00e7mi\u015fti. K\u00fc\u00e7\u00fck\u00e7ekmece Cumhuriyet Ba\u015fsavc\u0131l\u0131\u011f\u0131 da 11 Eyl\u00fcl 2025\u2019te Can Holding\u2019e y\u00f6nelik operasyon d\u00fczenlemi\u015fti.<\/p>\n\n\n\n<p class=\"wp-block-paragraph\">Soru\u015fturma kapsam\u0131nda g\u00f6zalt\u0131na al\u0131nanlara \u201csu\u00e7 \u00f6rg\u00fct\u00fc kurmak\u201d, \u201cka\u00e7ak\u00e7\u0131l\u0131k\u201d, \u201cdoland\u0131r\u0131c\u0131l\u0131k\u201d ve \u201ckara para aklama\u201d su\u00e7lamalar\u0131 y\u00f6neltilmi\u015fti.<\/p>\n\n\n\n<p class=\"wp-block-paragraph\">Soru\u015fturma kapsam\u0131nda, Bilgi \u00dcniversitesi&#8217;nin eski rekt\u00f6r\u00fc ve H\u00fcr ve Kabul Edilmi\u015f Masonlar Derne\u011fi&#8217;nin Ba\u015fkan\u0131 Mehmet Remzi Sanver, Mehmet Kenan Tekda\u011f, Mehmet S\u0131dd\u0131k Kaya, Emin \u015eahin, Nuh Zafer Metin, Serap \u00d6zg\u00fcr, Abdulselam Y\u0131ld\u0131z, Tuncay \u015eahin, Adnan Y\u0131ld\u0131z, Nurettin Paksoy ve Mustafa \u015eahin tutuklanm\u0131\u015ft\u0131. Kenan Tekda\u011f daha sonra ev hapsi \u015fart\u0131yla tahliye edilmi\u015fti.&nbsp;<\/p>\n\n\n\n<figure class=\"wp-block-image\"><img decoding=\"async\" src=\"https:\/\/foto.sondakika.com\/haber\/2026\/05\/22\/bilgi-universitesi-kapatildi-b-95529252-8667_1_m.jpg\" alt=\"Bilgi \u00dcniversitesi kapat\u0131ld\u0131! Binlerce \u00f6\u011frenci Mimar Sinan'da e\u011fitime devam edecek\"\/><\/figure>\n","protected":false},"excerpt":{"rendered":"<p>T\u00fcrkiye\u2019nin k\u00f6kl\u00fc vak\u0131f \u00fcniversitelerinden \u0130stanbul Bilgi \u00dcniversitesi\u2019nin faaliyet izni resmen kald\u0131r\u0131ld\u0131. Kayyum s\u00fcrecinin ard\u0131ndan gelen<\/p>\n","protected":false},"author":1,"featured_media":1900,"comment_status":"open","ping_status":"open","sticky":false,"template":"","format":"standard","meta":{"_rtcl_gb_attr":"","footnotes":""},"categories":[43],"tags":[],"class_list":["post-1899","post","type-post","status-publish","format-standard","has-post-thumbnail","hentry","category-son-dakika"],"_links":{"self":[{"href":"https:\/\/turkiyemhaber.com\/index.php?rest_route=\/wp\/v2\/posts\/1899","targetHints":{"allow":["GET"]}}],"collection":[{"href":"https:\/\/turkiyemhaber.com\/index.php?rest_route=\/wp\/v2\/posts"}],"about":[{"href":"https:\/\/turkiyemhaber.com\/index.php?rest_route=\/wp\/v2\/types\/post"}],"author":[{"embeddable":true,"href":"https:\/\/turkiyemhaber.com\/index.php?rest_route=\/wp\/v2\/users\/1"}],"replies":[{"embeddable":true,"href":"https:\/\/turkiyemhaber.com\/index.php?rest_route=%2Fwp%2Fv2%2Fcomments&post=1899"}],"version-history":[{"count":1,"href":"https:\/\/turkiyemhaber.com\/index.php?rest_route=\/wp\/v2\/posts\/1899\/revisions"}],"predecessor-version":[{"id":1901,"href":"https:\/\/turkiyemhaber.com\/index.php?rest_route=\/wp\/v2\/posts\/1899\/revisions\/1901"}],"wp:featuredmedia":[{"embeddable":true,"href":"https:\/\/turkiyemhaber.com\/index.php?rest_route=\/wp\/v2\/media\/1900"}],"wp:attachment":[{"href":"https:\/\/turkiyemhaber.com\/index.php?rest_route=%2Fwp%2Fv2%2Fmedia&parent=1899"}],"wp:term":[{"taxonomy":"category","embeddable":true,"href":"https:\/\/turkiyemhaber.com\/index.php?rest_route=%2Fwp%2Fv2%2Fcategories&post=1899"},{"taxonomy":"post_tag","embeddable":true,"href":"https:\/\/turkiyemhaber.com\/index.php?rest_route=%2Fwp%2Fv2%2Ftags&post=1899"}],"curies":[{"name":"wp","href":"https:\/\/api.w.org\/{rel}","templated":true}]}}