{"id":1896,"date":"2026-05-22T07:32:23","date_gmt":"2026-05-22T07:32:23","guid":{"rendered":"https:\/\/turkiyemhaber.com\/?p=1896"},"modified":"2026-05-22T07:32:27","modified_gmt":"2026-05-22T07:32:27","slug":"ibbye-yonelik-yolsuzluk-davasinda-9-kisiye-tahliye-iste-o-isimler","status":"publish","type":"post","link":"https:\/\/turkiyemhaber.com\/?p=1896","title":{"rendered":"\u0130BB&#8217;ye y\u00f6nelik yolsuzluk davas\u0131nda 9 ki\u015fiye tahliye! \u0130\u015fte o isimler"},"content":{"rendered":"\n<p class=\"wp-block-paragraph\">\u0130stanbul 40. A\u011f\u0131r Ceza Mahkemesi tutuklu san\u0131klar Iraz Bayrak, Orhan Gazi Erdo\u011fan, Mustafa Kele\u015f, Engin Ulusoy, G\u00f6khan K\u00f6seo\u011flu, Seza B\u00fcy\u00fck\u00e7ulha, Ahmet \u015eahin, Cevat Kaya, Hakan Aplak hakk\u0131nda tahliye karar\u0131 verdi.<\/p>\n\n\n\n<p class=\"wp-block-paragraph\">Ekrem \u0130mamo\u011flu\u2019nun da aralar\u0131nda bulundu\u011fu 414 san\u0131\u011f\u0131n yarg\u0131land\u0131\u011f\u0131 yolsuzluk davas\u0131n\u0131n 41\u2019inci celsesi \u0130stanbul 40. A\u011f\u0131r Ceza Mahkemesi\u2019nde g\u00f6r\u00fcld\u00fc. Duru\u015fmada tutuklu i\u015f insan\u0131 Murat Kapki\u2019nin karde\u015fi Serdar Kapki savunmas\u0131na devam etti.<\/p>\n\n\n\n<h3 class=\"wp-block-heading\">SAVCI 5 K\u0130\u015e\u0130 \u0130\u00c7\u0130N TAHL\u0130YE \u0130STED\u0130<\/h3>\n\n\n\n<p class=\"wp-block-paragraph\">Duru\u015fma s\u0131ras\u0131nda cumhuriyet savc\u0131s\u0131, dosyada tutuklu bulunan 5 ki\u015fi hakk\u0131nda tahliye talebinde bulundu.&nbsp;Savc\u0131n\u0131n m\u00fctalaas\u0131n\u0131n ard\u0131ndan mahkeme heyeti, tutukluluk incelemesi yapmak \u00fczere duru\u015fmaya ara verdi.<\/p>\n\n\n\n<h3 class=\"wp-block-heading\">&#8220;KARARI OY B\u0130RL\u0130\u011e\u0130YLE ALDIK&#8221;<\/h3>\n\n\n\n<p class=\"wp-block-paragraph\">Verilen aran\u0131n ard\u0131ndan karar\u0131n\u0131 a\u00e7\u0131klayan mahkeme heyeti, 9 san\u0131\u011f\u0131n tahliyesine h\u00fckmetti.&nbsp;Mahkeme ba\u015fkan\u0131, &#8220;Tatilimiz doldu\u011fu i\u00e7in bir sonraki g\u00f6zden ge\u00e7irme tarihimiz de 18 Haziran&#8217;a denk geliyor. 18 Haziran 2026&#8217;da yapaca\u011f\u0131z, \u015fu an hakk\u0131nda tahliye karar\u0131 verdi\u011fimiz san\u0131klar\u0131n isimlerini okuyorum. Karar\u0131 yine oy birli\u011fiyle ald\u0131k&#8221; dedi.<\/p>\n\n\n\n<p class=\"wp-block-paragraph\">Tahliye edilen isimler \u015f\u00f6yle:<\/p>\n\n\n\n<ul class=\"wp-block-list\">\n<li>Iraz Bayrak<\/li>\n\n\n\n<li>Orhan Gazi Erdo\u011fan<\/li>\n\n\n\n<li>Mustafa Kele\u015f<\/li>\n\n\n\n<li>Engin Ulusoy<\/li>\n\n\n\n<li>G\u00f6khan K\u00f6seo\u011flu<\/li>\n\n\n\n<li>Seza B\u00fcy\u00fck\u00e7ulha<\/li>\n\n\n\n<li>Ahmet \u015eahin<\/li>\n\n\n\n<li>Cevat Kaya<\/li>\n\n\n\n<li>Hakan Aplak<\/li>\n<\/ul>\n\n\n\n<p class=\"wp-block-paragraph\"><img decoding=\"async\" alt=\"Tahliye edilenler aras\u0131nda Dilek \u0130mamo\u011flu'nun abisi Cevat Kaya da var.&nbsp;\" src=\"https:\/\/foto.sondakika.com\/haber\/2026\/05\/21\/ibbye-yonelik-yolsuzluk-davasi-19868390-9206_1_m.jpg\">Tahliye edilenler aras\u0131nda Dilek \u0130mamo\u011flu&#8217;nun abisi Cevat Kaya da var.&nbsp;<\/p>\n\n\n\n<h3 class=\"wp-block-heading\">TOPLAMDA 42. TAHL\u0130YE<\/h3>\n\n\n\n<p class=\"wp-block-paragraph\">\u0130BB davas\u0131n\u0131n 41. celsesinde tahliye karar\u0131 verilen 9 ki\u015fi ile birlikte toplam tahliye say\u0131s\u0131 42&#8217;ye y\u00fckseldi.<\/p>\n","protected":false},"excerpt":{"rendered":"<p>\u0130stanbul 40. A\u011f\u0131r Ceza Mahkemesi tutuklu san\u0131klar Iraz Bayrak, Orhan Gazi Erdo\u011fan, Mustafa Kele\u015f, Engin<\/p>\n","protected":false},"author":1,"featured_media":1897,"comment_status":"open","ping_status":"open","sticky":false,"template":"","format":"standard","meta":{"_rtcl_gb_attr":"","footnotes":""},"categories":[43],"tags":[],"class_list":["post-1896","post","type-post","status-publish","format-standard","has-post-thumbnail","hentry","category-son-dakika"],"_links":{"self":[{"href":"https:\/\/turkiyemhaber.com\/index.php?rest_route=\/wp\/v2\/posts\/1896","targetHints":{"allow":["GET"]}}],"collection":[{"href":"https:\/\/turkiyemhaber.com\/index.php?rest_route=\/wp\/v2\/posts"}],"about":[{"href":"https:\/\/turkiyemhaber.com\/index.php?rest_route=\/wp\/v2\/types\/post"}],"author":[{"embeddable":true,"href":"https:\/\/turkiyemhaber.com\/index.php?rest_route=\/wp\/v2\/users\/1"}],"replies":[{"embeddable":true,"href":"https:\/\/turkiyemhaber.com\/index.php?rest_route=%2Fwp%2Fv2%2Fcomments&post=1896"}],"version-history":[{"count":1,"href":"https:\/\/turkiyemhaber.com\/index.php?rest_route=\/wp\/v2\/posts\/1896\/revisions"}],"predecessor-version":[{"id":1898,"href":"https:\/\/turkiyemhaber.com\/index.php?rest_route=\/wp\/v2\/posts\/1896\/revisions\/1898"}],"wp:featuredmedia":[{"embeddable":true,"href":"https:\/\/turkiyemhaber.com\/index.php?rest_route=\/wp\/v2\/media\/1897"}],"wp:attachment":[{"href":"https:\/\/turkiyemhaber.com\/index.php?rest_route=%2Fwp%2Fv2%2Fmedia&parent=1896"}],"wp:term":[{"taxonomy":"category","embeddable":true,"href":"https:\/\/turkiyemhaber.com\/index.php?rest_route=%2Fwp%2Fv2%2Fcategories&post=1896"},{"taxonomy":"post_tag","embeddable":true,"href":"https:\/\/turkiyemhaber.com\/index.php?rest_route=%2Fwp%2Fv2%2Ftags&post=1896"}],"curies":[{"name":"wp","href":"https:\/\/api.w.org\/{rel}","templated":true}]}}