{"id":1893,"date":"2026-05-22T07:30:36","date_gmt":"2026-05-22T07:30:36","guid":{"rendered":"https:\/\/turkiyemhaber.com\/?p=1893"},"modified":"2026-05-22T07:30:42","modified_gmt":"2026-05-22T07:30:42","slug":"gazeteci-alican-uludagin-tahliyesine-karar-verildi","status":"publish","type":"post","link":"https:\/\/turkiyemhaber.com\/?p=1893","title":{"rendered":"Gazeteci Alican Uluda\u011f&#8217;\u0131n tahliyesine karar verildi"},"content":{"rendered":"\n<p class=\"wp-block-paragraph\">Sosyal medya payla\u015f\u0131mlar\u0131 nedeniyle &#8220;Cumhurba\u015fkan\u0131na alenen hakaret&#8221;, &#8220;Halk\u0131 yan\u0131lt\u0131c\u0131 bilgiyi alenen yayma&#8221; ve &#8220;T\u00fcrkiye Cumhuriyeti h\u00fck\u00fcmetini ve devletin yarg\u0131 organlar\u0131n\u0131 alenen a\u015fa\u011f\u0131lama&#8221; su\u00e7lamalar\u0131ndan yarg\u0131lanan ve 20 \u015eubat&#8217;tan bu yana tutuklu bulunan Gazeteci Alican Uluda\u011f&#8217;\u0131n tahliyesine karar verildi.<\/p>\n\n\n\n<p class=\"wp-block-paragraph\">Gazeteci Alican Uluda\u011f, tutuklu yarg\u0131land\u0131\u011f\u0131 davada tahliye edildi.<\/p>\n\n\n\n<p class=\"wp-block-paragraph\">Ankara 57. Asliye Ceza Mahkemesince g\u00f6r\u00fclen davan\u0131n ilk duru\u015fmas\u0131na, tutuklu san\u0131k Uluda\u011f, bulundu\u011fu cezaevinden Ses ve G\u00f6r\u00fcnt\u00fc Bili\u015fim Sistemi (SEGB\u0130S) ile kat\u0131l\u0131rken, avukat\u0131 ve yak\u0131nlar\u0131 salonda haz\u0131r bulundu. Ankara 1 No&#8217;lu Baro Ba\u015fkan\u0131 Mustafa K\u00f6ro\u011flu da duru\u015fmay\u0131 takip etti.<\/p>\n\n\n\n<h3 class=\"wp-block-heading\">\u201cSAVCI, BU PAYLA\u015eIMLARLA NASIL HAKARET ETM\u0130\u015e\u0130M \u0130DD\u0130ANAMEYE YAZMAMI\u015e\u201d<\/h3>\n\n\n\n<p class=\"wp-block-paragraph\">Kimlik tespitinin ard\u0131ndan savunmas\u0131 i\u00e7in s\u00f6z verilen san\u0131k Uluda\u011f, tutuklanmay\u0131 hak edecek bir su\u00e7 i\u015flemedi\u011fini, sosyal medya hesab\u0131ndaki payla\u015f\u0131mlar\u0131 d\u0131\u015f\u0131nda bir eyleminin olmad\u0131\u011f\u0131n\u0131 s\u00f6yledi.<\/p>\n\n\n\n<p class=\"wp-block-paragraph\">Hakk\u0131nda 3 su\u00e7tan ceza istendi\u011fini kaydeden san\u0131k Uluda\u011f, &#8220;Cumhurba\u015fkan\u0131na hakaret su\u00e7u i\u00e7in 1 y\u0131l \u00f6nce yapt\u0131\u011f\u0131m 13 sosyal medya payla\u015f\u0131m\u0131m g\u00f6steriliyor. Savc\u0131, bu payla\u015f\u0131mlarla nas\u0131l hakaret etmi\u015fim iddianameye yazmam\u0131\u015f. Bu payla\u015f\u0131mlarda Cumhurba\u015fkan\u0131na hakaret yok, baz\u0131 soru\u015fturmalara ili\u015fkin ele\u015ftiri var. 1 y\u0131l \u00f6nce yapt\u0131\u011f\u0131m ele\u015ftirilerin su\u00e7 olarak g\u00f6sterilmesinin alt\u0131nda ba\u015fka bir \u015fey var.&#8221; ifadelerini kulland\u0131.<\/p>\n\n\n\n<p class=\"wp-block-paragraph\">San\u0131k Uluda\u011f, yarg\u0131 muhabiri oldu\u011funu, g\u00f6revinin de yarg\u0131daki geli\u015fmeleri takip ederek haber yapmak oldu\u011funu belirterek, &#8220;Bu payla\u015f\u0131mlarda temel ama\u00e7 halk\u0131 bilgilendirmektir. Su\u00e7 i\u015flemedim, gazetecilik yapt\u0131m. Hakk\u0131mda bu 3 su\u00e7tan da beraat verilmesini ve tahliyemi talep ediyorum.&#8221; dedi.<\/p>\n\n\n\n<h3 class=\"wp-block-heading\">TAHL\u0130YES\u0130NE KARAR VER\u0130LD\u0130<\/h3>\n\n\n\n<p class=\"wp-block-paragraph\">Beyanlar\u0131n ard\u0131ndan ara karar\u0131n\u0131 a\u00e7\u0131klayan hakim, san\u0131k Uluda\u011f&#8217;\u0131n tahliyesine karar vererek duru\u015fmay\u0131 erteledi.<\/p>\n\n\n\n<p class=\"wp-block-paragraph\">Alican Uluda\u011f hakk\u0131nda &#8220;Cumhurba\u015fkan\u0131na alenen hakaret&#8221;, &#8220;T\u00fcrkiye Cumhuriyeti h\u00fck\u00fcmetini ve devletin yarg\u0131 organlar\u0131n\u0131 alenen a\u015fa\u011f\u0131lama&#8221; ve &#8220;halk\u0131 yan\u0131lt\u0131c\u0131 bilgiyi alenen yayma&#8221; su\u00e7lar\u0131ndan dava a\u00e7\u0131lm\u0131\u015ft\u0131. Uluda\u011f, 20 \u015eubat&#8217;ta tutuklanm\u0131\u015ft\u0131.<\/p>\n","protected":false},"excerpt":{"rendered":"<p>Sosyal medya payla\u015f\u0131mlar\u0131 nedeniyle &#8220;Cumhurba\u015fkan\u0131na alenen hakaret&#8221;, &#8220;Halk\u0131 yan\u0131lt\u0131c\u0131 bilgiyi alenen yayma&#8221; ve &#8220;T\u00fcrkiye Cumhuriyeti<\/p>\n","protected":false},"author":1,"featured_media":1894,"comment_status":"open","ping_status":"open","sticky":false,"template":"","format":"standard","meta":{"_rtcl_gb_attr":"","footnotes":""},"categories":[43],"tags":[],"class_list":["post-1893","post","type-post","status-publish","format-standard","has-post-thumbnail","hentry","category-son-dakika"],"_links":{"self":[{"href":"https:\/\/turkiyemhaber.com\/index.php?rest_route=\/wp\/v2\/posts\/1893","targetHints":{"allow":["GET"]}}],"collection":[{"href":"https:\/\/turkiyemhaber.com\/index.php?rest_route=\/wp\/v2\/posts"}],"about":[{"href":"https:\/\/turkiyemhaber.com\/index.php?rest_route=\/wp\/v2\/types\/post"}],"author":[{"embeddable":true,"href":"https:\/\/turkiyemhaber.com\/index.php?rest_route=\/wp\/v2\/users\/1"}],"replies":[{"embeddable":true,"href":"https:\/\/turkiyemhaber.com\/index.php?rest_route=%2Fwp%2Fv2%2Fcomments&post=1893"}],"version-history":[{"count":1,"href":"https:\/\/turkiyemhaber.com\/index.php?rest_route=\/wp\/v2\/posts\/1893\/revisions"}],"predecessor-version":[{"id":1895,"href":"https:\/\/turkiyemhaber.com\/index.php?rest_route=\/wp\/v2\/posts\/1893\/revisions\/1895"}],"wp:featuredmedia":[{"embeddable":true,"href":"https:\/\/turkiyemhaber.com\/index.php?rest_route=\/wp\/v2\/media\/1894"}],"wp:attachment":[{"href":"https:\/\/turkiyemhaber.com\/index.php?rest_route=%2Fwp%2Fv2%2Fmedia&parent=1893"}],"wp:term":[{"taxonomy":"category","embeddable":true,"href":"https:\/\/turkiyemhaber.com\/index.php?rest_route=%2Fwp%2Fv2%2Fcategories&post=1893"},{"taxonomy":"post_tag","embeddable":true,"href":"https:\/\/turkiyemhaber.com\/index.php?rest_route=%2Fwp%2Fv2%2Ftags&post=1893"}],"curies":[{"name":"wp","href":"https:\/\/api.w.org\/{rel}","templated":true}]}}