{"id":1890,"date":"2026-05-22T07:28:23","date_gmt":"2026-05-22T07:28:23","guid":{"rendered":"https:\/\/turkiyemhaber.com\/?p=1890"},"modified":"2026-05-22T07:28:27","modified_gmt":"2026-05-22T07:28:27","slug":"104-karari-boeyin-sonu-oldu","status":"publish","type":"post","link":"https:\/\/turkiyemhaber.com\/?p=1890","title":{"rendered":"10+4 karar\u0131 Boey&#8217;in sonu oldu"},"content":{"rendered":"\n<p class=\"wp-block-paragraph\">Galatasaray, TFF\u2019nin 10+4 yabanc\u0131 kural\u0131 sonras\u0131 Sacha Boey transferi i\u00e7in Bayern M\u00fcnih ile y\u00fcr\u00fct\u00fclen g\u00f6r\u00fc\u015fmeleri durdurdu. Sar\u0131-k\u0131rm\u0131z\u0131l\u0131lar\u0131n yabanc\u0131 kontenjan\u0131n\u0131 farkl\u0131 b\u00f6lgelerde kullanaca\u011f\u0131 \u00f6\u011frenildi.<\/p>\n\n\n\n<p class=\"wp-block-paragraph\">Galatasaray\u2019da&nbsp;<a href=\"https:\/\/www.sondakika.com\/sacha-boey\/\">Sacha Boey<\/a>&nbsp;ile ilgili karar netle\u015fti. Sar\u0131-k\u0131rm\u0131z\u0131l\u0131 y\u00f6netimin, TFF\u2019nin yabanc\u0131 kural\u0131 sonras\u0131 Frans\u0131z sa\u011f bek konusunda geri ad\u0131m att\u0131\u011f\u0131 \u00f6\u011frenildi.<\/p>\n\n\n\n<h3 class=\"wp-block-heading\">10+4 KURALI PLANI DE\u011e\u0130\u015eT\u0130RD\u0130<\/h3>\n\n\n\n<p class=\"wp-block-paragraph\">TFF\u2019nin a\u00e7\u0131klad\u0131\u011f\u0131 10+4 yabanc\u0131 kural\u0131n\u0131n ard\u0131ndan Galatasaray y\u00f6netimi kadro planlamas\u0131n\u0131 yeniden \u015fekillendirdi.&nbsp;Sar\u0131-k\u0131rm\u0131z\u0131l\u0131lar\u0131n bu geli\u015fme sonras\u0131 Sacha Boey transferi i\u00e7in y\u00fcr\u00fct\u00fclen g\u00f6r\u00fc\u015fmeleri durdurdu\u011fu belirtildi.<\/p>\n\n\n\n<h3 class=\"wp-block-heading\">BAYERN \u0130LE PAZARLIK B\u0130TT\u0130<\/h3>\n\n\n\n<p class=\"wp-block-paragraph\">Galatasaray\u2019\u0131n Bayern M\u00fcnih ile devam eden bonservis pazarl\u0131\u011f\u0131n\u0131 tamamen sonland\u0131rd\u0131\u011f\u0131 ifade edildi.&nbsp;Y\u00f6netimin mevcut yabanc\u0131 kural\u0131 nedeniyle farkl\u0131 b\u00f6lgelere \u00f6ncelik verme karar\u0131 ald\u0131\u011f\u0131 aktar\u0131ld\u0131.<\/p>\n\n\n\n<h3 class=\"wp-block-heading\">TEK \u0130HT\u0130MAL KURAL DE\u011e\u0130\u015e\u0130KL\u0130\u011e\u0130<\/h3>\n\n\n\n<p class=\"wp-block-paragraph\">Haberde TFF\u2019nin ilerleyen s\u00fcre\u00e7te 10+4 kural\u0131nda revizyona gitmesi halinde Boey i\u00e7in yeniden kiralama ihtimalinin do\u011fabilece\u011fi belirtildi.&nbsp;Ancak mevcut \u015fartlarda Frans\u0131z futbolcuyla devam edilmeyece\u011fi \u00f6\u011frenildi.<\/p>\n\n\n\n<h3 class=\"wp-block-heading\">SEZONUN \u0130K\u0130NC\u0130 YARISINDA D\u00d6NM\u00dc\u015eT\u00dc<\/h3>\n\n\n\n<p class=\"wp-block-paragraph\">Sacha Boey, sezonun ikinci yar\u0131s\u0131nda Bayern M\u00fcnih\u2019ten 500 bin euro kiralama bedeliyle yeniden Galatasaray\u2019a d\u00f6nm\u00fc\u015ft\u00fc.&nbsp;25 ya\u015f\u0131ndaki sa\u011f bek sar\u0131-k\u0131rm\u0131z\u0131l\u0131 formayla ligde 11 ma\u00e7a \u00e7\u0131karken 1 gol kaydetti.<\/p>\n\n\n\n<h3 class=\"wp-block-heading\">BAYERN\u2019E REKOR BEDELLE G\u0130TM\u0130\u015eT\u0130<\/h3>\n\n\n\n<p class=\"wp-block-paragraph\">Galatasaray, Sacha Boey\u2019u ge\u00e7ti\u011fimiz d\u00f6nemde Bayern M\u00fcnih\u2019e 30 milyon euro bonservis bedeliyle g\u00f6ndermi\u015fti.&nbsp;Transfer kul\u00fcp tarihinin en y\u00fcksek sat\u0131\u015flar\u0131ndan biri olmu\u015ftu.<\/p>\n","protected":false},"excerpt":{"rendered":"<p>Galatasaray, TFF\u2019nin 10+4 yabanc\u0131 kural\u0131 sonras\u0131 Sacha Boey transferi i\u00e7in Bayern M\u00fcnih ile y\u00fcr\u00fct\u00fclen g\u00f6r\u00fc\u015fmeleri<\/p>\n","protected":false},"author":1,"featured_media":1891,"comment_status":"open","ping_status":"open","sticky":false,"template":"","format":"standard","meta":{"_rtcl_gb_attr":"","footnotes":""},"categories":[3],"tags":[],"class_list":["post-1890","post","type-post","status-publish","format-standard","has-post-thumbnail","hentry","category-spor"],"_links":{"self":[{"href":"https:\/\/turkiyemhaber.com\/index.php?rest_route=\/wp\/v2\/posts\/1890","targetHints":{"allow":["GET"]}}],"collection":[{"href":"https:\/\/turkiyemhaber.com\/index.php?rest_route=\/wp\/v2\/posts"}],"about":[{"href":"https:\/\/turkiyemhaber.com\/index.php?rest_route=\/wp\/v2\/types\/post"}],"author":[{"embeddable":true,"href":"https:\/\/turkiyemhaber.com\/index.php?rest_route=\/wp\/v2\/users\/1"}],"replies":[{"embeddable":true,"href":"https:\/\/turkiyemhaber.com\/index.php?rest_route=%2Fwp%2Fv2%2Fcomments&post=1890"}],"version-history":[{"count":1,"href":"https:\/\/turkiyemhaber.com\/index.php?rest_route=\/wp\/v2\/posts\/1890\/revisions"}],"predecessor-version":[{"id":1892,"href":"https:\/\/turkiyemhaber.com\/index.php?rest_route=\/wp\/v2\/posts\/1890\/revisions\/1892"}],"wp:featuredmedia":[{"embeddable":true,"href":"https:\/\/turkiyemhaber.com\/index.php?rest_route=\/wp\/v2\/media\/1891"}],"wp:attachment":[{"href":"https:\/\/turkiyemhaber.com\/index.php?rest_route=%2Fwp%2Fv2%2Fmedia&parent=1890"}],"wp:term":[{"taxonomy":"category","embeddable":true,"href":"https:\/\/turkiyemhaber.com\/index.php?rest_route=%2Fwp%2Fv2%2Fcategories&post=1890"},{"taxonomy":"post_tag","embeddable":true,"href":"https:\/\/turkiyemhaber.com\/index.php?rest_route=%2Fwp%2Fv2%2Ftags&post=1890"}],"curies":[{"name":"wp","href":"https:\/\/api.w.org\/{rel}","templated":true}]}}