{"id":1887,"date":"2026-05-22T07:26:00","date_gmt":"2026-05-22T07:26:00","guid":{"rendered":"https:\/\/turkiyemhaber.com\/?p=1887"},"modified":"2026-05-22T07:26:04","modified_gmt":"2026-05-22T07:26:04","slug":"mutlak-butlan-karari-dunya-basininda","status":"publish","type":"post","link":"https:\/\/turkiyemhaber.com\/?p=1887","title":{"rendered":"&#8216;Mutlak butlan&#8217; karar\u0131 d\u00fcnya bas\u0131n\u0131nda"},"content":{"rendered":"\n<p class=\"wp-block-paragraph\">D\u00fcnya bas\u0131n\u0131nda, CHP\u2019nin 38. Ola\u011fan Kurultay\u0131\u2019na ili\u015fkin \u2018mutlak butlan\u2019 karar\u0131 muhalefet a\u00e7\u0131s\u0131ndan kritik bir geli\u015fme olarak de\u011ferlendirilirken; haberlerde karar\u0131n CHP&#8217;deki siyasi belirsizlik, liderlik krizi ve T\u00fcrkiye&#8217;de erken se\u00e7im tart\u0131\u015fmalar\u0131n\u0131 yeniden g\u00fcndeme ta\u015f\u0131d\u0131\u011f\u0131 yorumlar\u0131na yer verildi.<\/p>\n\n\n\n<p class=\"wp-block-paragraph\">Ankara B\u00f6lge Adliye Mahkemesi 36. Hukuk Dairesi\u2019nin, CHP\u2019nin 4-5 Kas\u0131m 2023 tarihlerinde ger\u00e7ekle\u015ftirilen 38. Ola\u011fan Kurultay\u0131\u2019n\u0131n \u201cmutlak butlan\u201d ile sakatland\u0131\u011f\u0131na h\u00fckmetmesi d\u00fcnya bas\u0131n\u0131nda geni\u015f yank\u0131 uyand\u0131rd\u0131.<\/p>\n\n\n\n<p class=\"wp-block-paragraph\">Bloomberg, Reuters, AFP, Al-Monitor ve Euronews gibi uluslararas\u0131 medya kurulu\u015flar\u0131, karar\u0131 T\u00fcrkiye\u2019de muhalefetin gelece\u011fi a\u00e7\u0131s\u0131ndan kritik bir geli\u015fme olarak de\u011ferlendirirken; haberlerde siyasi belirsizlik ve olas\u0131 liderlik krizi tart\u0131\u015fmalar\u0131n\u0131n yeniden g\u00fcndeme geldi\u011fi yorumlar\u0131na yer verildi.<\/p>\n\n\n\n<h3 class=\"wp-block-heading\">OLASI L\u0130DERL\u0130K KR\u0130Z\u0130NE D\u0130KKAT \u00c7EK\u0130LD\u0130<\/h3>\n\n\n\n<p class=\"wp-block-paragraph\">ABD merkezli Bloomberg, &#8220;T\u00fcrkiye&#8217;de bir mahkeme, muhalefet lideri&nbsp;<a href=\"https:\/\/www.sondakika.com\/ozgur-ozel\/\">\u00d6zg\u00fcr \u00d6zel<\/a>&#8216;i g\u00f6revden ald\u0131; bu karar, Erdo\u011fan&#8217;\u0131n rakiplerine b\u00fcy\u00fck bir darbe vurdu&#8221; ba\u015fl\u0131kl\u0131 haberinde,&nbsp; T\u00fcrkiye\u2019de bir mahkemenin \u00d6zg\u00fcr \u00d6zel\u2019in CHP Genel Ba\u015fkanl\u0131\u011f\u0131\u2019n\u0131 ge\u00e7ersiz sayan karar\u0131n\u0131n, Cumhurba\u015fkan\u0131 Recep Tayyip Erdo\u011fan kar\u015f\u0131s\u0131ndaki muhalefet a\u00e7\u0131s\u0131ndan ciddi bir darbe olarak de\u011ferlendirildi\u011fini yazd\u0131.<\/p>\n\n\n\n<p class=\"wp-block-paragraph\">Haberde, mahkemenin CHP\u2019nin 2023 kurultay s\u00fcrecine ili\u015fkin usuls\u00fczl\u00fck iddialar\u0131n\u0131 kabul ederek \u201cmutlak butlan\u201d y\u00f6n\u00fcnde karar verdi\u011fi ve bunun \u00d6zel y\u00f6netiminin hukuki me\u015fruiyetini tart\u0131\u015fmal\u0131 hale getirdi\u011fi belirtildi. Karar\u0131n, eski CHP Genel Ba\u015fkan\u0131 Kemal K\u0131l\u0131\u00e7daro\u011flu\u2019nun yeniden partinin ba\u015f\u0131na d\u00f6nebilece\u011fi ihtimalini g\u00fcndeme ta\u015f\u0131d\u0131\u011f\u0131 ifade edildi.<\/p>\n\n\n\n<p class=\"wp-block-paragraph\">Haberde, CHP\u2019de ya\u015fanabilecek olas\u0131 liderlik krizinin muhalefetin erken se\u00e7im ve anayasa tart\u0131\u015fmalar\u0131ndaki pozisyonunu zay\u0131flatabilece\u011fi de\u011ferlendirmesinde bulundu.<\/p>\n\n\n\n<h3 class=\"wp-block-heading\">\u201cF\u0130NANS P\u0130YASALARINDA DA ETK\u0130L\u0130 OLAB\u0130L\u0130R\u201d<\/h3>\n\n\n\n<p class=\"wp-block-paragraph\">Reuters haber ajans\u0131 da mahkemenin CHP\u2019nin 38. Ola\u011fan Kurultay\u0131\u2019nda usuls\u00fczl\u00fck bulundu\u011funa h\u00fckmederek kongreyi iptal etti\u011fi, karar do\u011frultusunda eski CHP Genel Ba\u015fkan\u0131 Kemal K\u0131l\u0131\u00e7daro\u011flu\u2019nun yeniden partinin ba\u015f\u0131na d\u00f6nmesinin g\u00fcndeme geldi\u011fi belirtildi.<\/p>\n\n\n\n<p class=\"wp-block-paragraph\">CHP\u2019nin t\u00fcm su\u00e7lamalar\u0131 reddetti\u011fi ve s\u00fcreci \u201csiyasi ama\u00e7l\u0131 yarg\u0131 operasyonu\u201d olarak de\u011ferlendirdi\u011fi aktar\u0131l\u0131rken, h\u00fck\u00fcmet cephesinin ise T\u00fcrkiye\u2019de yarg\u0131n\u0131n ba\u011f\u0131ms\u0131z oldu\u011fu g\u00f6r\u00fc\u015f\u00fcn\u00fc savundu\u011fu belirtildi.<\/p>\n\n\n\n<p class=\"wp-block-paragraph\">Reuters, karar\u0131n yaln\u0131zca CHP i\u00e7inde de\u011fil finans piyasalar\u0131nda da etkili olabilece\u011fini, benzer dava s\u00fcre\u00e7lerinde T\u00fcrk liras\u0131 ve tahviller \u00fczerinde bask\u0131 olu\u015ftu\u011funu hat\u0131rlatt\u0131.<\/p>\n\n\n\n<h3 class=\"wp-block-heading\">YEREL SE\u00c7\u0130MLERE ATIF<\/h3>\n\n\n\n<p class=\"wp-block-paragraph\">Fransa merkezli haber ajans\u0131 Agence France-Presse (AFP) de haberinde, &#8220;Ankara\u2019daki bir mahkeme, \u00fclkenin ana muhalefet partisi CHP\u2019nin y\u00f6netimini g\u00f6revden uzakla\u015ft\u0131rd\u0131. CHP, 2024 yerel se\u00e7imlerinde Cumhurba\u015fkan\u0131 Recep Tayyip Erdo\u011fan\u2019\u0131n iktidardaki AK Parti\u2019sine kar\u015f\u0131 \u00f6nemli bir zafer elde etmi\u015fti&#8221; ifadelerini kulland\u0131.<\/p>\n\n\n\n<h3 class=\"wp-block-heading\">\u201cERKEN SE\u00c7\u0130M TARTI\u015eMALARINI ETK\u0130LEYEB\u0130L\u0130R\u201d<\/h3>\n\n\n\n<p class=\"wp-block-paragraph\">ABD merkezli Orta Do\u011fu haberleri ve makaleleriyle \u00f6ne \u00e7\u0131kan Al-Monitor de ise CHP\u2019li isimlerin karar\u0131 \u201csiyasi operasyon\u201d olarak nitelendirdi\u011fi aktar\u0131l\u0131rken, iktidar \u00e7evrelerinin ise s\u00fcrecin ba\u011f\u0131ms\u0131z yarg\u0131n\u0131n i\u015fi oldu\u011funu savundu\u011fu belirtildi.<\/p>\n\n\n\n<p class=\"wp-block-paragraph\">Haberde ayr\u0131ca, olas\u0131 bir liderlik krizinin muhalefetin Cumhurba\u015fkan\u0131 Recep Tayyip Erdo\u011fan kar\u015f\u0131s\u0131ndaki birlik g\u00f6r\u00fcnt\u00fcs\u00fcn\u00fc zedeleyebilece\u011fi ve erken se\u00e7im tart\u0131\u015fmalar\u0131n\u0131 etkileyebilece\u011fi yorumu yap\u0131ld\u0131.<\/p>\n\n\n\n<h3 class=\"wp-block-heading\">\u201cKARAR PART\u0130DE HUKUK\u0130 VE S\u0130YAS\u0130 KR\u0130Z TARTI\u015eMASI YARATTI\u201d<\/h3>\n\n\n\n<p class=\"wp-block-paragraph\">Avrupa merkezli yay\u0131n kurulu\u015fu Euronews de karar\u0131n parti y\u00f6netiminde ciddi bir hukuki ve siyasi kriz yaratt\u0131\u011f\u0131n\u0131 yazd\u0131.<\/p>\n\n\n\n<p class=\"wp-block-paragraph\">Haberde, \u00d6zg\u00fcr \u00d6zel ile mevcut y\u00f6netimin me\u015fruiyetinin tart\u0131\u015fmal\u0131 hale geldi\u011fi belirtildi. Euronews, \u201cmutlak butlan\u201d karar\u0131n\u0131n hukukta i\u015flemin ba\u015ftan itibaren hi\u00e7 yap\u0131lmam\u0131\u015f say\u0131lmas\u0131 anlam\u0131na geldi\u011fini aktar\u0131rken, eski CHP Genel Ba\u015fkan\u0131 Kemal K\u0131l\u0131\u00e7daro\u011flu\u2019nun yeniden g\u00f6reve d\u00f6nebilece\u011fine ili\u015fkin de\u011ferlendirmelerin yap\u0131ld\u0131\u011f\u0131n\u0131 kaydetti.<\/p>\n\n\n\n<p class=\"wp-block-paragraph\">Parti i\u00e7inde ola\u011fan\u00fcst\u00fc kurultay ve yeni y\u00f6netim senaryolar\u0131n\u0131n da g\u00fcndemde oldu\u011fu aktar\u0131ld\u0131.&nbsp;<\/p>\n","protected":false},"excerpt":{"rendered":"<p>D\u00fcnya bas\u0131n\u0131nda, CHP\u2019nin 38. Ola\u011fan Kurultay\u0131\u2019na ili\u015fkin \u2018mutlak butlan\u2019 karar\u0131 muhalefet a\u00e7\u0131s\u0131ndan kritik bir geli\u015fme<\/p>\n","protected":false},"author":1,"featured_media":1888,"comment_status":"open","ping_status":"open","sticky":false,"template":"","format":"standard","meta":{"_rtcl_gb_attr":"","footnotes":""},"categories":[44,43],"tags":[],"class_list":["post-1887","post","type-post","status-publish","format-standard","has-post-thumbnail","hentry","category-politika","category-son-dakika"],"_links":{"self":[{"href":"https:\/\/turkiyemhaber.com\/index.php?rest_route=\/wp\/v2\/posts\/1887","targetHints":{"allow":["GET"]}}],"collection":[{"href":"https:\/\/turkiyemhaber.com\/index.php?rest_route=\/wp\/v2\/posts"}],"about":[{"href":"https:\/\/turkiyemhaber.com\/index.php?rest_route=\/wp\/v2\/types\/post"}],"author":[{"embeddable":true,"href":"https:\/\/turkiyemhaber.com\/index.php?rest_route=\/wp\/v2\/users\/1"}],"replies":[{"embeddable":true,"href":"https:\/\/turkiyemhaber.com\/index.php?rest_route=%2Fwp%2Fv2%2Fcomments&post=1887"}],"version-history":[{"count":1,"href":"https:\/\/turkiyemhaber.com\/index.php?rest_route=\/wp\/v2\/posts\/1887\/revisions"}],"predecessor-version":[{"id":1889,"href":"https:\/\/turkiyemhaber.com\/index.php?rest_route=\/wp\/v2\/posts\/1887\/revisions\/1889"}],"wp:featuredmedia":[{"embeddable":true,"href":"https:\/\/turkiyemhaber.com\/index.php?rest_route=\/wp\/v2\/media\/1888"}],"wp:attachment":[{"href":"https:\/\/turkiyemhaber.com\/index.php?rest_route=%2Fwp%2Fv2%2Fmedia&parent=1887"}],"wp:term":[{"taxonomy":"category","embeddable":true,"href":"https:\/\/turkiyemhaber.com\/index.php?rest_route=%2Fwp%2Fv2%2Fcategories&post=1887"},{"taxonomy":"post_tag","embeddable":true,"href":"https:\/\/turkiyemhaber.com\/index.php?rest_route=%2Fwp%2Fv2%2Ftags&post=1887"}],"curies":[{"name":"wp","href":"https:\/\/api.w.org\/{rel}","templated":true}]}}