{"id":1884,"date":"2026-05-22T07:23:40","date_gmt":"2026-05-22T07:23:40","guid":{"rendered":"https:\/\/turkiyemhaber.com\/?p=1884"},"modified":"2026-05-22T07:23:44","modified_gmt":"2026-05-22T07:23:44","slug":"jorge-jesus-tek-eksik-fenerbahce-deyip-bombayi-patlatti","status":"publish","type":"post","link":"https:\/\/turkiyemhaber.com\/?p=1884","title":{"rendered":"Jorge Jesus &#8220;Tek eksik Fenerbah\u00e7e&#8221; deyip bombay\u0131 patlatt\u0131"},"content":{"rendered":"\n<p class=\"wp-block-paragraph\">Jorge Jesus, kariyerinde eksik kalan tek ba\u015far\u0131n\u0131n T\u00fcrkiye \u015fampiyonlu\u011fu oldu\u011funu s\u00f6yledi. Portekizli teknik adam\u0131n Fenerbah\u00e7e s\u00f6zleri \u00e7ok konu\u015fuldu.<\/p>\n\n\n\n<p class=\"wp-block-paragraph\">Ad\u0131 yeniden&nbsp;<a href=\"https:\/\/www.sondakika.com\/fenerbahce\/\">Fenerbah\u00e7e<\/a>&nbsp;ile an\u0131lan&nbsp;<a href=\"https:\/\/www.sondakika.com\/jorge-jesus\/\">Jorge Jesus<\/a>, yapt\u0131\u011f\u0131 a\u00e7\u0131klamalarla g\u00fcndem oldu. Deneyimli teknik adam\u0131n T\u00fcrkiye s\u00f6zleri sar\u0131-lacivertli taraftarlar\u0131 heyecanland\u0131rd\u0131.<\/p>\n\n\n\n<h3 class=\"wp-block-heading\">\u201cTEK EKS\u0130K T\u00dcRK\u0130YE \u015eAMP\u0130YONLU\u011eU\u201d<\/h3>\n\n\n\n<p class=\"wp-block-paragraph\">Portekiz bas\u0131n\u0131ndan Record\u2019a konu\u015fan Jorge Jesus, kariyerindeki ba\u015far\u0131lar\u0131 de\u011ferlendirirken Fenerbah\u00e7e hakk\u0131nda da dikkat \u00e7eken ifadeler kulland\u0131.<\/p>\n\n\n\n<p class=\"wp-block-paragraph\">Tecr\u00fcbeli teknik adam, &#8220;\u015eu ana kadar 4 \u00fclkede \u00e7al\u0131\u015ft\u0131m. Portekiz\u2019de \u00fc\u00e7 kez \u015fampiyon oldum, Suudi Arabistan\u2019da ikinci \u015fampiyonlu\u011fumu kazanabilirim ve Brezilya\u2019da da \u015fampiyon oldum. \u015eu an i\u00e7in geriye sadece T\u00fcrkiye\u2019de \u015fampiyonlu\u011fu kazanmak kald\u0131&#8221;&nbsp;dedi.<\/p>\n\n\n\n<h3 class=\"wp-block-heading\">FENERBAH\u00c7E DETAYI D\u0130KKAT \u00c7EKT\u0130<\/h3>\n\n\n\n<p class=\"wp-block-paragraph\">Jorge Jesus a\u00e7\u0131klamas\u0131n\u0131n devam\u0131nda Fenerbah\u00e7e d\u00f6nemine de de\u011findi.&nbsp;Portekizli \u00e7al\u0131\u015ft\u0131r\u0131c\u0131, &#8220;Fenerbah\u00e7e\u2019ye son 12 y\u0131lda kazand\u0131klar\u0131 en \u00f6nemli kupa olan T\u00fcrkiye Kupas\u0131\u2019n\u0131 kazand\u0131rd\u0131m&#8221; ifadelerini kulland\u0131.<\/p>\n\n\n\n<h3 class=\"wp-block-heading\">YEN\u0130DEN FENERBAH\u00c7E \u0130DD\u0130ASI<\/h3>\n\n\n\n<p class=\"wp-block-paragraph\">Suudi Arabistan ekibi Al-Nassr\u2019dan ayr\u0131lmaya haz\u0131rlanan Jorge Jesus\u2019un ad\u0131n\u0131n yeniden Fenerbah\u00e7e ile an\u0131lmas\u0131 dikkat \u00e7ekiyor.&nbsp;Sar\u0131-lacivertli kul\u00fcpte ba\u015fkanl\u0131k se\u00e7imi \u00f6ncesi teknik direkt\u00f6r konusunda bir\u00e7ok senaryo konu\u015fuluyor.<\/p>\n\n\n\n<h3 class=\"wp-block-heading\">FENERBAH\u00c7E PERFORMANSI<\/h3>\n\n\n\n<p class=\"wp-block-paragraph\">Jorge Jesus, 2022-2023 sezonunda Fenerbah\u00e7e\u2019nin ba\u015f\u0131nda g\u00f6rev yapt\u0131.&nbsp;Portekizli teknik adam sar\u0131-lacivertli tak\u0131m\u0131n ba\u015f\u0131nda \u00e7\u0131kt\u0131\u011f\u0131 53 ma\u00e7ta 2.23 puan ortalamas\u0131 yakalad\u0131.<\/p>\n\n\n\n<h3 class=\"wp-block-heading\">T\u00dcRK\u0130YE KUPASI\u2019NI KAZANDIRMI\u015eTI<\/h3>\n\n\n\n<p class=\"wp-block-paragraph\">Fenerbah\u00e7e, Jorge Jesus y\u00f6netiminde sezonu S\u00fcper Lig\u2019de ikinci s\u0131rada tamamlarken T\u00fcrkiye Kupas\u0131\u2019n\u0131 kazanm\u0131\u015ft\u0131.&nbsp;Deneyimli \u00e7al\u0131\u015ft\u0131r\u0131c\u0131n\u0131n \u00f6zellikle h\u00fccum futbolu taraftarlar\u0131n b\u00fcy\u00fck be\u011fenisini toplam\u0131\u015ft\u0131.<\/p>\n","protected":false},"excerpt":{"rendered":"<p>Jorge Jesus, kariyerinde eksik kalan tek ba\u015far\u0131n\u0131n T\u00fcrkiye \u015fampiyonlu\u011fu oldu\u011funu s\u00f6yledi. Portekizli teknik adam\u0131n Fenerbah\u00e7e<\/p>\n","protected":false},"author":1,"featured_media":1885,"comment_status":"open","ping_status":"open","sticky":false,"template":"","format":"standard","meta":{"_rtcl_gb_attr":"","footnotes":""},"categories":[3],"tags":[],"class_list":["post-1884","post","type-post","status-publish","format-standard","has-post-thumbnail","hentry","category-spor"],"_links":{"self":[{"href":"https:\/\/turkiyemhaber.com\/index.php?rest_route=\/wp\/v2\/posts\/1884","targetHints":{"allow":["GET"]}}],"collection":[{"href":"https:\/\/turkiyemhaber.com\/index.php?rest_route=\/wp\/v2\/posts"}],"about":[{"href":"https:\/\/turkiyemhaber.com\/index.php?rest_route=\/wp\/v2\/types\/post"}],"author":[{"embeddable":true,"href":"https:\/\/turkiyemhaber.com\/index.php?rest_route=\/wp\/v2\/users\/1"}],"replies":[{"embeddable":true,"href":"https:\/\/turkiyemhaber.com\/index.php?rest_route=%2Fwp%2Fv2%2Fcomments&post=1884"}],"version-history":[{"count":1,"href":"https:\/\/turkiyemhaber.com\/index.php?rest_route=\/wp\/v2\/posts\/1884\/revisions"}],"predecessor-version":[{"id":1886,"href":"https:\/\/turkiyemhaber.com\/index.php?rest_route=\/wp\/v2\/posts\/1884\/revisions\/1886"}],"wp:featuredmedia":[{"embeddable":true,"href":"https:\/\/turkiyemhaber.com\/index.php?rest_route=\/wp\/v2\/media\/1885"}],"wp:attachment":[{"href":"https:\/\/turkiyemhaber.com\/index.php?rest_route=%2Fwp%2Fv2%2Fmedia&parent=1884"}],"wp:term":[{"taxonomy":"category","embeddable":true,"href":"https:\/\/turkiyemhaber.com\/index.php?rest_route=%2Fwp%2Fv2%2Fcategories&post=1884"},{"taxonomy":"post_tag","embeddable":true,"href":"https:\/\/turkiyemhaber.com\/index.php?rest_route=%2Fwp%2Fv2%2Ftags&post=1884"}],"curies":[{"name":"wp","href":"https:\/\/api.w.org\/{rel}","templated":true}]}}