{"id":1881,"date":"2026-05-22T07:22:10","date_gmt":"2026-05-22T07:22:10","guid":{"rendered":"https:\/\/turkiyemhaber.com\/?p=1881"},"modified":"2026-05-22T07:22:14","modified_gmt":"2026-05-22T07:22:14","slug":"mutlak-butlan-karari-sonrasi-mansur-yavastan-partiye-secim-cagrisi","status":"publish","type":"post","link":"https:\/\/turkiyemhaber.com\/?p=1881","title":{"rendered":"Mutlak butlan karar\u0131 sonras\u0131 Mansur Yava\u015f&#8217;tan partiye se\u00e7im \u00e7a\u011fr\u0131s\u0131"},"content":{"rendered":"\n<p class=\"wp-block-paragraph\">CHP&#8217;nin 38. Ola\u011fan Kurultay\u0131 hakk\u0131nda verilen &#8216;mutlak butlan&#8217; karar\u0131na ili\u015fkin bir a\u00e7\u0131klamada bulunan Ankara B\u00fcy\u00fck\u015fehir Belediye Ba\u015fkan\u0131 Mansur Yava\u015f, &#8220;Yap\u0131lmas\u0131 gereken; gerilimi b\u00fcy\u00fctmek de\u011fil, akl\u0131selimle hareket ederek partinin kendi iradesiyle 1-2 ay i\u00e7erisinde kongre karar\u0131 alaca\u011f\u0131n\u0131 a\u00e7\u0131klamas\u0131 ve s\u00fcreci demokratik team\u00fcller i\u00e7erisinde i\u015fletmesidir&#8221; dedi.<\/p>\n\n\n\n<p class=\"wp-block-paragraph\">Ankara&nbsp;B\u00fcy\u00fck\u015fehir Belediyesi Ba\u015fkan\u0131&nbsp;&nbsp;<a href=\"https:\/\/www.sondakika.com\/mansur-yavas\/\">Mansur Yava\u015f<\/a>, Ankara B\u00f6lge Adliye Mahkemesi 36. Hukuk Dairesi&#8217;nin&nbsp;CHP&#8217;nin 38. Ola\u011fan Kurultay\u0131 hakk\u0131nda verdi\u011fi&nbsp;mutlak butlan&nbsp;karar\u0131na dair sosyal medya hesab\u0131ndan bir de\u011ferlendirmede bulundu.<\/p>\n\n\n\n<p class=\"wp-block-paragraph\">\u0130htiya\u00e7 duyulan\u0131n sadece CHP\u2019nin kendi i\u00e7inde kenetlenmesi olmad\u0131\u011f\u0131 ifade eden Yava\u015f, \u201cT\u00fcrkiye\u2019nin demokrasiye, hukuka ve millet iradesine inanan t\u00fcm muhalefet kesimlerinin ortak ak\u0131l ve ortak vicdanda bir araya gelmesidir&#8221; gerekti\u011fini s\u00f6yledi. Yava\u015f, yap\u0131lmas\u0131 gerekenin ise partinin kendi iradesiyle 1-2 ay i\u00e7erisinde kongre karar\u0131 alaca\u011f\u0131n\u0131 a\u00e7\u0131klamas\u0131 oldu\u011funu kaydetti.<\/p>\n\n\n\n<h3 class=\"wp-block-heading\">\u201cORTADA B\u0130R YARGI KARARI VARDIR VE HUKUK DEVLET\u0130NDE H\u0130\u00c7B\u0130R KARAR YOK SAYILMAZ\u201d<\/h3>\n\n\n\n<p class=\"wp-block-paragraph\">Yava\u015f, \u015fu ifadeleri kulland\u0131: &#8220;Cumhuriyet Halk Partimizle ilgili mutlak butlan karar\u0131 verilmi\u015f olmas\u0131; T\u00fcrkiye\u2019de hukukun, demokrasinin ve millet iradesinin nas\u0131l a\u011f\u0131r bir bask\u0131 alt\u0131nda b\u0131rak\u0131ld\u0131\u011f\u0131n\u0131n en a\u00e7\u0131k g\u00f6stergelerinden biridir.<\/p>\n\n\n\n<p class=\"wp-block-paragraph\">\u00dcstelik burada en dikkat \u00e7ekici ve en vahim noktalardan biri \u015fudur\u2026 Hen\u00fcz ceza davalar\u0131 sonu\u00e7lanmam\u0131\u015fken, mahkemenin fiilen \u201cse\u00e7ime hile kar\u0131\u015ft\u0131r\u0131ld\u0131\u011f\u0131\u201d y\u00f6n\u00fcnde bir kanaat ortaya koymas\u0131; ceza mahkemesinin yerine ge\u00e7erek h\u00fck\u00fcm tesis etmesi anlam\u0131na gelmektedir. Oysa hukuk devletinde hi\u00e7 kimse, hi\u00e7bir kurum; kesinle\u015fmemi\u015f bir yarg\u0131lama s\u00fcrecinin yerine ge\u00e7emez.<\/p>\n\n\n\n<p class=\"wp-block-paragraph\">Anayasa\u2019n\u0131n 79. maddesi a\u00e7\u0131kt\u0131r. Se\u00e7imlerin y\u00f6netimi ve denetimi Y\u00fcksek Se\u00e7im Kurulu\u2019nun yetkisindedir ve YSK kararlar\u0131 kesindir. Se\u00e7im s\u00fcre\u00e7lerinin y\u00f6netimi ve siyasi partilerin kongre iradesi konusunda yetkinin hangi kurumlarda oldu\u011fu anayasam\u0131zda da a\u00e7\u0131k\u00e7a belirtilmi\u015ftir. \u0130l ve il\u00e7e se\u00e7im kurullar\u0131n\u0131n g\u00f6rev ve yetkileri ortadayken bu s\u0131n\u0131rlar a\u015f\u0131lamaz.<\/p>\n\n\n\n<p class=\"wp-block-paragraph\">Elbette ortada bir yarg\u0131 karar\u0131 vard\u0131r ve hukuk devletinde hi\u00e7bir karar yok say\u0131lmaz. Ancak hukuki s\u00fcre\u00e7ler; siyasi partileri zay\u0131flatman\u0131n, b\u00f6lmenin ya da tasfiye etmenin arac\u0131 h\u00e2line de getirilemez.<\/p>\n\n\n\n<h3 class=\"wp-block-heading\">\u201cYAPILMASI GEREKEN PART\u0130N\u0130N KEND\u0130 \u0130RADES\u0130YLE 1-2 AY \u0130\u00c7ER\u0130S\u0130NDE KONGRE KARARI ALACA\u011eINI A\u00c7IKLAMASI\u201d<\/h3>\n\n\n\n<p class=\"wp-block-paragraph\">Ama\u00e7; Cumhuriyet Halk Partisi\u2019ni kendi i\u00e7inde tart\u0131\u015fmalar\u0131n i\u00e7ine \u00e7ekmek, birlik duygusunu zedelemek ve T\u00fcrkiye\u2019nin ana muhalefetini etkisiz h\u00e2le getirmektir. B\u00f6yle bir s\u00fcrecin T\u00fcrkiye\u2019ye hi\u00e7bir faydas\u0131 yoktur. Tam tersine bu tablo; toplumsal kutupla\u015fmay\u0131 derinle\u015ftirir, siyasete olan g\u00fcveni zay\u0131flat\u0131r ve yaln\u0131zca iktidar\u0131n ekme\u011fine ya\u011f s\u00fcrer.<\/p>\n\n\n\n<p class=\"wp-block-paragraph\">Bu nedenle yap\u0131lmas\u0131 gereken; gerilimi b\u00fcy\u00fctmek de\u011fil, akl\u0131selimle hareket ederek partinin kendi iradesiyle 1-2 ay i\u00e7erisinde kongre karar\u0131 alaca\u011f\u0131n\u0131 a\u00e7\u0131klamas\u0131 ve s\u00fcreci demokratik team\u00fcller i\u00e7erisinde i\u015fletmesidir.<\/p>\n\n\n\n<p class=\"wp-block-paragraph\">Bu s\u00fcreci birlik ve beraberlik i\u00e7erisinde, s\u00fck\u00fbnetle atlatmak; bize umudunu ba\u011flam\u0131\u015f milyonlarca insana kar\u015f\u0131 en b\u00fcy\u00fck sorumlulu\u011fumuzdur. Ben dahil bu sorumluluktan hi\u00e7birimiz ka\u00e7amay\u0131z.<\/p>\n\n\n\n<p class=\"wp-block-paragraph\">Bu s\u00fcre\u00e7te birlik ve beraberli\u011fimize zarar verecek tutum ve s\u00f6ylemlerden \u00f6zellikle ka\u00e7\u0131nmak gerekmektedir. Aksi takdirde bu kararlar\u0131 alanlar ve bu tart\u0131\u015fmalar\u0131 b\u00fcy\u00fctmek isteyenler ama\u00e7lar\u0131na ula\u015fm\u0131\u015f olacakt\u0131r.<\/p>\n\n\n\n<h3 class=\"wp-block-heading\">\u201cSE\u00c7\u0130M \u0130HT\u0130MAL\u0130NE\u201d D\u0130KKAT \u00c7EKT\u0130<\/h3>\n\n\n\n<p class=\"wp-block-paragraph\">T\u00fcrkiye\u2019nin i\u00e7inde bulundu\u011fu ekonomik ve toplumsal tablo ortadayken, iktidar\u0131n \u00f6n\u00fcm\u00fczdeki d\u00f6nemde bask\u0131n se\u00e7im dahil her t\u00fcrl\u00fc siyasi hamleyi g\u00fcndeme getirme ihtimalinin de olduk\u00e7a y\u00fcksek oldu\u011fu unutulmamal\u0131d\u0131r.<\/p>\n\n\n\n<p class=\"wp-block-paragraph\">Bug\u00fcn ihtiya\u00e7 duyulan \u015fey; sadece Cumhuriyet Halk Partisi\u2019nin kendi i\u00e7inde kenetlenmesi de\u011fildir. T\u00fcrkiye\u2019nin demokrasiye, hukuka ve millet iradesine inanan t\u00fcm muhalefet kesimlerinin ortak ak\u0131l ve ortak vicdanda bir araya gelmesidir.&#8221;<\/p>\n","protected":false},"excerpt":{"rendered":"<p>CHP&#8217;nin 38. Ola\u011fan Kurultay\u0131 hakk\u0131nda verilen &#8216;mutlak butlan&#8217; karar\u0131na ili\u015fkin bir a\u00e7\u0131klamada bulunan Ankara B\u00fcy\u00fck\u015fehir<\/p>\n","protected":false},"author":1,"featured_media":1882,"comment_status":"open","ping_status":"open","sticky":false,"template":"","format":"standard","meta":{"_rtcl_gb_attr":"","footnotes":""},"categories":[44,43],"tags":[],"class_list":["post-1881","post","type-post","status-publish","format-standard","has-post-thumbnail","hentry","category-politika","category-son-dakika"],"_links":{"self":[{"href":"https:\/\/turkiyemhaber.com\/index.php?rest_route=\/wp\/v2\/posts\/1881","targetHints":{"allow":["GET"]}}],"collection":[{"href":"https:\/\/turkiyemhaber.com\/index.php?rest_route=\/wp\/v2\/posts"}],"about":[{"href":"https:\/\/turkiyemhaber.com\/index.php?rest_route=\/wp\/v2\/types\/post"}],"author":[{"embeddable":true,"href":"https:\/\/turkiyemhaber.com\/index.php?rest_route=\/wp\/v2\/users\/1"}],"replies":[{"embeddable":true,"href":"https:\/\/turkiyemhaber.com\/index.php?rest_route=%2Fwp%2Fv2%2Fcomments&post=1881"}],"version-history":[{"count":1,"href":"https:\/\/turkiyemhaber.com\/index.php?rest_route=\/wp\/v2\/posts\/1881\/revisions"}],"predecessor-version":[{"id":1883,"href":"https:\/\/turkiyemhaber.com\/index.php?rest_route=\/wp\/v2\/posts\/1881\/revisions\/1883"}],"wp:featuredmedia":[{"embeddable":true,"href":"https:\/\/turkiyemhaber.com\/index.php?rest_route=\/wp\/v2\/media\/1882"}],"wp:attachment":[{"href":"https:\/\/turkiyemhaber.com\/index.php?rest_route=%2Fwp%2Fv2%2Fmedia&parent=1881"}],"wp:term":[{"taxonomy":"category","embeddable":true,"href":"https:\/\/turkiyemhaber.com\/index.php?rest_route=%2Fwp%2Fv2%2Fcategories&post=1881"},{"taxonomy":"post_tag","embeddable":true,"href":"https:\/\/turkiyemhaber.com\/index.php?rest_route=%2Fwp%2Fv2%2Ftags&post=1881"}],"curies":[{"name":"wp","href":"https:\/\/api.w.org\/{rel}","templated":true}]}}