{"id":1878,"date":"2026-05-22T07:20:39","date_gmt":"2026-05-22T07:20:39","guid":{"rendered":"https:\/\/turkiyemhaber.com\/?p=1878"},"modified":"2026-05-22T07:20:43","modified_gmt":"2026-05-22T07:20:43","slug":"gazeteci-sinan-burhandan-chpyi-sallayacak-iddialar-10-belediye-baskani-70-milletvekili-kilicdarogluna-destek-verecek","status":"publish","type":"post","link":"https:\/\/turkiyemhaber.com\/?p=1878","title":{"rendered":"Gazeteci Sinan Burhan&#8217;dan CHP&#8217;yi sallayacak iddialar: 10 belediye ba\u015fkan\u0131, 70 milletvekili K\u0131l\u0131\u00e7daro\u011flu&#8217;na destek verecek"},"content":{"rendered":"\n<p class=\"wp-block-paragraph\">Ankara 36. B\u00f6lge Adliye Mahkemesi&#8217;nin CHP kurultay\u0131n\u0131 iptal eden \u015fok karar\u0131n\u0131n ard\u0131ndan siyaset kazan\u0131 kaynarken, ilk somut iddialar gazeteci Sinan Burhan&#8217;dan geldi. Sosyal medya hesab\u0131ndan CHP kulislerini sarsacak bir yol haritas\u0131 payla\u015fan Burhan, \u00d6zg\u00fcr \u00d6zel y\u00f6netiminin ba\u015fta karara direnece\u011fini belirtti. Burhan, buna kar\u015f\u0131l\u0131k 2 b\u00fcy\u00fck\u015fehir belediye ba\u015fkan\u0131 ve 70 milletvekilinin Kemal K\u0131l\u0131\u00e7daro\u011flu\u2019nun saf\u0131na ge\u00e7mek i\u00e7in harekete ge\u00e7ti\u011fini iddia etti. Burhan, mutlak butlan tarihini de bilmi\u015fti.<\/p>\n\n\n\n<p class=\"wp-block-paragraph\">Ankara 36. B\u00f6lge Adliye Mahkemesi\u2019nin CHP\u2019nin 38. Ola\u011fan Kurultay\u0131 i\u00e7in verdi\u011fi &#8220;mutlak butlan&#8221; karar\u0131 siyaset g\u00fcndemine bomba gibi d\u00fc\u015ferken, gazeteci Sinan Burhan\u2019dan \u00e7ok konu\u015fulacak iddialar geldi. Mutlak butlan karar\u0131n\u0131n verilece\u011fi tarihi bilen Burhan, sosyal medya hesab\u0131 \u00fczerinden yapt\u0131\u011f\u0131 payla\u015f\u0131mla karar\u0131n ard\u0131ndan CHP kulislerinde ya\u015fanacak 3 kritik geli\u015fmeyi tek tek s\u0131ralad\u0131.<\/p>\n\n\n\n<h3 class=\"wp-block-heading\">&#8220;BU GECE 10 BELED\u0130YE BA\u015eKANI DESTEK A\u00c7IKLAYACAK&#8221;&nbsp;<\/h3>\n\n\n\n<p class=\"wp-block-paragraph\">Sinan Burhan\u2019\u0131n payla\u015ft\u0131\u011f\u0131 kulis bilgilerine g\u00f6re, mahkeme karar\u0131n\u0131n ard\u0131ndan Kemal K\u0131l\u0131\u00e7daro\u011flu\u2019na destek turlar\u0131 h\u0131zl\u0131 ba\u015flad\u0131. Burhan, bu gece 2 b\u00fcy\u00fck\u015fehir belediye ba\u015fkan\u0131 ile 8 il belediye ba\u015fkan\u0131n\u0131n bir araya gelerek K\u0131l\u0131\u00e7daro\u011flu\u2019na destek a\u00e7\u0131klamas\u0131 yapaca\u011f\u0131n\u0131 iddia etti.<\/p>\n\n\n\n<figure class=\"wp-block-image\"><img decoding=\"async\" src=\"https:\/\/foto.sondakika.com\/haber\/2026\/05\/21\/gazeteci-sinan-burhandan-chpyi-19869328-3726_1_m.jpg\" alt=\"Gazeteci Sinan Burhan'dan CHP'yi sallayacak iddialar: 10 belediye ba\u015fkan\u0131, 70 milletvekili K\u0131l\u0131\u00e7daro\u011flu'na destek verecek\"\/><\/figure>\n\n\n\n<h3 class=\"wp-block-heading\">\u0130DD\u0130A B\u00dcY\u00dcK: 70 M\u0130LLETVEK\u0130L\u0130 KILI\u00c7DARO\u011eLU&#8217;NUN YANINDA<\/h3>\n\n\n\n<p class=\"wp-block-paragraph\">Karar\u0131n partinin meclis grubuna yans\u0131mas\u0131na dair de \u00e7arp\u0131c\u0131 bir say\u0131 veren Burhan, 70 milletvekilinin Kemal K\u0131l\u0131\u00e7daro\u011flu\u2019nun yan\u0131nda yer alaca\u011f\u0131n\u0131 belirtti. Bu durum, parti i\u00e7indeki g\u00fc\u00e7 dengelerinin tamamen de\u011fi\u015febilece\u011fine i\u015faret etti.<\/p>\n\n\n\n<h3 class=\"wp-block-heading\">&#8220;\u00d6ZG\u00dcR \u00d6ZEL KARARI TANIMAYACAK AMA&#8230;&#8221;<\/h3>\n\n\n\n<p class=\"wp-block-paragraph\">Mevcut y\u00f6netim ile Kemal K\u0131l\u0131\u00e7daro\u011flu aras\u0131ndaki s\u00fcrece de de\u011finen gazeteci Sinan Burhan, krizin derinle\u015febilece\u011fini ancak K\u0131l\u0131\u00e7daro\u011flu&#8217;nun toparlay\u0131c\u0131 rol \u00fcstlenece\u011fini \u00f6ne s\u00fcrd\u00fc. Burhan payla\u015f\u0131m\u0131nda, &#8220;Sn.&nbsp;<a href=\"https:\/\/www.sondakika.com\/ozgur-ozel\/\">\u00d6zg\u00fcr \u00d6zel<\/a>&nbsp;ve ekibi bu karar\u0131 tan\u0131mayacaklar\u0131n\u0131 s\u00f6ylese de Kemal K\u0131l\u0131\u00e7daro\u011flu birli\u011fi sa\u011flayacak&#8221; ifadelerine yer verdi.<\/p>\n","protected":false},"excerpt":{"rendered":"<p>Ankara 36. B\u00f6lge Adliye Mahkemesi&#8217;nin CHP kurultay\u0131n\u0131 iptal eden \u015fok karar\u0131n\u0131n ard\u0131ndan siyaset kazan\u0131 kaynarken,<\/p>\n","protected":false},"author":1,"featured_media":1879,"comment_status":"open","ping_status":"open","sticky":false,"template":"","format":"standard","meta":{"_rtcl_gb_attr":"","footnotes":""},"categories":[44,43],"tags":[],"class_list":["post-1878","post","type-post","status-publish","format-standard","has-post-thumbnail","hentry","category-politika","category-son-dakika"],"_links":{"self":[{"href":"https:\/\/turkiyemhaber.com\/index.php?rest_route=\/wp\/v2\/posts\/1878","targetHints":{"allow":["GET"]}}],"collection":[{"href":"https:\/\/turkiyemhaber.com\/index.php?rest_route=\/wp\/v2\/posts"}],"about":[{"href":"https:\/\/turkiyemhaber.com\/index.php?rest_route=\/wp\/v2\/types\/post"}],"author":[{"embeddable":true,"href":"https:\/\/turkiyemhaber.com\/index.php?rest_route=\/wp\/v2\/users\/1"}],"replies":[{"embeddable":true,"href":"https:\/\/turkiyemhaber.com\/index.php?rest_route=%2Fwp%2Fv2%2Fcomments&post=1878"}],"version-history":[{"count":1,"href":"https:\/\/turkiyemhaber.com\/index.php?rest_route=\/wp\/v2\/posts\/1878\/revisions"}],"predecessor-version":[{"id":1880,"href":"https:\/\/turkiyemhaber.com\/index.php?rest_route=\/wp\/v2\/posts\/1878\/revisions\/1880"}],"wp:featuredmedia":[{"embeddable":true,"href":"https:\/\/turkiyemhaber.com\/index.php?rest_route=\/wp\/v2\/media\/1879"}],"wp:attachment":[{"href":"https:\/\/turkiyemhaber.com\/index.php?rest_route=%2Fwp%2Fv2%2Fmedia&parent=1878"}],"wp:term":[{"taxonomy":"category","embeddable":true,"href":"https:\/\/turkiyemhaber.com\/index.php?rest_route=%2Fwp%2Fv2%2Fcategories&post=1878"},{"taxonomy":"post_tag","embeddable":true,"href":"https:\/\/turkiyemhaber.com\/index.php?rest_route=%2Fwp%2Fv2%2Ftags&post=1878"}],"curies":[{"name":"wp","href":"https:\/\/api.w.org\/{rel}","templated":true}]}}