{"id":1875,"date":"2026-05-22T07:19:05","date_gmt":"2026-05-22T07:19:05","guid":{"rendered":"https:\/\/turkiyemhaber.com\/?p=1875"},"modified":"2026-05-22T07:19:12","modified_gmt":"2026-05-22T07:19:12","slug":"dem-partiden-mutlak-butlan-kararina-tepki-surece-olan-inancsizligi-buyutur","status":"publish","type":"post","link":"https:\/\/turkiyemhaber.com\/?p=1875","title":{"rendered":"DEM Parti&#8217;den mutlak butlan karar\u0131na tepki: S\u00fcrece olan inan\u00e7s\u0131zl\u0131\u011f\u0131 b\u00fcy\u00fct\u00fcr"},"content":{"rendered":"\n<p class=\"wp-block-paragraph\">DEM Parti, CHP&#8217;nin 38. Ola\u011fan Kurultay\u0131 hakk\u0131nda verilen &#8216;mutlak butlan&#8217; karar\u0131na, &#8220;Mutlak butlan karar\u0131 ancak Bar\u0131\u015f ve Demokratik Toplum S\u00fcrecine olan inan\u00e7s\u0131zl\u0131\u011f\u0131 b\u00fcy\u00fct\u00fcr. Toplumda kutupla\u015fmay\u0131 art\u0131ran, i\u00e7 bar\u0131\u015f\u0131 tahrip eden uygulamalar g\u00fcven bunal\u0131m\u0131n\u0131 art\u0131r\u0131r. Yasal d\u00fczenlemelerin e\u015fi\u011fine geldi\u011fimiz bug\u00fcnlerde al\u0131nan bu karar, Bar\u0131\u015f ve Demokratik Toplum S\u00fcrecini adeta g\u00f6lgelemeye d\u00f6n\u00fck bir ad\u0131md\u0131r&#8221; a\u00e7\u0131klamas\u0131yla tepki g\u00f6sterdi.<\/p>\n\n\n\n<p class=\"wp-block-paragraph\"><a href=\"https:\/\/www.sondakika.com\/dem-parti\/\">DEM Parti<\/a>&nbsp;Merkez Y\u00fcr\u00fctme Kurulu (MYK), Ankara B\u00f6lge Adliye Mahkemesi 36. Hukuk Dairesi&#8217;nin CHP\u2019nin 38. Ola\u011fan Kurultay\u0131&#8217;n\u0131 iptal karar\u0131na tepki g\u00f6sterdi.&nbsp;<\/p>\n\n\n\n<h3 class=\"wp-block-heading\">&#8220;DEMOKRAS\u0130 VE HUKUKTAN YANAYIZ&#8221;&nbsp;<\/h3>\n\n\n\n<p class=\"wp-block-paragraph\">Partiden konuya ili\u015fkin yap\u0131lan yaz\u0131l\u0131 a\u00e7\u0131klamada \u015fu ifadelere yer verildi:&nbsp;&#8220;CHP\u2019ye mutlak butlan karar\u0131, hukuk ve adaletle ba\u011fda\u015fmayan, siyaseti yarg\u0131 eliyle dizayn etmek isteyen bir siyasi bask\u0131 operasyonunun ve anlay\u0131\u015f\u0131n\u0131n par\u00e7as\u0131d\u0131r. DEM Parti olarak ge\u00e7mi\u015fte oldu\u011fu gibi bug\u00fcn de demokrasi ve hukuktan yanay\u0131z. Onlarca y\u0131ll\u0131k m\u00fccadelemizin temel ve ilkesel d\u00fcsturu, demokratik siyasete d\u00f6n\u00fck sald\u0131r\u0131lara kar\u015f\u0131 halk iradesinin yan\u0131nda olmakt\u0131r.<\/p>\n\n\n\n<h3 class=\"wp-block-heading\">&#8220;MUTLAK BUTLAN KARARI BARI\u015e VE DEMOKRAT\u0130K TOPLUM S\u00dcREC\u0130NE OLAN \u0130NAN\u00c7SIZLI\u011eI B\u00dcY\u00dcT\u00dcR&#8221;<\/h3>\n\n\n\n<p class=\"wp-block-paragraph\">Toplumsal bar\u0131\u015f\u0131 sa\u011flama \u00e7abalar\u0131n\u0131n yo\u011funla\u015ft\u0131\u011f\u0131 bu tarihsel d\u00f6nemde, devleti ve Cumhuriyeti ger\u00e7ek anlamda demokrasiyle bulu\u015fturman\u0131n yollar\u0131 m\u00fcmk\u00fcnken, mutlak butlan karar\u0131 ancak Bar\u0131\u015f ve Demokratik Toplum S\u00fcrecine olan inan\u00e7s\u0131zl\u0131\u011f\u0131 b\u00fcy\u00fct\u00fcr. Toplumda kutupla\u015fmay\u0131 art\u0131ran, i\u00e7 bar\u0131\u015f\u0131 tahrip eden uygulamalar g\u00fcven bunal\u0131m\u0131n\u0131 art\u0131r\u0131r. Yasal d\u00fczenlemelerin e\u015fi\u011fine geldi\u011fimiz bug\u00fcnlerde al\u0131nan bu karar, Bar\u0131\u015f ve Demokratik Toplum S\u00fcrecini adeta g\u00f6lgelemeye d\u00f6n\u00fck bir ad\u0131md\u0131r. Mesele, T\u00fcrkiye\u2019nin demokrasi meselesidir. Bu hukuk ve adalet d\u0131\u015f\u0131 uygulamalara derhal son verilmelidir. DEM Parti olarak; bu \u00fclkede demokrasiyle soluklanabilece\u011fine inanan, adalete \u00f6zlem duyan, demokratik de\u011ferler i\u00e7in m\u00fccadele eden milyonlarca yurtta\u015f\u0131m\u0131zla bir araday\u0131z, yan yanay\u0131z.&#8221;<\/p>\n\n\n\n<figure class=\"wp-block-image\"><img decoding=\"async\" src=\"https:\/\/foto.sondakika.com\/haber\/2026\/05\/21\/dem-partiden-mutlak-butlan-kar-19869343-7342_1_m.jpg\" alt=\"DEM Parti'den mutlak butlan karar\u0131na tepki: S\u00fcrece olan inan\u00e7s\u0131zl\u0131\u011f\u0131 b\u00fcy\u00fct\u00fcr\"\/><\/figure>\n\n\n\n<p class=\"wp-block-paragraph\"><\/p>\n","protected":false},"excerpt":{"rendered":"<p>DEM Parti, CHP&#8217;nin 38. Ola\u011fan Kurultay\u0131 hakk\u0131nda verilen &#8216;mutlak butlan&#8217; karar\u0131na, &#8220;Mutlak butlan karar\u0131 ancak<\/p>\n","protected":false},"author":1,"featured_media":1876,"comment_status":"open","ping_status":"open","sticky":false,"template":"","format":"standard","meta":{"_rtcl_gb_attr":"","footnotes":""},"categories":[44,43],"tags":[],"class_list":["post-1875","post","type-post","status-publish","format-standard","has-post-thumbnail","hentry","category-politika","category-son-dakika"],"_links":{"self":[{"href":"https:\/\/turkiyemhaber.com\/index.php?rest_route=\/wp\/v2\/posts\/1875","targetHints":{"allow":["GET"]}}],"collection":[{"href":"https:\/\/turkiyemhaber.com\/index.php?rest_route=\/wp\/v2\/posts"}],"about":[{"href":"https:\/\/turkiyemhaber.com\/index.php?rest_route=\/wp\/v2\/types\/post"}],"author":[{"embeddable":true,"href":"https:\/\/turkiyemhaber.com\/index.php?rest_route=\/wp\/v2\/users\/1"}],"replies":[{"embeddable":true,"href":"https:\/\/turkiyemhaber.com\/index.php?rest_route=%2Fwp%2Fv2%2Fcomments&post=1875"}],"version-history":[{"count":1,"href":"https:\/\/turkiyemhaber.com\/index.php?rest_route=\/wp\/v2\/posts\/1875\/revisions"}],"predecessor-version":[{"id":1877,"href":"https:\/\/turkiyemhaber.com\/index.php?rest_route=\/wp\/v2\/posts\/1875\/revisions\/1877"}],"wp:featuredmedia":[{"embeddable":true,"href":"https:\/\/turkiyemhaber.com\/index.php?rest_route=\/wp\/v2\/media\/1876"}],"wp:attachment":[{"href":"https:\/\/turkiyemhaber.com\/index.php?rest_route=%2Fwp%2Fv2%2Fmedia&parent=1875"}],"wp:term":[{"taxonomy":"category","embeddable":true,"href":"https:\/\/turkiyemhaber.com\/index.php?rest_route=%2Fwp%2Fv2%2Fcategories&post=1875"},{"taxonomy":"post_tag","embeddable":true,"href":"https:\/\/turkiyemhaber.com\/index.php?rest_route=%2Fwp%2Fv2%2Ftags&post=1875"}],"curies":[{"name":"wp","href":"https:\/\/api.w.org\/{rel}","templated":true}]}}