{"id":1869,"date":"2026-05-22T07:12:57","date_gmt":"2026-05-22T07:12:57","guid":{"rendered":"https:\/\/turkiyemhaber.com\/?p=1869"},"modified":"2026-05-22T07:13:01","modified_gmt":"2026-05-22T07:13:01","slug":"ozel-chp-genel-merkezi-onunde-toplanan-kalabaliga-seslendi-hicbir-yere-gitmiyorum","status":"publish","type":"post","link":"https:\/\/turkiyemhaber.com\/?p=1869","title":{"rendered":"\u00d6zel, CHP Genel Merkezi \u00f6n\u00fcnde toplanan kalabal\u0131\u011fa seslendi: Hi\u00e7bir yere gitmiyorum"},"content":{"rendered":"\n<p class=\"wp-block-paragraph\">CHP&#8217;nin 38. Ola\u011fan Kurultay\u0131 hakk\u0131nda verilen &#8216;mutlak butlan&#8217; karar\u0131 ile birlikte tedbiren g\u00f6revinden uzakla\u015ft\u0131r\u0131lan \u00d6zg\u00fcr \u00d6zel, Genel Merkez binas\u0131 \u00f6n\u00fcnde toplanan kalabal\u0131\u011fa seslendi. \u00d6zel, konu\u015fmas\u0131n\u0131n bir b\u00f6l\u00fcm\u00fcnde eliyle Genel Merkez binas\u0131n\u0131 i\u015faret ederek, \u201c\u015eu andan itibaren, tehlike ortadan kalkana kadar, CHP&#8217;yi kimin y\u00f6netece\u011fine, AK Parti\u2019nin yarg\u0131 kollar\u0131 de\u011fil, yeniden Cumhuriyet Halk Partililer karar verene kadar bu binaday\u0131m, odamday\u0131m, hi\u00e7bir yere gitmiyorum\u201d dedi.<\/p>\n\n\n\n<p class=\"wp-block-paragraph\">Ankara B\u00f6lge Adliye Mahkemesi 36. Hukuk Dairesi,&nbsp;CHP&nbsp;kurultay davas\u0131nda mevcut Genel Ba\u015fkan \u00d6zg\u00fcr \u00d6zel&nbsp;ile parti y\u00f6netiminin tedbiren g\u00f6revden uzakla\u015ft\u0131r\u0131lmas\u0131na, eski Genel Ba\u015fkan Kemal K\u0131l\u0131\u00e7daro\u011flu&nbsp;ile y\u00f6netiminin g\u00f6revi devralmas\u0131na karar verdi.<\/p>\n\n\n\n<h3 class=\"wp-block-heading\">\u201cBU B\u0130NADAYIM, ODAMDAYIM, H\u0130\u00c7B\u0130R YERE G\u0130TM\u0130YORUM\u201d<\/h3>\n\n\n\n<p class=\"wp-block-paragraph\">Karar\u0131n ard\u0131ndan Merkez Y\u00fcr\u00fctme Kurulu\u2019nu (MYK) ola\u011fan\u00fcst\u00fc toplayan \u00d6zg\u00fcr \u00d6zel, g\u00f6r\u00fc\u015fmenin sona ermesinin ard\u0131ndan ise ilk olarak Genel Merkez\u2019de bir bas\u0131n a\u00e7\u0131klamas\u0131 yapt\u0131, sonra da parti binas\u0131 \u00f6n\u00fcnde toplanan kalabal\u0131\u011fa seslendi.<\/p>\n\n\n\n<p class=\"wp-block-paragraph\">\u00d6zel\u2019in buradaki konu\u015fmas\u0131n\u0131n. Eliyle Genel Merkez binas\u0131n\u0131 i\u015faret eden \u00d6zel, \u201c\u015eu andan itibaren, tehlike ortadan kalkana kadar, CHP&#8217;yi kimin y\u00f6netece\u011fine, AK Parti\u2019nin yarg\u0131 kollar\u0131 de\u011fil, yeniden Cumhuriyet Halk Partililer karar verene kadar bu binaday\u0131m, odamday\u0131m, hi\u00e7bir yere gitmiyorum\u201d dedi.&nbsp;<\/p>\n\n\n\n<h3 class=\"wp-block-heading\">&#8220;BUNLAR B\u0130R TEK S\u0130ZDEN, MEYDANLARDAN KORKARLAR&#8221;<\/h3>\n\n\n\n<p class=\"wp-block-paragraph\">\u00d6zel&#8217;in a\u00e7\u0131klamalar\u0131 \u015fu \u015fekilde: &#8220;\u2018Cumhuriyet Halk Partisi kuruldu\u011fu g\u00fcn gibi T\u00fcrkiye\u2019nin birinci partisi\u2019 demi\u015ftim. \u0130\u015fte arkada\u015flar, i\u015fte dostlar, oy verenler &#8211; vermeyenler, i\u015fte mesele budur. G\u00fcya su\u00e7umuz budur. Su\u00e7umuz kazanmak, su\u00e7umuz 47 y\u0131l sonra birinci parti olmak, su\u00e7umuz AK Parti\u2019yi yenmek, su\u00e7umuz onu d\u00f6rt sefer yenen birini Cumhurba\u015fkan\u0131 aday\u0131 g\u00f6stermektir. \u015eimdi birileri bu binan\u0131n \u0131\u015f\u0131klar\u0131 bundan sonra yap\u0131lacak ilk se\u00e7imde erkenden kapans\u0131n diye, Cumhuriyet Halk Partisi yeniden kaybetti\u011fi y\u0131llar\u0131na d\u00f6ns\u00fcn diye, CHP iktidar olmas\u0131n ve AK Parti\u2019nin kara d\u00fczeni s\u00fcrs\u00fcn diye bug\u00fcn Atat\u00fcrk\u2019\u00fcn kurdu\u011fu partiye darbe giri\u015fimi ya\u015fanm\u0131\u015ft\u0131r. Biz bu darbecileri 19 Mart 2024\u2019ten tan\u0131r\u0131z. Bu darbeciler yarg\u0131 g\u00fcc\u00fcyle gelirler. Bu darbeciler tankla, topla, t\u00fcfekle, kamuflajla de\u011fil; bu darbeciler hakim c\u00fcbbeleriyle, savc\u0131 c\u00fcbbeleriyle gelirler. Bu darbeciler ne haktan, ne hukuktan, ne vicdandan, ne al\u0131nterinden, ne kul hakk\u0131ndan anlarlar. Bu derbiler Sara\u00e7hane\u2019de nas\u0131l sizi g\u00f6rd\u00fclerse ve geri ad\u0131m att\u0131larsa bunlar bir tek sizden, meydanlardan korkarlar. Bug\u00fcn burada baba oca\u011f\u0131n\u0131n bah\u00e7esinde hep birlikte ayaktay\u0131z. 81 il ayaktad\u0131r. T\u00fcm il\u00e7elerimiz ayaktad\u0131r. Buradan b\u00fcy\u00fck bir memnuniyetle ifade ediyorum ki bug\u00fcn biz ayaktay\u0131z, darbecilerin dizleri titremektedir. Buradan soruyorum, size soruyorum ve T\u00fcrkiye\u2019ye sesleniyorum. Bu darbe giri\u015fimini geri p\u00fcsk\u00fcrtmeye haz\u0131r m\u0131s\u0131n\u0131z? Var m\u0131s\u0131n\u0131z? \u0130\u015fte bu kararl\u0131l\u0131\u011f\u0131 T\u00fcrkiye\u2019de yoksulluk bitsin, sefalet bitsin, a\u00e7l\u0131k bitsin, i\u015fsizlik bitsin, bu iktidar gitsin isteyen herkes; \u2018Beni kimin y\u00f6netece\u011fine ben karar vereyim\u2019 diyen herkesi m\u00fccadeleye, direni\u015fe ve meydanlara davet ediyorum.<\/p>\n\n\n\n<h3 class=\"wp-block-heading\">&#8220;BUG\u00dcN DEMOKRAS\u0130YE SAH\u0130P \u00c7IKILIYOR&#8221;<\/h3>\n\n\n\n<p class=\"wp-block-paragraph\">Bug\u00fcn Ekrem Ba\u015fkan\u0131m\u0131z hepinizin takip etti\u011fi kararl\u0131l\u0131kla, dostlukla, sevecenlikle i\u00e7inde bulundu\u011fumuz duruma tepkisini g\u00f6sterdi. Bug\u00fcn program\u0131ndan dolay\u0131 \u015fu anda Londra\u2019da olan ancak be\u015f g\u00fcnl\u00fck program\u0131n\u0131 kesip ilk vas\u0131tayla T\u00fcrkiye\u2019ye, Ankara\u2019ya ula\u015fmak isteyen Mansur Yava\u015f Ba\u015fkan\u2019\u0131n dayan\u0131\u015fma duygular\u0131n\u0131 iletiyorum. B\u00fct\u00fcn muhalefet partileri, b\u00fct\u00fcn programlar\u0131n\u0131 iptal eden, MYK\u2019lar\u0131n\u0131 toplayan ya da yar\u0131n toplayacak olan, dayan\u0131\u015fma duygular\u0131n\u0131 ileten Cumhuriyet Halk Partisi\u2019ne de\u011fil; hepimizin varl\u0131\u011f\u0131n\u0131 bor\u00e7lu oldu\u011fumuz demokrasiye sahip \u00e7\u0131kan istisnas\u0131z b\u00fct\u00fcn muhalefet partilerine ve Genel Ba\u015fkanlar\u0131na y\u00fcrekten te\u015fekk\u00fcr ediyorum. \u0130lk a\u00e7\u0131klamay\u0131 yapan \u015eanl\u0131urfa Barosu\u2019na ve pe\u015fi s\u0131ra a\u00e7\u0131klamalar\u0131yla Cumhuriyet Halk Partisi\u2019nin yarg\u0131 eliyle dizayn edilme \u00e7al\u0131\u015fmalar\u0131na kar\u015f\u0131 dimdik bir duru\u015f g\u00f6steren t\u00fcm barolara y\u00fcrekten te\u015fekk\u00fcr ediyorum. Temsilcileri burada olan ya da olmayan, ayr\u0131 ayr\u0131 a\u00e7\u0131klamalar\u0131yla ama hep ayn\u0131 kararl\u0131 vurguyla direni\u015fimize destek vaat eden t\u00fcm sendikalara, t\u00fcm meslek odalar\u0131na, t\u00fcm birliklere ve t\u00fcm sivil toplum \u00f6rg\u00fctlerine y\u00fcrekten te\u015fekk\u00fcr ediyorum.<\/p>\n\n\n\n<h3 class=\"wp-block-heading\">&#8220;HIRSLARI Y\u00dcZ\u00dcNDEN M\u0130LLET\u0130N EKME\u011e\u0130YLE OYNUYORLAR&#8221;<\/h3>\n\n\n\n<p class=\"wp-block-paragraph\">Bug\u00fcn son yar\u0131m saatte, karardan yar\u0131m saat sonra 10 milyar dolar rezervin yak\u0131lmas\u0131na sebep olan bu karar, borsay\u0131 y\u00fczde 8 d\u00fc\u015f\u00fcren bu karar yar\u0131n T\u00fcrkiye ekonomisine bir kara g\u00fcn\u00fc ya\u015fatacak. Bundan \u00fcz\u00fcnt\u00fc duyuyoruz. Endi\u015fe duyuyoruz. Ancak bundan duydu\u011fumuz endi\u015fe, bug\u00fcne dair de\u011fildir. Ge\u00e7en sene 19 Mart\u2019ta bu hatay\u0131 yapanlar, toplamda 60 milyar dolar rezerv yapanlar, b\u00fct\u00fcn d\u00fcnyan\u0131n tek haneli rakamlara indirdi\u011fi enflasyonu azd\u0131rd\u0131lar. O y\u00fczden insanlar tarihin en y\u00fcksek enflasyonlar\u0131ndan biriyle bo\u011fu\u015fuyorlar. D\u00fcnya enflasyonu yendi. D\u00fcnyada enflasyon y\u00fczde 2-3-4. Ama T\u00fcrkiye\u2019de y\u00fczde 32. T\u00fcrkiye enflasyonda Avrupa birincisi. B\u00fct\u00fcn d\u00fcnyada d\u00fcnya be\u015fincisi. Bizim d\u0131\u015f\u0131m\u0131zda bizden y\u00fcksek enflasyonu olanlar; bombalanan, bombard\u0131man alt\u0131ndaki \u0130ran, i\u00e7 sava\u015ftaki Sudan, y\u0131llar\u0131n enflasyon problemlisi Arjantin. Bunun d\u0131\u015f\u0131nda bizden y\u00fcksek enflasyonu olan \u00fclke yok. T\u00fcrkiye\u2019nin bir ayl\u0131k enflasyonu, 100 \u00fclkenin bir y\u0131ll\u0131k enflasyonundan fazla. Bunlar\u0131n hepsi bu sorumsuzluktan oluyor. Yani bu darbeler, bu borsay\u0131 d\u00fc\u015f\u00fcrmeler, bu rezerv yakmalar, g\u00fcvenli\u011fimizi sa\u011flayan oradaki polis arkada\u015f\u0131n maa\u015f\u0131n\u0131 eritiyor, emeklinin maa\u015f\u0131n\u0131 eritiyor, asgari \u00fccretlinin al\u0131m g\u00fcc\u00fcn\u00fc d\u00fc\u015f\u00fcr\u00fcyor. Art\u0131k kendi h\u0131rslar\u0131 i\u00e7in bu milletin ekme\u011fiyle oynayanlar\u0131n bu milletten gerekli cevab\u0131 almas\u0131 laz\u0131m. Bu hadsiz darbecilere hadlerini bildirecek miyiz?<\/p>\n\n\n\n<h3 class=\"wp-block-heading\">&#8220;AK PART\u0130\u2019N\u0130N YARGI KOLLARI DE\u011e\u0130L, CHP\u2019L\u0130LER KARAR VER\u0130R&#8221;<\/h3>\n\n\n\n<p class=\"wp-block-paragraph\">De\u011ferli dostlar, elbette \u00f6rg\u00fctlerimiz gerekli planlamay\u0131 yapt\u0131. Baba oca\u011f\u0131na sahip \u00e7\u0131kmak i\u00e7in n\u00f6betteyiz, direni\u015fteyiz. Buradan b\u00fct\u00fcn T\u00fcrkiye\u2019ye ve d\u00fcnyaya ilan ediyorum ki bug\u00fcn \u015fu andan itibaren tehlike ortadan kalkana kadar ve yeniden Cumhuriyet Halk Partisi\u2019ni kimin y\u00f6netece\u011fini AK Parti\u2019nin yarg\u0131 kollar\u0131 de\u011fil, Cumhuriyet Halk Partililer karar verene kadar bu binaday\u0131m, odamday\u0131m, hi\u00e7bir yere gitmiyorum. Bu bir m\u00fccadeledir. Ancak bu ne \u00d6zg\u00fcr \u00d6zel\u2018in ki\u015fisel m\u00fccadelesidir, ne benim arkamda y\u00fcz\u00fc size d\u00f6n\u00fck, de\u011fi\u015fimin mimarlar\u0131n\u0131n kendi ki\u015fisel ikbal m\u00fccadeleleridir. Biz, bize teklif edilen rahat, konforlu, ebedi muhalefet koltuklar\u0131n\u0131 reddediyoruz. \u0130ktidar olma azmi ile majestelerinin muhalefeti olmay\u0131 reddediyoruz. Saray\u0131n muhalefeti olmad\u0131k, olmayaca\u011f\u0131z. Partiye de\u011fil, \u00fclkenin gelece\u011fine sahip \u00e7\u0131kmaya haz\u0131r m\u0131y\u0131z? Bir b\u00fcy\u00fck zaferi, bir b\u00fcy\u00fck destan\u0131 benimle birlikte yazmaya var m\u0131s\u0131n\u0131z? Buradan sesimin ula\u015ft\u0131\u011f\u0131, sesime kulak veren s\u00f6z\u00fcme k\u0131ymet veren herkese sesleniyorum. G\u00fcn bug\u00fcnd\u00fcr, d\u00f6nem bu d\u00f6nemdir. \u00d6n\u00fcm\u00fczdeki s\u00fcre\u00e7, gelece\u011fi hep beraber kurtaraca\u011f\u0131m\u0131z, sonra bu b\u00fcy\u00fck hikayeyi birlikte yazmakla k\u0131van\u00e7 duyaca\u011f\u0131m\u0131z, \u00e7ocuklar\u0131m\u0131za, torunlar\u0131m\u0131za b\u0131rakaca\u011f\u0131m\u0131z en b\u00fcy\u00fck miras\u0131 hep birlikte ya\u015fayaca\u011f\u0131m\u0131z g\u00fcnlerdeyiz. \u00c7a\u011fr\u0131ld\u0131\u011f\u0131n\u0131zda gelin, m\u00fccadeleye omuz verin, meydanlar\u0131 terk etmeyin. Onlar bir tek meydanlardan korkarlar. Var m\u0131s\u0131n\u0131z? Var m\u0131s\u0131n\u0131z? Buradan bu meydanlar\u0131, Sara\u00e7hane\u2019deki kalabal\u0131klar\u0131, 19 Mart\u2019taki kalabal\u0131klar\u0131 a\u015fa a\u015fa, \u00e7o\u011fala \u00e7o\u011fala, b\u00fcy\u00fcye b\u00fcy\u00fcye, ne zaman darbeci geri ad\u0131m atacak o zamana kadar meydan meydan b\u00fcy\u00fcmeye var m\u0131s\u0131n\u0131z?<\/p>\n\n\n\n<h3 class=\"wp-block-heading\">&#8220;GEREK\u0130RSE HAYATI DURDURACA\u011eIZ&#8221;<\/h3>\n\n\n\n<p class=\"wp-block-paragraph\">De\u011ferli dostlar, gen\u00e7ler sesleniyor. \u2018Genel grev, genel direni\u015f\u2019 diye. Bunu hep birlikte ba\u015farmak i\u00e7in bizim \u00f6nce \u00e7ok olmam\u0131z, birlikte olmam\u0131z, sesimizi y\u00fckseltmemiz, e\u011fer bu kalabal\u0131klardan anlam\u0131yorlarsa gerekirse hayat\u0131 durdurmam\u0131z ama m\u00fccadele etmemiz gerekiyor. Var m\u0131s\u0131n\u0131z? Buradan uyar\u0131yorum. Ana muhalefet partisi Genel Ba\u015fkan\u0131 olarak de\u011fil, muhalefetin her bir bile\u015fenini, \u00fcyesine, say\u0131s\u0131na, oyuna bakmadan k\u0131ymetli g\u00f6rerek ve ortak gelecek i\u00e7in birle\u015fik m\u00fccadeleyi \u00f6nemseyerek. En sa\u011f\u0131ndan en soluna kadar ama halk i\u00e7in, millet i\u00e7in m\u00fccadele eden herkesi kucaklayarak kimseye a\u011fabeylik, patronluk taslamadan omuz omuza bir m\u00fccadele i\u00e7in burada birlikteyiz. Ve \u015funu ifade ediyorum. Meydanlar\u0131n g\u00fcc\u00fcn\u00fc g\u00f6receksiniz, sessiz \u00e7o\u011funlu\u011fun sesini duyacaks\u0131n\u0131z. Gerekirse hayat\u0131 durduraca\u011f\u0131z. Gerekirse t\u00fcketimden gelen g\u00fcc\u00fcm\u00fcz\u00fc kullanaca\u011f\u0131z. Ama teslim olmayaca\u011f\u0131z. Buradan sonra olacak hi\u00e7bir \u015feyin sorumlusu ben de\u011filim. Sorumlusu bu darbecilerdir. Tek kural, tek istek, hakl\u0131yken haks\u0131z \u00e7\u0131kmamakt\u0131r. Onun i\u00e7in g\u00fcvenlik g\u00fc\u00e7lerine kar\u015f\u0131 ya da \u00e7evredeki herkese kar\u015f\u0131 sayg\u0131m\u0131z\u0131, sevgimizi koruyarak ama kanunsuz emirlere, haks\u0131z bariyerlere, \u00f6n\u00fcm\u00fcze \u00e7\u0131kan engellere de asla tak\u0131lmayarak y\u00fcr\u00fcyece\u011fiz. Buradan uyar\u0131yorum. \u015eimdi baba evinin \u00f6n\u00fcndeyiz, \u015fimdi 81 ilde illerin \u00f6n\u00fcndeyiz. Buradan demokratik tepkimizi g\u00f6steriyoruz. Ancak bu darbe geri \u00e7ekilmezse, haddini bilmezse, bu milletin kar\u015f\u0131s\u0131na olmad\u0131k \u015fekilde dikilirse vallahi de billahi de durmayaca\u011f\u0131z, nereye y\u00fcr\u00fcmemiz gerekiyorsa oraya y\u00fcr\u00fcyece\u011fiz. Bug\u00fcn burada hep birlikteyiz. Hep birlikte \u015funu biliyoruz. Kurtulu\u015f yok tek ba\u015f\u0131na, ya hep beraber ya hi\u00e7birimiz.<\/p>\n\n\n\n<h3 class=\"wp-block-heading\">&#8220;MEYDANLARI TERK ETMEYECE\u011e\u0130Z&#8221;<\/h3>\n\n\n\n<p class=\"wp-block-paragraph\">T\u00fcm dostlara, emek ve dayan\u0131\u015fma g\u00fc\u00e7lerine, karde\u015f partilere, sendikalara, t\u00fcm meslek kurulu\u015flar\u0131na te\u015fekk\u00fcr ediyoruz. \u015eimdi n\u00f6bet\u00e7iler, g\u00f6revlendirilenler d\u0131\u015f\u0131ndaki misafirleri selametle evlerine yolluyoruz. Ancak yar\u0131n m\u00fccadele i\u00e7in, direni\u015f i\u00e7in, tarihe ge\u00e7mek i\u00e7in \u00e7a\u011fr\u0131ld\u0131\u011f\u0131n\u0131zda gelmeye haz\u0131r m\u0131s\u0131n\u0131z? Meydanlar\u0131 b\u0131rakmamaya haz\u0131r m\u0131s\u0131n\u0131z? Meydandan anlamazlarsa, y\u00fcr\u00fcy\u00fc\u015fe ge\u00e7meye haz\u0131r m\u0131s\u0131n\u0131z? O zaman \u015fimdi gidin yat\u0131n, onlar d\u00fc\u015f\u00fcns\u00fcn. Hepinizi seviyorum. \u0130yi ki vars\u0131n\u0131z. Birlikte y\u00fcr\u00fcyecek miyiz? Birlikte y\u00fcr\u00fcyecek miyiz? Hadi o zaman y\u00fcr\u00fcyelim arkada\u015flar.&#8221;<\/p>\n","protected":false},"excerpt":{"rendered":"<p>CHP&#8217;nin 38. Ola\u011fan Kurultay\u0131 hakk\u0131nda verilen &#8216;mutlak butlan&#8217; karar\u0131 ile birlikte tedbiren g\u00f6revinden uzakla\u015ft\u0131r\u0131lan \u00d6zg\u00fcr<\/p>\n","protected":false},"author":1,"featured_media":1864,"comment_status":"open","ping_status":"open","sticky":false,"template":"","format":"standard","meta":{"_rtcl_gb_attr":"","footnotes":""},"categories":[44,43],"tags":[],"class_list":["post-1869","post","type-post","status-publish","format-standard","has-post-thumbnail","hentry","category-politika","category-son-dakika"],"_links":{"self":[{"href":"https:\/\/turkiyemhaber.com\/index.php?rest_route=\/wp\/v2\/posts\/1869","targetHints":{"allow":["GET"]}}],"collection":[{"href":"https:\/\/turkiyemhaber.com\/index.php?rest_route=\/wp\/v2\/posts"}],"about":[{"href":"https:\/\/turkiyemhaber.com\/index.php?rest_route=\/wp\/v2\/types\/post"}],"author":[{"embeddable":true,"href":"https:\/\/turkiyemhaber.com\/index.php?rest_route=\/wp\/v2\/users\/1"}],"replies":[{"embeddable":true,"href":"https:\/\/turkiyemhaber.com\/index.php?rest_route=%2Fwp%2Fv2%2Fcomments&post=1869"}],"version-history":[{"count":1,"href":"https:\/\/turkiyemhaber.com\/index.php?rest_route=\/wp\/v2\/posts\/1869\/revisions"}],"predecessor-version":[{"id":1870,"href":"https:\/\/turkiyemhaber.com\/index.php?rest_route=\/wp\/v2\/posts\/1869\/revisions\/1870"}],"wp:featuredmedia":[{"embeddable":true,"href":"https:\/\/turkiyemhaber.com\/index.php?rest_route=\/wp\/v2\/media\/1864"}],"wp:attachment":[{"href":"https:\/\/turkiyemhaber.com\/index.php?rest_route=%2Fwp%2Fv2%2Fmedia&parent=1869"}],"wp:term":[{"taxonomy":"category","embeddable":true,"href":"https:\/\/turkiyemhaber.com\/index.php?rest_route=%2Fwp%2Fv2%2Fcategories&post=1869"},{"taxonomy":"post_tag","embeddable":true,"href":"https:\/\/turkiyemhaber.com\/index.php?rest_route=%2Fwp%2Fv2%2Ftags&post=1869"}],"curies":[{"name":"wp","href":"https:\/\/api.w.org\/{rel}","templated":true}]}}