{"id":1866,"date":"2026-05-22T07:06:14","date_gmt":"2026-05-22T07:06:14","guid":{"rendered":"https:\/\/turkiyemhaber.com\/?p=1866"},"modified":"2026-05-22T07:06:18","modified_gmt":"2026-05-22T07:06:18","slug":"sampiyon-yapti-takimdan-ayrildi-jesustan-ortaligi-yikan-fenerbahce-sozleri","status":"publish","type":"post","link":"https:\/\/turkiyemhaber.com\/?p=1866","title":{"rendered":"\u015eampiyon yapt\u0131, tak\u0131mdan ayr\u0131ld\u0131! Jesus&#8217;tan ortal\u0131\u011f\u0131 y\u0131kan Fenerbah\u00e7e s\u00f6zleri"},"content":{"rendered":"\n<p class=\"wp-block-paragraph\">Al Nassr\u2019dan ayr\u0131lan Jorge Jesus, Fenerbah\u00e7e i\u00e7in \u201cHen\u00fcz bitmemi\u015f bir hikayem var\u201d dedi. Portekizli teknik adam ayr\u0131ca T\u00fcrkiye\u2019den ba\u015fka bir b\u00fcy\u00fck kul\u00fcb\u00fcn daha kendisiyle ilgilendi\u011fini a\u00e7\u0131klad\u0131.<\/p>\n\n\n\n<p class=\"wp-block-paragraph\">Al Nassr\u2019dan ayr\u0131ld\u0131\u011f\u0131n\u0131 a\u00e7\u0131klayan&nbsp;<a href=\"https:\/\/www.sondakika.com\/jorge-jesus\/\">Jorge Jesus<\/a>,&nbsp;<a href=\"https:\/\/www.sondakika.com\/fenerbahce\/\">Fenerbah\u00e7e<\/a>&nbsp;hakk\u0131nda yapt\u0131\u011f\u0131 s\u00f6zlerle g\u00fcndemi sallad\u0131. Portekizli teknik adam\u0131n a\u00e7\u0131klamalar\u0131 sar\u0131-lacivertli taraftarlar\u0131 yeniden heyecanland\u0131rd\u0131.<\/p>\n\n\n\n<h3 class=\"wp-block-heading\">\u201cAL NASSR\u2019DAK\u0130 SON MA\u00c7IMDI\u201d<\/h3>\n\n\n\n<p class=\"wp-block-paragraph\">Suudi Arabistan Pro Ligi\u2019nde \u015fampiyonluk ya\u015fayan Jorge Jesus, Damac ma\u00e7\u0131n\u0131n ard\u0131ndan gelece\u011fiyle ilgili konu\u015ftu. Deneyimli teknik adam, \u201cAl Nassr\u2019daki son ma\u00e7\u0131md\u0131. Ayr\u0131l\u0131yorum\u201d ifadelerini kulland\u0131.<\/p>\n\n\n\n<h3 class=\"wp-block-heading\">FENERBAH\u00c7E S\u00d6ZLER\u0130 G\u00dcNDEM OLDU<\/h3>\n\n\n\n<p class=\"wp-block-paragraph\">71 ya\u015f\u0131ndaki teknik adam\u0131n Fenerbah\u00e7e hakk\u0131nda yapt\u0131\u011f\u0131 a\u00e7\u0131klamalar b\u00fcy\u00fck ses getirdi. Jorge Jesus, \u201c\u015eampiyon olamad\u0131\u011f\u0131m ama kupa kazand\u0131\u011f\u0131m tek yer Fenerbah\u00e7e oldu. Belki de Fenerbah\u00e7e\u2019de hen\u00fcz bitmemi\u015f, tamamlanmas\u0131 gereken bir hikayem var\u201d dedi.<\/p>\n\n\n\n<h3 class=\"wp-block-heading\">\u201cFENERBAH\u00c7E TARAFTARI HAYAL KURAB\u0130L\u0130R\u201d<\/h3>\n\n\n\n<p class=\"wp-block-paragraph\">Portekizli \u00e7al\u0131\u015ft\u0131r\u0131c\u0131ya Fenerbah\u00e7e\u2019ye d\u00f6n\u00fc\u015f ihtimali de soruldu. Jesus, \u201cFenerbah\u00e7e taraftar\u0131 hayal kurabilir mi?\u201d sorusuna, \u201cKurabilirler. Zaten ilgilenen bir taraf var\u201d yan\u0131t\u0131n\u0131 verdi.<\/p>\n\n\n\n<h3 class=\"wp-block-heading\">S\u00dcRPR\u0130Z T\u00dcRK TAKIMI DETAYI<\/h3>\n\n\n\n<p class=\"wp-block-paragraph\">Jorge Jesus ayr\u0131ca Fenerbah\u00e7e d\u0131\u015f\u0131nda ba\u015fka bir T\u00fcrk kul\u00fcb\u00fcn\u00fcn daha kendisiyle ilgilendi\u011fini a\u00e7\u0131klad\u0131. Tecr\u00fcbeli teknik adam, \u201cT\u00fcrkiye\u2019de \u00fc\u00e7 b\u00fcy\u00fck tak\u0131m var: Fenerbah\u00e7e, Galatasaray ve Be\u015fikta\u015f. Bu \u00fc\u00e7\u00fcnden ikisi ilgilendi\u201d s\u00f6zleriyle dikkat \u00e7ekti. Jesus, ikinci kul\u00fcb\u00fcn ad\u0131n\u0131 ise a\u00e7\u0131klamad\u0131.<\/p>\n\n\n\n<h3 class=\"wp-block-heading\">\u201cT\u00dcRK\u0130YE\u2019DE ADIMI HAYKIRIYORLARDI\u201d<\/h3>\n\n\n\n<p class=\"wp-block-paragraph\">Portekizli teknik adam T\u00fcrkiye\u2019de g\u00f6rd\u00fc\u011f\u00fc ilgiyi de unutamad\u0131\u011f\u0131n\u0131 s\u00f6yledi. Jesus, \u201cT\u00fcrkiye\u2019de stadyum benim ad\u0131m\u0131 hayk\u0131r\u0131yordu. Bug\u00fcn burada da ayn\u0131s\u0131n\u0131 g\u00f6rd\u00fcler\u201d ifadelerini kulland\u0131.<\/p>\n\n\n\n<h3 class=\"wp-block-heading\">BENFICA \u0130DD\u0130ALARINI YALANLADI<\/h3>\n\n\n\n<p class=\"wp-block-paragraph\">\u00d6te yandan Jorge Jesus, Benfica\u2019ya geri d\u00f6nece\u011fi y\u00f6n\u00fcndeki iddialar\u0131 da net \u015fekilde yalanlad\u0131. Deneyimli \u00e7al\u0131\u015ft\u0131r\u0131c\u0131, \u201cBenfica\u2019ya d\u00f6n\u00fc\u015f\u00fcm s\u00f6z konusu bile de\u011fil\u201d dedi.<\/p>\n\n\n\n<h3 class=\"wp-block-heading\">FENERBAH\u00c7E KARNES\u0130<\/h3>\n\n\n\n<p class=\"wp-block-paragraph\">Jorge Jesus, 2022-2023 sezonunda Fenerbah\u00e7e\u2019nin ba\u015f\u0131nda g\u00f6rev yapm\u0131\u015ft\u0131. Sar\u0131-lacivertli ekipte 53 ma\u00e7a \u00e7\u0131kan Portekizli teknik adam, 2.23 puan ortalamas\u0131 yakalam\u0131\u015f ve T\u00fcrkiye Kupas\u0131\u2019n\u0131 kazanm\u0131\u015ft\u0131.<\/p>\n","protected":false},"excerpt":{"rendered":"<p>Al Nassr\u2019dan ayr\u0131lan Jorge Jesus, Fenerbah\u00e7e i\u00e7in \u201cHen\u00fcz bitmemi\u015f bir hikayem var\u201d dedi. Portekizli teknik<\/p>\n","protected":false},"author":1,"featured_media":1867,"comment_status":"open","ping_status":"open","sticky":false,"template":"","format":"standard","meta":{"_rtcl_gb_attr":"","footnotes":""},"categories":[3],"tags":[],"class_list":["post-1866","post","type-post","status-publish","format-standard","has-post-thumbnail","hentry","category-spor"],"_links":{"self":[{"href":"https:\/\/turkiyemhaber.com\/index.php?rest_route=\/wp\/v2\/posts\/1866","targetHints":{"allow":["GET"]}}],"collection":[{"href":"https:\/\/turkiyemhaber.com\/index.php?rest_route=\/wp\/v2\/posts"}],"about":[{"href":"https:\/\/turkiyemhaber.com\/index.php?rest_route=\/wp\/v2\/types\/post"}],"author":[{"embeddable":true,"href":"https:\/\/turkiyemhaber.com\/index.php?rest_route=\/wp\/v2\/users\/1"}],"replies":[{"embeddable":true,"href":"https:\/\/turkiyemhaber.com\/index.php?rest_route=%2Fwp%2Fv2%2Fcomments&post=1866"}],"version-history":[{"count":1,"href":"https:\/\/turkiyemhaber.com\/index.php?rest_route=\/wp\/v2\/posts\/1866\/revisions"}],"predecessor-version":[{"id":1868,"href":"https:\/\/turkiyemhaber.com\/index.php?rest_route=\/wp\/v2\/posts\/1866\/revisions\/1868"}],"wp:featuredmedia":[{"embeddable":true,"href":"https:\/\/turkiyemhaber.com\/index.php?rest_route=\/wp\/v2\/media\/1867"}],"wp:attachment":[{"href":"https:\/\/turkiyemhaber.com\/index.php?rest_route=%2Fwp%2Fv2%2Fmedia&parent=1866"}],"wp:term":[{"taxonomy":"category","embeddable":true,"href":"https:\/\/turkiyemhaber.com\/index.php?rest_route=%2Fwp%2Fv2%2Fcategories&post=1866"},{"taxonomy":"post_tag","embeddable":true,"href":"https:\/\/turkiyemhaber.com\/index.php?rest_route=%2Fwp%2Fv2%2Ftags&post=1866"}],"curies":[{"name":"wp","href":"https:\/\/api.w.org\/{rel}","templated":true}]}}