{"id":1863,"date":"2026-05-21T17:41:24","date_gmt":"2026-05-21T17:41:24","guid":{"rendered":"https:\/\/turkiyemhaber.com\/?p=1863"},"modified":"2026-05-21T17:41:28","modified_gmt":"2026-05-21T17:41:28","slug":"mutlak-butlan-karari-sonrasi-ozgur-ozelden-ilk-sozler","status":"publish","type":"post","link":"https:\/\/turkiyemhaber.com\/?p=1863","title":{"rendered":"Mutlak butlan karar\u0131 sonras\u0131 \u00d6zg\u00fcr \u00d6zel&#8217;den ilk s\u00f6zler"},"content":{"rendered":"\n<p class=\"wp-block-paragraph\">Mutlak butlan karar\u0131 sonras\u0131 ne diyece\u011fi merak konusu olan \u00d6zg\u00fcr \u00d6zel, &#8220;Ben size iktidara g\u00fcl bah\u00e7esinden ge\u00e7erek gitmeyi vadetmiyorum. Ben size ac\u0131ya katlanmay\u0131 ama teslim olmamay\u0131 vadediyorum. Ben size onur, haysiyet, cesaret ve m\u00fccadele vadediyorum&#8221; \u015feklinde bir a\u00e7\u0131klama yapt\u0131.<\/p>\n\n\n\n<p class=\"wp-block-paragraph\">CHP&#8217;de 4-5 Kas\u0131m 2023 tarihinde yap\u0131lan ve&nbsp;&nbsp;&nbsp;<a href=\"https:\/\/www.sondakika.com\/ozgur-ozel\/\">\u00d6zg\u00fcr \u00d6zel<\/a>&#8216;in genel ba\u015fkan se\u00e7ildi\u011fi 38&#8217;inci Ola\u011fan Kurultay\u0131&#8217;na ili\u015fkin a\u00e7\u0131lan davadan \u2018mutlak butlan\u2019 karar\u0131 \u00e7\u0131kt\u0131.<\/p>\n\n\n\n<h3 class=\"wp-block-heading\">Y\u00d6NET\u0130M\u0130 KILI\u00c7DARO\u011eLU DEVRALACAK<\/h3>\n\n\n\n<p class=\"wp-block-paragraph\">Ankara B\u00f6lge Adliye Mahkemesi 36. Hukuk Dairesi, \u00d6zg\u00fcr \u00d6zel ile parti y\u00f6netiminin tedbiren g\u00f6revden uzakla\u015ft\u0131r\u0131lmalar\u0131na ve eski CHP Genel Ba\u015fkan\u0131&nbsp;<a href=\"https:\/\/www.sondakika.com\/kemal-kilicdaroglu\/\">Kemal K\u0131l\u0131\u00e7daro\u011flu<\/a>&nbsp;ile y\u00f6netiminin g\u00f6revi devralmas\u0131na h\u00fckmetti.<\/p>\n\n\n\n<h3 class=\"wp-block-heading\">\u00d6ZEL&#8217;DEN KARAR SONRASI \u0130LK MESAJ<\/h3>\n\n\n\n<p class=\"wp-block-paragraph\">CHP Genel Ba\u015fkan\u0131 \u00d6zg\u00fcr \u00d6zel, karar\u0131n ard\u0131ndan sosyal medya hesab\u0131ndan, 39. Ola\u011fan Kurultay&#8217;da yapt\u0131\u011f\u0131 konu\u015fmas\u0131n\u0131n bir b\u00f6l\u00fcm\u00fcn\u00fc payla\u015ft\u0131.&nbsp;\u00d6zel&#8217;in payla\u015f\u0131m\u0131nda, &#8220;Ben size iktidara g\u00fcl bah\u00e7esinden ge\u00e7erek gitmeyi vadetmiyorum. Ben size ac\u0131ya katlanmay\u0131 ama teslim olmamay\u0131 vadediyorum. Ben size onur, haysiyet, cesaret ve m\u00fccadele vadediyorum&#8221; ifadeleri yer ald\u0131.&nbsp;<\/p>\n\n\n\n<p class=\"wp-block-paragraph\"><strong>\u00d6zel&#8217;in payla\u015f\u0131m\u0131 \u015fu \u015fekilde;<\/strong><\/p>\n\n\n\n<figure class=\"wp-block-image\"><img decoding=\"async\" src=\"https:\/\/foto.sondakika.com\/haber\/2026\/05\/21\/mutlak-butlan-karari-sonrasi-o-19869043-9411_1_m.jpg\" alt=\"Mutlak butlan karar\u0131 sonras\u0131 \u00d6zg\u00fcr \u00d6zel'den ilk s\u00f6zler\"\/><\/figure>\n","protected":false},"excerpt":{"rendered":"<p>Mutlak butlan karar\u0131 sonras\u0131 ne diyece\u011fi merak konusu olan \u00d6zg\u00fcr \u00d6zel, &#8220;Ben size iktidara g\u00fcl<\/p>\n","protected":false},"author":1,"featured_media":1864,"comment_status":"open","ping_status":"open","sticky":false,"template":"","format":"standard","meta":{"_rtcl_gb_attr":"","footnotes":""},"categories":[44],"tags":[],"class_list":["post-1863","post","type-post","status-publish","format-standard","has-post-thumbnail","hentry","category-politika"],"_links":{"self":[{"href":"https:\/\/turkiyemhaber.com\/index.php?rest_route=\/wp\/v2\/posts\/1863","targetHints":{"allow":["GET"]}}],"collection":[{"href":"https:\/\/turkiyemhaber.com\/index.php?rest_route=\/wp\/v2\/posts"}],"about":[{"href":"https:\/\/turkiyemhaber.com\/index.php?rest_route=\/wp\/v2\/types\/post"}],"author":[{"embeddable":true,"href":"https:\/\/turkiyemhaber.com\/index.php?rest_route=\/wp\/v2\/users\/1"}],"replies":[{"embeddable":true,"href":"https:\/\/turkiyemhaber.com\/index.php?rest_route=%2Fwp%2Fv2%2Fcomments&post=1863"}],"version-history":[{"count":1,"href":"https:\/\/turkiyemhaber.com\/index.php?rest_route=\/wp\/v2\/posts\/1863\/revisions"}],"predecessor-version":[{"id":1865,"href":"https:\/\/turkiyemhaber.com\/index.php?rest_route=\/wp\/v2\/posts\/1863\/revisions\/1865"}],"wp:featuredmedia":[{"embeddable":true,"href":"https:\/\/turkiyemhaber.com\/index.php?rest_route=\/wp\/v2\/media\/1864"}],"wp:attachment":[{"href":"https:\/\/turkiyemhaber.com\/index.php?rest_route=%2Fwp%2Fv2%2Fmedia&parent=1863"}],"wp:term":[{"taxonomy":"category","embeddable":true,"href":"https:\/\/turkiyemhaber.com\/index.php?rest_route=%2Fwp%2Fv2%2Fcategories&post=1863"},{"taxonomy":"post_tag","embeddable":true,"href":"https:\/\/turkiyemhaber.com\/index.php?rest_route=%2Fwp%2Fv2%2Ftags&post=1863"}],"curies":[{"name":"wp","href":"https:\/\/api.w.org\/{rel}","templated":true}]}}