{"id":1858,"date":"2026-05-21T17:28:13","date_gmt":"2026-05-21T17:28:13","guid":{"rendered":"https:\/\/turkiyemhaber.com\/?p=1858"},"modified":"2026-05-21T17:28:17","modified_gmt":"2026-05-21T17:28:17","slug":"chp-bolu-il-baskani-karagozden-karar-sonrasi-ilk-aciklama-gorevimizin-basindayiz","status":"publish","type":"post","link":"https:\/\/turkiyemhaber.com\/?p=1858","title":{"rendered":"CHP Bolu \u0130l Ba\u015fkan\u0131 Karag\u00f6z\u2019den karar sonras\u0131 ilk a\u00e7\u0131klama: g\u00f6revimizin ba\u015f\u0131nday\u0131z"},"content":{"rendered":"\n<p class=\"wp-block-paragraph\">Ankara B\u00f6lge Adliye Mahkemesi, CHP&#8217;nin 38. Ola\u011fan Kurultay\u0131&#8217;n\u0131 iptal etmesinin ard\u0131ndan CHP Bolu \u0130l Ba\u015fkan\u0131 Tahsin Mert Karag\u00f6z, \u00f6rg\u00fct olarak g\u00f6revlerinin ba\u015f\u0131nda olduklar\u0131n\u0131 vurgulayarak t\u00fcm partilileri ve se\u00e7menleri il ve il\u00e7e ba\u015fkanl\u0131klar\u0131na sahip \u00e7\u0131kmaya davet etti.<\/p>\n\n\n\n<p class=\"wp-block-paragraph\">Ankara B\u00f6lge Adliye Mahkemesi\u2019nin CHP\u2019nin 38. Ola\u011fan Kurultay\u0131\u2019n\u0131 iptal etmesi ve \u00d6zg\u00fcr \u00d6zel y\u00f6netimini g\u00f6revden uzakla\u015ft\u0131rmas\u0131n\u0131n ard\u0131ndan Bolu\u2019dan ilk resmi a\u00e7\u0131klama geldi.&nbsp;<\/p>\n\n\n\n<p class=\"wp-block-paragraph\">CHP Bolu \u0130l Ba\u015fkan\u0131 Tahsin Mert Karag\u00f6z, \u00f6rg\u00fct olarak g\u00f6revlerinin ba\u015f\u0131nda olduklar\u0131n\u0131 vurgulayarak t\u00fcm partilileri ve se\u00e7menleri il ve il\u00e7e ba\u015fkanl\u0131klar\u0131na sahip \u00e7\u0131kmaya davet etti.<\/p>\n\n\n\n<p class=\"wp-block-paragraph\">Yarg\u0131n\u0131n &#8220;mutlak butlan&#8221; karar\u0131yla ana muhalefet partisinde ta\u015flar\u0131 yerinden oynatan s\u00fcrecin ard\u0131ndan yerel \u00f6rg\u00fctler de harekete ge\u00e7ti.&nbsp;<\/p>\n\n\n\n<p class=\"wp-block-paragraph\">Kemal K\u0131l\u0131\u00e7daro\u011flu ve eski parti organlar\u0131n\u0131n g\u00f6reve iadesinin \u00f6n\u00fcn\u00fc a\u00e7an bu tarihi geli\u015fme sonras\u0131, Bolu cephesinden birlik ve kararl\u0131l\u0131k mesaj\u0131 verildi.&#8221;<\/p>\n\n\n\n<p class=\"wp-block-paragraph\">\u00d6rg\u00fct\u00fcm\u00fcz T\u00fcm Kadrolar\u0131yla G\u00f6revinin Ba\u015f\u0131nda<\/p>\n\n\n\n<p class=\"wp-block-paragraph\">Mahkemenin \u015fok karar\u0131 sonras\u0131nda kameralar kar\u015f\u0131s\u0131na ge\u00e7en CHP Bolu \u0130l Ba\u015fkan\u0131 Tahsin Mert Karag\u00f6z, parti i\u00e7i ileti\u015fimin kesintisiz s\u00fcrd\u00fc\u011f\u00fcn\u00fc belirterek \u00f6rg\u00fct\u00fcn da\u011f\u0131lmad\u0131\u011f\u0131n\u0131n alt\u0131n\u0131 \u00e7izdi.&nbsp;<\/p>\n\n\n\n<p class=\"wp-block-paragraph\">Karag\u00f6z, yapt\u0131\u011f\u0131 a\u00e7\u0131klamada \u015fu ifadeleri kulland\u0131:\u201cGenel merkezimizle ileti\u015fimimiz devam ediyor. Ben buradan a\u00e7\u0131k bir \u00e7a\u011fr\u0131da bulunmak istiyorum: Bize inanan t\u00fcm \u00fcyelerimizi, t\u00fcm se\u00e7menlerimizi ba\u011fl\u0131 olduklar\u0131 ba\u015fta il ba\u015fkanl\u0131klar\u0131na ve il\u00e7e ba\u015fkanl\u0131klar\u0131na iradelerine sahip \u00e7\u0131kmaya davet ediyorum.&nbsp;<\/p>\n\n\n\n<p class=\"wp-block-paragraph\">Biz de genel merkezimizden ald\u0131\u011f\u0131m\u0131z bilgileri anbean sizlerle birlikte payla\u015faca\u011f\u0131z diyorum. Cumhuriyet Halk Partisi Bolu \u00f6rg\u00fct\u00fc t\u00fcm kadrolar\u0131yla birlikte g\u00f6revinin ba\u015f\u0131nda, baba oca\u011f\u0131ndad\u0131r.&nbsp;<\/p>\n\n\n\n<p class=\"wp-block-paragraph\">Buradan b\u00fct\u00fcn kamuoyuna sayg\u0131yla ilan ediyoruz.&#8221;Ankara&#8217;daki Kriz \u00d6rg\u00fctleri Harekete Ge\u00e7irdiAnkara B\u00f6lge Adliye Mahkemesi 36\u2019nc\u0131 Hukuk Dairesi&#8217;nin, \u00d6zg\u00fcr \u00d6zel ve mevcut Merkez Y\u00f6netim Kurulu (MYK) ile Parti Meclisi (PM) \u00fcyelerini tedbiren g\u00f6revden uzakla\u015ft\u0131rmas\u0131 partide ola\u011fan\u00fcst\u00fc hal ilan edilmesine neden oldu.<\/p>\n\n\n\n<p class=\"wp-block-paragraph\">\u00d6zg\u00fcr \u00d6zel y\u00f6netiminin Ankara\u2019da milletvekillerini ve \u00f6rg\u00fctleri acil kodlu toplant\u0131ya \u00e7a\u011f\u0131rmas\u0131n\u0131n ard\u0131ndan, Bolu \u0130l Ba\u015fkanl\u0131\u011f\u0131 da parti \u00fcyelerini ve se\u00e7menleri &#8220;iradelerine sahip \u00e7\u0131kmak&#8221; \u00fczere il ve il\u00e7e binalar\u0131nda toplanmaya \u00e7a\u011f\u0131rd\u0131. Karag\u00f6z, Ankara\u2019daki s\u0131cak geli\u015fmeler do\u011frultusunda genel merke<\/p>\n\n\n\n<figure class=\"wp-block-image\"><img decoding=\"async\" src=\"https:\/\/foto.sondakika.com\/haber\/2026\/05\/21\/20260521_781ecbbbe10b4b9c98213dcb676e829c.jpg\" alt=\"CHP Bolu \u0130l Ba\u015fkan\u0131 Karag\u00f6z\u2019den karar sonras\u0131 ilk a\u00e7\u0131klama: g\u00f6revimizin ba\u015f\u0131nday\u0131z\"\/><\/figure>\n\n\n\n<p class=\"wp-block-paragraph\"><\/p>\n","protected":false},"excerpt":{"rendered":"<p>Ankara B\u00f6lge Adliye Mahkemesi, CHP&#8217;nin 38. Ola\u011fan Kurultay\u0131&#8217;n\u0131 iptal etmesinin ard\u0131ndan CHP Bolu \u0130l Ba\u015fkan\u0131<\/p>\n","protected":false},"author":1,"featured_media":1859,"comment_status":"open","ping_status":"open","sticky":false,"template":"","format":"standard","meta":{"_rtcl_gb_attr":"","footnotes":""},"categories":[1],"tags":[],"class_list":["post-1858","post","type-post","status-publish","format-standard","has-post-thumbnail","hentry","category-http-turkiyemhaber-com-wp-content-uploads-2026-03-saray-59-haber-13-mart-pdf"],"_links":{"self":[{"href":"https:\/\/turkiyemhaber.com\/index.php?rest_route=\/wp\/v2\/posts\/1858","targetHints":{"allow":["GET"]}}],"collection":[{"href":"https:\/\/turkiyemhaber.com\/index.php?rest_route=\/wp\/v2\/posts"}],"about":[{"href":"https:\/\/turkiyemhaber.com\/index.php?rest_route=\/wp\/v2\/types\/post"}],"author":[{"embeddable":true,"href":"https:\/\/turkiyemhaber.com\/index.php?rest_route=\/wp\/v2\/users\/1"}],"replies":[{"embeddable":true,"href":"https:\/\/turkiyemhaber.com\/index.php?rest_route=%2Fwp%2Fv2%2Fcomments&post=1858"}],"version-history":[{"count":1,"href":"https:\/\/turkiyemhaber.com\/index.php?rest_route=\/wp\/v2\/posts\/1858\/revisions"}],"predecessor-version":[{"id":1860,"href":"https:\/\/turkiyemhaber.com\/index.php?rest_route=\/wp\/v2\/posts\/1858\/revisions\/1860"}],"wp:featuredmedia":[{"embeddable":true,"href":"https:\/\/turkiyemhaber.com\/index.php?rest_route=\/wp\/v2\/media\/1859"}],"wp:attachment":[{"href":"https:\/\/turkiyemhaber.com\/index.php?rest_route=%2Fwp%2Fv2%2Fmedia&parent=1858"}],"wp:term":[{"taxonomy":"category","embeddable":true,"href":"https:\/\/turkiyemhaber.com\/index.php?rest_route=%2Fwp%2Fv2%2Fcategories&post=1858"},{"taxonomy":"post_tag","embeddable":true,"href":"https:\/\/turkiyemhaber.com\/index.php?rest_route=%2Fwp%2Fv2%2Ftags&post=1858"}],"curies":[{"name":"wp","href":"https:\/\/api.w.org\/{rel}","templated":true}]}}