{"id":1854,"date":"2026-05-21T17:26:33","date_gmt":"2026-05-21T17:26:33","guid":{"rendered":"https:\/\/turkiyemhaber.com\/?p=1854"},"modified":"2026-05-21T17:26:38","modified_gmt":"2026-05-21T17:26:38","slug":"chp-genel-merkezinin-onunde-hain-kemal-sloganlari-atiliyor","status":"publish","type":"post","link":"https:\/\/turkiyemhaber.com\/?p=1854","title":{"rendered":"CHP Genel Merkezi&#8217;nin \u00f6n\u00fcnde &#8220;Hain Kemal&#8221; sloganlar\u0131 at\u0131l\u0131yor"},"content":{"rendered":"\n<p class=\"wp-block-paragraph\">Mahkeme, CHP kurultay davas\u0131nda \u00d6zg\u00fcr \u00d6zel ile parti y\u00f6netiminin tedbiren g\u00f6revden uzakla\u015ft\u0131r\u0131lmalar\u0131na, K\u0131l\u0131\u00e7daro\u011flu ile y\u00f6netiminin g\u00f6revi devralmas\u0131na karar verdi. G\u00fcndeme bomba gibi d\u00fc\u015fen bu geli\u015fme sonras\u0131 CHP Genel Merkezi \u00f6n\u00fcnde toplanan partililer &#8220;Hain Kemal&#8221; \u015feklinde sloganlar atmaya ba\u015flad\u0131.<\/p>\n\n\n\n<figure class=\"wp-block-video\"><video height=\"1920\" style=\"aspect-ratio: 1080 \/ 1920;\" width=\"1080\" controls src=\"https:\/\/turkiyemhaber.com\/wp-content\/uploads\/2026\/05\/Cok-yakinda-Instagram-Hikayesi-79.mp4\"><\/video><\/figure>\n\n\n\n<p class=\"wp-block-paragraph\">Ankara B\u00f6lge Adliye Mahkemesi 36. Hukuk Dairesi, CHP kurultay davas\u0131nda, \u00d6zg\u00fcr \u00d6zel ile parti y\u00f6netiminin tedbiren g\u00f6revden uzakla\u015ft\u0131r\u0131lmas\u0131na, Kemal K\u0131l\u0131\u00e7daro\u011flu ile y\u00f6netiminin g\u00f6revi devralmas\u0131na karar verdi.&nbsp;<\/p>\n\n\n\n<h3 class=\"wp-block-heading\">GENEL MERKEZ \u00d6N\u00dcNDE &#8220;HA\u0130N KEMAL&#8221; SLOGANLARI&nbsp;<\/h3>\n\n\n\n<p class=\"wp-block-paragraph\">CHP&#8217;de mutlak butlan karar\u0131 sonras\u0131 Merkez Y\u00f6netim Kurulu ola\u011fan\u00fcst\u00fc toplan\u0131rken Genel Merkez \u00f6n\u00fcnde toplanan partililer, K\u0131l\u0131\u00e7daro\u011flu aleyhinde &#8220;Hain Kemal&#8221; \u015feklinde slogan att\u0131.&nbsp;<\/p>\n","protected":false},"excerpt":{"rendered":"<p>Mahkeme, CHP kurultay davas\u0131nda \u00d6zg\u00fcr \u00d6zel ile parti y\u00f6netiminin tedbiren g\u00f6revden uzakla\u015ft\u0131r\u0131lmalar\u0131na, K\u0131l\u0131\u00e7daro\u011flu ile y\u00f6netiminin<\/p>\n","protected":false},"author":1,"featured_media":1855,"comment_status":"open","ping_status":"open","sticky":false,"template":"","format":"standard","meta":{"_rtcl_gb_attr":"","footnotes":""},"categories":[44,43],"tags":[],"class_list":["post-1854","post","type-post","status-publish","format-standard","has-post-thumbnail","hentry","category-politika","category-son-dakika"],"_links":{"self":[{"href":"https:\/\/turkiyemhaber.com\/index.php?rest_route=\/wp\/v2\/posts\/1854","targetHints":{"allow":["GET"]}}],"collection":[{"href":"https:\/\/turkiyemhaber.com\/index.php?rest_route=\/wp\/v2\/posts"}],"about":[{"href":"https:\/\/turkiyemhaber.com\/index.php?rest_route=\/wp\/v2\/types\/post"}],"author":[{"embeddable":true,"href":"https:\/\/turkiyemhaber.com\/index.php?rest_route=\/wp\/v2\/users\/1"}],"replies":[{"embeddable":true,"href":"https:\/\/turkiyemhaber.com\/index.php?rest_route=%2Fwp%2Fv2%2Fcomments&post=1854"}],"version-history":[{"count":1,"href":"https:\/\/turkiyemhaber.com\/index.php?rest_route=\/wp\/v2\/posts\/1854\/revisions"}],"predecessor-version":[{"id":1857,"href":"https:\/\/turkiyemhaber.com\/index.php?rest_route=\/wp\/v2\/posts\/1854\/revisions\/1857"}],"wp:featuredmedia":[{"embeddable":true,"href":"https:\/\/turkiyemhaber.com\/index.php?rest_route=\/wp\/v2\/media\/1855"}],"wp:attachment":[{"href":"https:\/\/turkiyemhaber.com\/index.php?rest_route=%2Fwp%2Fv2%2Fmedia&parent=1854"}],"wp:term":[{"taxonomy":"category","embeddable":true,"href":"https:\/\/turkiyemhaber.com\/index.php?rest_route=%2Fwp%2Fv2%2Fcategories&post=1854"},{"taxonomy":"post_tag","embeddable":true,"href":"https:\/\/turkiyemhaber.com\/index.php?rest_route=%2Fwp%2Fv2%2Ftags&post=1854"}],"curies":[{"name":"wp","href":"https:\/\/api.w.org\/{rel}","templated":true}]}}