{"id":1850,"date":"2026-05-21T17:14:58","date_gmt":"2026-05-21T17:14:58","guid":{"rendered":"https:\/\/turkiyemhaber.com\/?p=1850"},"modified":"2026-05-21T17:15:03","modified_gmt":"2026-05-21T17:15:03","slug":"chp-genel-merkezi-onunde-hareketlilik","status":"publish","type":"post","link":"https:\/\/turkiyemhaber.com\/?p=1850","title":{"rendered":"CHP Genel Merkezi \u00f6n\u00fcnde hareketlilik"},"content":{"rendered":"\n<p class=\"wp-block-paragraph\">CHP&#8217;de &#8216;mutlak butlan&#8217; karar\u0131n\u0131n ard\u0131ndan CHP Genel Merkezi \u00f6n\u00fcnde ya\u015fanan hareketlilik en \u00fcst seviyeye \u00e7\u0131karken, parti binas\u0131n\u0131n merdivenlerinde ba\u015f\u0131n\u0131 ellerinin aras\u0131na alarak olduk\u00e7a \u00fczg\u00fcn bir bi\u00e7imde sitem eden bir kad\u0131n\u0131n \u00e7aresiz anlar\u0131 kameralara yans\u0131d\u0131.<\/p>\n\n\n\n<figure class=\"wp-block-video\"><video height=\"1920\" style=\"aspect-ratio: 1080 \/ 1920;\" width=\"1080\" controls src=\"https:\/\/turkiyemhaber.com\/wp-content\/uploads\/2026\/05\/Cok-yakinda-Instagram-Hikayesi-78.mp4\"><\/video><\/figure>\n\n\n\n<p class=\"wp-block-paragraph\">CHP&#8217;de 4-5 Kas\u0131m 2023 tarihinde yap\u0131lan ve&nbsp;&nbsp;<a href=\"https:\/\/www.sondakika.com\/ozgur-ozel\/\">\u00d6zg\u00fcr \u00d6zel<\/a>&#8216;in genel ba\u015fkan se\u00e7ildi\u011fi 38&#8217;inci Ola\u011fan Kurultay\u0131&#8217;na ili\u015fkin a\u00e7\u0131lan davadan \u2018mutlak butlan\u2019 karar\u0131 \u00e7\u0131kt\u0131.<\/p>\n\n\n\n<h3 class=\"wp-block-heading\">Y\u00d6NET\u0130M\u0130 KILI\u00c7DARO\u011eLU DEVRALACAK<\/h3>\n\n\n\n<p class=\"wp-block-paragraph\">Ankara B\u00f6lge Adliye Mahkemesi 36. Hukuk Dairesi, \u00d6zg\u00fcr \u00d6zel ile parti y\u00f6netiminin tedbiren g\u00f6revden uzakla\u015ft\u0131r\u0131lmalar\u0131na ve eski CHP Genel Ba\u015fkan\u0131&nbsp;<a href=\"https:\/\/www.sondakika.com\/kemal-kilicdaroglu\/\">Kemal K\u0131l\u0131\u00e7daro\u011flu<\/a>&nbsp;ile y\u00f6netiminin g\u00f6revi devralmas\u0131na h\u00fckmetti.<\/p>\n\n\n\n<h3 class=\"wp-block-heading\">MYK OLA\u011eAN\u00dcST\u00dc TOPLANDI<\/h3>\n\n\n\n<p class=\"wp-block-paragraph\">Mahkeme karar\u0131n\u0131n ard\u0131ndan \u00d6zg\u00fcr \u00d6zel y\u00f6netiminin ilk hamlesi de belli oldu. \u00d6zel, t\u00fcm milletvekillerini acil olarak CHP Genel Merkezine \u00e7a\u011f\u0131rd\u0131.&nbsp;Merkez Y\u00f6netim Kurulu (MYK) da karar\u0131 de\u011ferlendirmek \u00fczere ola\u011fan\u00fcst\u00fc topland\u0131.<\/p>\n\n\n\n<h3 class=\"wp-block-heading\">GENEL MERKEZ \u00d6N\u00dcNDE HAREKETL\u0130L\u0130K<\/h3>\n\n\n\n<p class=\"wp-block-paragraph\">Karar\u0131n ard\u0131ndan CHP Genel Merkezi \u00f6n\u00fcnde ya\u015fanan hareketlik de artarken, kameralara ilgin\u00e7 bir an yans\u0131d\u0131. Genel Merkez binas\u0131 \u00f6n\u00fcndeki merdivenlerde oturan bir kad\u0131n\u0131n ba\u015f\u0131n\u0131 ellerinin aras\u0131na ald\u0131\u011f\u0131 ve olduk\u00e7a \u00fczg\u00fcn bir bi\u00e7imde sitem etti\u011fi g\u00f6r\u00fcld\u00fc.&nbsp;<\/p>\n","protected":false},"excerpt":{"rendered":"<p>CHP&#8217;de &#8216;mutlak butlan&#8217; karar\u0131n\u0131n ard\u0131ndan CHP Genel Merkezi \u00f6n\u00fcnde ya\u015fanan hareketlilik en \u00fcst seviyeye \u00e7\u0131karken,<\/p>\n","protected":false},"author":1,"featured_media":1851,"comment_status":"open","ping_status":"open","sticky":false,"template":"","format":"standard","meta":{"_rtcl_gb_attr":"","footnotes":""},"categories":[1],"tags":[],"class_list":["post-1850","post","type-post","status-publish","format-standard","has-post-thumbnail","hentry","category-http-turkiyemhaber-com-wp-content-uploads-2026-03-saray-59-haber-13-mart-pdf"],"_links":{"self":[{"href":"https:\/\/turkiyemhaber.com\/index.php?rest_route=\/wp\/v2\/posts\/1850","targetHints":{"allow":["GET"]}}],"collection":[{"href":"https:\/\/turkiyemhaber.com\/index.php?rest_route=\/wp\/v2\/posts"}],"about":[{"href":"https:\/\/turkiyemhaber.com\/index.php?rest_route=\/wp\/v2\/types\/post"}],"author":[{"embeddable":true,"href":"https:\/\/turkiyemhaber.com\/index.php?rest_route=\/wp\/v2\/users\/1"}],"replies":[{"embeddable":true,"href":"https:\/\/turkiyemhaber.com\/index.php?rest_route=%2Fwp%2Fv2%2Fcomments&post=1850"}],"version-history":[{"count":1,"href":"https:\/\/turkiyemhaber.com\/index.php?rest_route=\/wp\/v2\/posts\/1850\/revisions"}],"predecessor-version":[{"id":1853,"href":"https:\/\/turkiyemhaber.com\/index.php?rest_route=\/wp\/v2\/posts\/1850\/revisions\/1853"}],"wp:featuredmedia":[{"embeddable":true,"href":"https:\/\/turkiyemhaber.com\/index.php?rest_route=\/wp\/v2\/media\/1851"}],"wp:attachment":[{"href":"https:\/\/turkiyemhaber.com\/index.php?rest_route=%2Fwp%2Fv2%2Fmedia&parent=1850"}],"wp:term":[{"taxonomy":"category","embeddable":true,"href":"https:\/\/turkiyemhaber.com\/index.php?rest_route=%2Fwp%2Fv2%2Fcategories&post=1850"},{"taxonomy":"post_tag","embeddable":true,"href":"https:\/\/turkiyemhaber.com\/index.php?rest_route=%2Fwp%2Fv2%2Ftags&post=1850"}],"curies":[{"name":"wp","href":"https:\/\/api.w.org\/{rel}","templated":true}]}}