{"id":1846,"date":"2026-05-21T17:08:06","date_gmt":"2026-05-21T17:08:06","guid":{"rendered":"https:\/\/turkiyemhaber.com\/?p=1846"},"modified":"2026-05-21T17:08:10","modified_gmt":"2026-05-21T17:08:10","slug":"mutlak-butlan-karari-cikan-kurultay-davasini-acan-lutfu-savastan-ilk-aciklama","status":"publish","type":"post","link":"https:\/\/turkiyemhaber.com\/?p=1846","title":{"rendered":"&#8216;Mutlak butlan&#8217; karar\u0131 \u00e7\u0131kan kurultay davas\u0131n\u0131 a\u00e7an L\u00fctf\u00fc Sava\u015f\u2019tan ilk a\u00e7\u0131klama"},"content":{"rendered":"\n<p class=\"wp-block-paragraph\">CHP\u2019de 38\u2019inci Ola\u011fan Kurultay\u0131\u2019n\u0131n iptali istemiyle a\u00e7\u0131lan davada \u2018mutlak butlan\u2019 karar\u0131 verilmesinin ard\u0131ndan konuyla ilgili dava a\u00e7an eski Hatay B\u00fcy\u00fck\u015fehir Belediye Ba\u015fkan\u0131 L\u00fctf\u00fc Sava\u015f, &#8220;Bu karar t\u00fcm milletimize, T\u00fcrkiye&#8217;deki t\u00fcm siyaset\u00e7ilere ve siyaset mekanizmas\u0131na hay\u0131rl\u0131 u\u011furlu olsun&#8221; ifadelerini kulland\u0131. Sava\u015f, g\u00f6revine iadesine karar verilen Kemal K\u0131l\u0131\u00e7daro\u011flu i\u00e7in de \u201cNas\u0131l bir planlama yapacaksa biz de onlara uymak ve daha g\u00fczel g\u00fcnler i\u00e7in yan\u0131nda olmak zorunday\u0131z\u201d dedi.<\/p>\n\n\n\n<figure class=\"wp-block-video\"><video height=\"500\" style=\"aspect-ratio: 500 \/ 500;\" width=\"500\" controls src=\"https:\/\/turkiyemhaber.com\/wp-content\/uploads\/2026\/05\/Pembe-zarif-bujiteri-aksesuar-logo-tasarimi-1.mp4\"><\/video><\/figure>\n\n\n\n<p class=\"wp-block-paragraph\">\u0130stinaf 36. Hukuk Dairesi, CHP\u2019nin 38. Ola\u011fan Kurultay\u0131 ile 21. Ola\u011fan\u00fcst\u00fc Kurultay\u0131\u2019n\u0131n iptali talebiyle a\u00e7\u0131lan davada her iki kurultay hakk\u0131nda \u2018mutlak butlan\u2019 karar\u0131 verdi.&nbsp;<a href=\"https:\/\/www.sondakika.com\/kemal-kilicdaroglu\/\">Kemal K\u0131l\u0131\u00e7daro\u011flu<\/a>&nbsp;ve parti organlar\u0131 g\u00f6revlerine iade karar\u0131 verildi.<\/p>\n\n\n\n<p class=\"wp-block-paragraph\">Konuyla ilgili dava a\u00e7an eski Hatay B\u00fcy\u00fck\u015fehir Belediye Ba\u015fkan\u0131&nbsp;<a href=\"https:\/\/www.sondakika.com\/lutfu-savas\/\">L\u00fctf\u00fc Sava\u015f<\/a>, kay\u0131nvalidesinin cenaze t\u00f6renine geldi\u011fi Eski\u015fehir\u2019de durumu de\u011ferlendirdi.<\/p>\n\n\n\n<h3 class=\"wp-block-heading\">&#8220;PART\u0130M\u0130N \u00dcZER\u0130NDE B\u00d6YLE B\u0130R \u015eA\u0130BE KALSIN \u0130STEMED\u0130M&#8221;<\/h3>\n\n\n\n<p class=\"wp-block-paragraph\">Konuyla ilgili konu\u015fan L\u00fctf\u00fc Sava\u015f, &#8220;\u00d6ncelikle bu karar t\u00fcm milletimize, T\u00fcrkiye&#8217;deki t\u00fcm siyaset\u00e7ilere ve siyaset mekanizmas\u0131na hay\u0131rl\u0131 u\u011furlu olsun. Bu karar \u015f\u00f6yle ba\u015flad\u0131: Kurultay sonras\u0131 bir\u00e7ok konu\u015fma oldu, bir\u00e7ok kurultay delegesi konuyla ilgili spek\u00fclatif konu\u015fmalar yapt\u0131. Sonra Bursa&#8217;da kurultayla alakal\u0131 bir dava a\u00e7\u0131ld\u0131. Daha sonra Say\u0131n Cumhurba\u015fkan\u0131m\u0131z d\u00f6rt veya be\u015f defa Say\u0131n Genel Ba\u015fkan\u0131m\u0131z hakk\u0131nda \u015faibeli kurultay\u0131n genel ba\u015fkan\u0131 diye hitap etti. Ondan sonra \u00f6nceki d\u00f6nem Genel Ba\u015fkan\u0131m\u0131z Kemal K\u0131l\u0131\u00e7daro\u011flu bir \u00f6zel televizyonda bu konuyu dile getirdi, Say\u0131n Cumhurba\u015fkan\u0131m\u0131z\u0131n Say\u0131n Genel Ba\u015fkan\u0131m\u0131zla ilgili W\u015faibeli kurultayda se\u00e7ilen genel ba\u015fkan&#8217; diye hitap etti\u011fini belirtti. Tabii ki bu parti tarihin bize emanet etti\u011fi bir parti. Bu parti T\u00fcrkiye&#8217;de hangi siyasi g\u00f6r\u00fc\u015fe, hangi d\u00fcnya g\u00f6r\u00fc\u015f\u00fcne sahip olursan\u0131z olun bu \u00fclkenin vatanda\u015flar\u0131n\u0131n y\u00fczde 85&#8217;inin sevgisini kazanm\u0131\u015f bir ulu \u00e7\u0131nar\u0131n kurmu\u015f oldu\u011fu parti, Gazi Mustafa Kemal Atat\u00fcrk&#8217;\u00fcn sava\u015f meydanlar\u0131nda T\u00fcrkiye&#8217;nin siyasi mektebi olacak diye kurmu\u015f oldu\u011fu bir parti. Ben de bir Atat\u00fcrk sevdal\u0131s\u0131, bu \u00fclkeyi seven biri olarak partimin \u00fczerinde b\u00f6yle bir \u015faibe kals\u0131n istemedim.&nbsp;Varsa bir \u015faibe, \u015faibeyle ilgili insanlar\u0131n ay\u0131klanmas\u0131, yoksa da partimizi hi\u00e7 kimsenin kirletmemesi gerekti\u011fini d\u00fc\u015f\u00fcnd\u00fcm. Bu nedenle bu davay\u0131 a\u00e7t\u0131m.&nbsp;<\/p>\n\n\n\n<figure class=\"wp-block-image\"><img decoding=\"async\" src=\"https:\/\/foto.sondakika.com\/haber\/2026\/05\/21\/chpde-mutlak-butlan-karari-son-19868951-1259_1_m.jpg\" alt=\"'Mutlak butlan' karar\u0131 \u00e7\u0131kan kurultay davas\u0131n\u0131 a\u00e7an L\u00fctf\u00fc Sava\u015f\u2019tan ilk a\u00e7\u0131klama\"\/><\/figure>\n\n\n\n<h3 class=\"wp-block-heading\">&#8220;T\u00dcRK S\u0130YAS\u0130 TAR\u0130H\u0130N\u0130N EN \u00d6NEML\u0130 DAVASIYDI&#8221;&nbsp;<\/h3>\n\n\n\n<p class=\"wp-block-paragraph\">Bug\u00fcn bu dava sonu\u00e7land\u0131. Ger\u00e7ekten de belki de T\u00fcrk siyasi tarihinin en \u00f6nemli davas\u0131yd\u0131. Bu davadan sonra bence T\u00fcrkiye&#8217;de siyasi anlamda, siyasi ar\u0131nma anlam\u0131nda bir\u00e7ok ilki ya\u015fayaca\u011f\u0131z diye d\u00fc\u015f\u00fcn\u00fcyorum. Ama \u00f6zellikle Cumhuriyet Halk Partisi ailesi i\u00e7in gerek mevcut \u015fu anki y\u00f6netimin yan\u0131nda olan arkada\u015flar, gerek ge\u00e7mi\u015fte Say\u0131n Genel Ba\u015fkan\u0131m\u0131z Kemal Bey&#8217;in yan\u0131nda olan insanlar olarak hi\u00e7birimizin sevinmemesi, sevin\u00e7 \u00e7\u0131\u011fl\u0131klar\u0131 atmamas\u0131 gerekir. Bug\u00fcnden itibaren hepimizin \u00e7ok daha b\u00fcy\u00fck bir sorumlulukla Cumhuriyet Halk Partisi&#8217;ni tabana nas\u0131l indiririz, gelece\u011fe nas\u0131l haz\u0131rlar\u0131z, T\u00fcrkiye&#8217;nin sorunlar\u0131n\u0131n \u00fcstesinden gelecek bir kadroyla nas\u0131l dizayn ederiz ve umutsuzluk ta\u015f\u0131yan toplumun umutlar\u0131n\u0131 tekrardan nas\u0131l ye\u015fertiriz diye d\u00fc\u015f\u00fcnece\u011fi bir zaman&#8221; dedi.<\/p>\n\n\n\n<h3 class=\"wp-block-heading\">&#8220;KILI\u00c7DARO\u011eLU NASIL B\u0130R PLANLAMA, PROGRAM YAPACAKSA B\u0130Z DE ONLARA UYMAK ZORUNDAYIZ&#8221;<\/h3>\n\n\n\n<p class=\"wp-block-paragraph\">Konu\u015fmas\u0131n\u0131n devam\u0131nda ise L\u00fctf\u00fc Sava\u015f, \u015fu ifadelere yer verdi:&nbsp;&#8220;Bu davay\u0131 a\u00e7arken ben en \u00e7ok Cumhuriyet Halk Partisinin tarihi misyonunu, hukuk anlay\u0131\u015f\u0131n\u0131, demokrasi gelene\u011fini, \u015feffafl\u0131k anlay\u0131\u015f\u0131n\u0131 d\u00fc\u015f\u00fcnd\u00fcm ve umut verebilir bir parti haline gelmesi i\u00e7in bu davan\u0131n \u00e7ok \u00f6nemli oldu\u011funu d\u00fc\u015f\u00fcnerek bu davay\u0131 a\u00e7t\u0131m. T\u00fcrk demokrasisine, T\u00fcrk siyasi tarihine hay\u0131rl\u0131 olsun ama bug\u00fcn Say\u0131n Genel Ba\u015fkan\u0131m\u0131z Kemal K\u0131l\u0131\u00e7daro\u011flu ba\u015fta olmak \u00fczere bundan sonra siyasi partimiz i\u00e7erisinde hizmet edecek, \u00f6nemli kadrolar\u0131nda bulunacak insanlar\u0131m\u0131z\u0131n ger\u00e7ekten de sevinece\u011fi de\u011fil d\u00fc\u015f\u00fcnece\u011fi ve sorumluluk alaca\u011f\u0131 bir g\u00fcn diyorum, tekrardan hepimize hay\u0131rl\u0131 olsun diyorum. Peki yar\u0131n itibar\u0131yla parti i\u00e7inde nas\u0131l bir rol izlenecek? Ben \u015fu anda Cumhuriyet Halk Partisi&#8217;ne \u00fcye biri de\u011filim. Biliyorsunuz ben bir tweetimden dolay\u0131 bu y\u00f6netim beni parti d\u0131\u015f\u0131na itmi\u015fti. Ge\u00e7mi\u015fte al\u0131nan b\u00fct\u00fcn kararlar iptal edildi\u011fi i\u00e7in tabii ki gururla ben \u015fu anda Gazi Mustafa Kemal Atat\u00fcrk&#8217;\u00fcn emanetine sahip \u00e7\u0131kmas\u0131 gerekenlerden bir tanesiyim. Ama buradaki esas sorumluluk ta\u015f\u0131yan ki\u015fi Say\u0131n Genel Ba\u015fkan\u0131m\u0131z Kemal K\u0131l\u0131\u00e7daro\u011flu. O nas\u0131l bir planlama ve program yapacaksa tabii ki biz de onlara uymak ve daha g\u00fczel g\u00fcnler i\u00e7in yan\u0131nda olmak zorunday\u0131z.&nbsp;<\/p>\n\n\n\n<h3 class=\"wp-block-heading\">&#8220;SLOGAN \u015eU OLMASI LAZIM: ESK\u0130YLE YEN\u0130Y\u0130 \u0130Y\u0130 TA\u015eIMAK LAZIM&#8221;<\/h3>\n\n\n\n<p class=\"wp-block-paragraph\">Tabii slogan \u015fu olmal\u0131: Eski iyileri yeni iyilere ta\u015f\u0131mak, T\u00fcrkiye&#8217;nin b\u00fct\u00fcn\u00fcn\u00fc kucaklayacak bir politika olu\u015fturmak laz\u0131m. Onun i\u00e7in de zemini iyi haz\u0131rlamak ve iyi bir organizasyonla tekrardan T\u00fcrkiye&#8217;ye umut ta\u015f\u0131mak, umut a\u015f\u0131lamak laz\u0131m. Te\u015fekk\u00fcr ederiz. Ben te\u015fekk\u00fcr ediyorum, hay\u0131rl\u0131 u\u011furlu olsun diyorum.&#8221;<\/p>\n\n\n\n<figure class=\"wp-block-image\"><img decoding=\"async\" src=\"https:\/\/foto.sondakika.com\/haber\/2026\/05\/21\/chpde-mutlak-butlan-karari-son-19868951-3927_1_m.jpg\" alt=\"'Mutlak butlan' karar\u0131 \u00e7\u0131kan kurultay davas\u0131n\u0131 a\u00e7an L\u00fctf\u00fc Sava\u015f\u2019tan ilk a\u00e7\u0131klama\"\/><\/figure>\n\n\n\n<h3 class=\"wp-block-heading\">DAVANIN GE\u00c7M\u0130\u015e\u0130<\/h3>\n\n\n\n<p class=\"wp-block-paragraph\">CHP&#8217;nin, 4-5 Kas\u0131m 2023&#8217;te ger\u00e7ekle\u015ftirdi\u011fi 38. Ola\u011fan Kurultay\u0131&#8217;na ili\u015fkin Ankara Cumhuriyet Ba\u015fsavc\u0131l\u0131\u011f\u0131 taraf\u0131ndan usuls\u00fczl\u00fck soru\u015fturmas\u0131 ba\u015flat\u0131lm\u0131\u015ft\u0131. Eski Hatay Belediye Ba\u015fkan\u0131&nbsp;L\u00fctf\u00fc&nbsp;Sava\u015f&nbsp;ve baz\u0131 delegeler, CHP&#8217;nin 4-5 Kas\u0131m 2023&#8217;teki kurultay\u0131n\u0131n ve 6 Nisan 2025&#8217;teki 21. Ola\u011fan\u00fcst\u00fc Kurultay\u0131&#8217;n\u0131n iptali i\u00e7in ayr\u0131 ayr\u0131 hukuk mahkemelerine dava a\u00e7m\u0131\u015ft\u0131. A\u00e7\u0131lan iptal davalar\u0131 14 \u015eubat&#8217;ta Ankara 42. Asliye Hukuk Mahkemesindeki dosyada birle\u015ftirilmi\u015fti.<\/p>\n\n\n\n<p class=\"wp-block-paragraph\">Mahkeme, 24 Ekim&#8217;de davan\u0131n &#8220;konusuz kalmas\u0131&#8221; sebebiyle karar verilmesine yer olmad\u0131\u011f\u0131na ve ayr\u0131ca, CHP&#8217;nin 21. Ola\u011fan\u00fcst\u00fc Kurultay\u0131&#8217;n\u0131n iptali istemini de i\u00e7eren birle\u015fen dosyalara ili\u015fkin, husumet yoklu\u011fu nedeniyle reddine karar vermi\u015fti. Bunun \u00fczerine&nbsp;L\u00fctf\u00fc&nbsp;Sava\u015f&nbsp;ve delegelerin avukat\u0131 Onur Yusuf \u00dcregen karara itiraz etmi\u015f, Ankara 42. Asliye Hukuk Mahkemesinin vermi\u015f oldu\u011fu karar kald\u0131r\u0131larak, yeniden h\u00fck\u00fcm kurulmas\u0131n\u0131 talep etmi\u015fti. CHP\u2019nin mevcut y\u00f6netimi taraf\u0131ndan ba\u015flat\u0131lan ve riyasetinde devam etmekte olan 39. Ola\u011fan kongre ve kurultay s\u00fcrecinde yap\u0131lan t\u00fcm se\u00e7imlerin iptali istenmi\u015fti.<\/p>\n\n\n\n<p class=\"wp-block-paragraph\">Ayr\u0131ca, 38. Ola\u011fan Kurultay&#8217;\u0131n mutlak butlanla bat\u0131l oldu\u011funun tespitiyle Genel Ba\u015fkan&nbsp;<a href=\"https:\/\/www.sondakika.com\/ozgur-ozel\/\">\u00d6zg\u00fcr \u00d6zel<\/a>, Merkez Y\u00f6netim Kurulu (MYK), Parti Meclisi (PM) ve Y\u00fcksek Disiplin Kurulu (YDK) \u00fcyelerinin g\u00f6revden uzakla\u015ft\u0131r\u0131lmalar\u0131 ve 38. Kurultay \u00f6ncesi g\u00f6revde bulunan Genel Ba\u015fkan Kemal K\u0131l\u0131\u00e7daro\u011flu ile \u00f6nceki kurullar\u0131n g\u00f6reve iadeleri talep edilmi\u015fti.<\/p>\n","protected":false},"excerpt":{"rendered":"<p>CHP\u2019de 38\u2019inci Ola\u011fan Kurultay\u0131\u2019n\u0131n iptali istemiyle a\u00e7\u0131lan davada \u2018mutlak butlan\u2019 karar\u0131 verilmesinin ard\u0131ndan konuyla ilgili<\/p>\n","protected":false},"author":1,"featured_media":1847,"comment_status":"open","ping_status":"open","sticky":false,"template":"","format":"standard","meta":{"_rtcl_gb_attr":"","footnotes":""},"categories":[1],"tags":[],"class_list":["post-1846","post","type-post","status-publish","format-standard","has-post-thumbnail","hentry","category-http-turkiyemhaber-com-wp-content-uploads-2026-03-saray-59-haber-13-mart-pdf"],"_links":{"self":[{"href":"https:\/\/turkiyemhaber.com\/index.php?rest_route=\/wp\/v2\/posts\/1846","targetHints":{"allow":["GET"]}}],"collection":[{"href":"https:\/\/turkiyemhaber.com\/index.php?rest_route=\/wp\/v2\/posts"}],"about":[{"href":"https:\/\/turkiyemhaber.com\/index.php?rest_route=\/wp\/v2\/types\/post"}],"author":[{"embeddable":true,"href":"https:\/\/turkiyemhaber.com\/index.php?rest_route=\/wp\/v2\/users\/1"}],"replies":[{"embeddable":true,"href":"https:\/\/turkiyemhaber.com\/index.php?rest_route=%2Fwp%2Fv2%2Fcomments&post=1846"}],"version-history":[{"count":1,"href":"https:\/\/turkiyemhaber.com\/index.php?rest_route=\/wp\/v2\/posts\/1846\/revisions"}],"predecessor-version":[{"id":1849,"href":"https:\/\/turkiyemhaber.com\/index.php?rest_route=\/wp\/v2\/posts\/1846\/revisions\/1849"}],"wp:featuredmedia":[{"embeddable":true,"href":"https:\/\/turkiyemhaber.com\/index.php?rest_route=\/wp\/v2\/media\/1847"}],"wp:attachment":[{"href":"https:\/\/turkiyemhaber.com\/index.php?rest_route=%2Fwp%2Fv2%2Fmedia&parent=1846"}],"wp:term":[{"taxonomy":"category","embeddable":true,"href":"https:\/\/turkiyemhaber.com\/index.php?rest_route=%2Fwp%2Fv2%2Fcategories&post=1846"},{"taxonomy":"post_tag","embeddable":true,"href":"https:\/\/turkiyemhaber.com\/index.php?rest_route=%2Fwp%2Fv2%2Ftags&post=1846"}],"curies":[{"name":"wp","href":"https:\/\/api.w.org\/{rel}","templated":true}]}}