{"id":1842,"date":"2026-05-21T17:03:30","date_gmt":"2026-05-21T17:03:30","guid":{"rendered":"https:\/\/turkiyemhaber.com\/?p=1842"},"modified":"2026-05-21T17:03:36","modified_gmt":"2026-05-21T17:03:36","slug":"chpde-kriz-gecesi-hazirligi-valizleri-ile-gelen-partililer-genel-merkezde-ayrilmama-karari-aldi","status":"publish","type":"post","link":"https:\/\/turkiyemhaber.com\/?p=1842","title":{"rendered":"CHP\u2019de kriz gecesi haz\u0131rl\u0131\u011f\u0131: Valizleri ile gelen partililer Genel Merkez\u2019de ayr\u0131lmama karar\u0131 ald\u0131"},"content":{"rendered":"\n<p class=\"wp-block-paragraph\">CHP\u2019nin 38. Kurultay\u0131\u2019na ili\u015fkin mutlak butlan karar\u0131n\u0131n ard\u0131ndan parti genel merkezinde ola\u011fan\u00fcst\u00fc hareketlilik ya\u015fand\u0131. Karar\u0131n duyulmas\u0131yla birlikte Genel Merkezde kriz toplant\u0131lar\u0131 pe\u015f pe\u015fe yap\u0131l\u0131rken, milletvekilleri ve parti y\u00f6neticileri Ankara\u2019ya \u00e7a\u011fr\u0131ld\u0131. Parti \u00fcst y\u00f6netiminin Genel Merkez\u2019den ayr\u0131lmama y\u00f6n\u00fcnde karar ald\u0131\u011f\u0131 belirtilirken, baz\u0131 partililerin valizleriyle binaya gelmesi dikkat \u00e7ekti.<\/p>\n\n\n\n<figure class=\"wp-block-video\"><video height=\"1920\" style=\"aspect-ratio: 1080 \/ 1920;\" width=\"1080\" controls src=\"https:\/\/turkiyemhaber.com\/wp-content\/uploads\/2026\/05\/Cok-yakinda-Instagram-Hikayesi-77.mp4\"><\/video><\/figure>\n\n\n\n<p class=\"wp-block-paragraph\">Mahkemenin CHP\u2019nin 38. Kurultay\u0131\u2019na ili\u015fkin verdi\u011fi mutlak butlan karar\u0131n ard\u0131ndan CHP Genel Merkezi\u2019nde hareketlilik artt\u0131. Karar\u0131n a\u00e7\u0131klanmas\u0131n\u0131n ard\u0131ndan Genel Ba\u015fkan \u00d6zg\u00fcr \u00d6zel\u2019in t\u00fcm MYK \u00fcyeleriyle ola\u011fan\u00fcst\u00fc toplant\u0131ya ge\u00e7ti\u011fi, milletvekillerinin acil olarak Genel Merkez\u2019e \u00e7a\u011fr\u0131ld\u0131\u011f\u0131 \u00f6\u011frenildi. Parti y\u00f6netiminin s\u00fcre\u00e7 netle\u015fene kadar merkezden ayr\u0131lmama y\u00f6n\u00fcnde tutum ald\u0131\u011f\u0131 belirtilirken, baz\u0131 partililerin valizleriyle Genel Merkez\u2019e gelmesi dikkat \u00e7ekti.<\/p>\n\n\n\n<h3 class=\"wp-block-heading\">VAL\u0130ZLERLE GELD\u0130LER: BURADAN AYRILAMAYACA\u011eIZ MESAJI&nbsp;<\/h3>\n\n\n\n<p class=\"wp-block-paragraph\">Genel Merkez\u2019den gelen g\u00f6r\u00fcnt\u00fclerde dikkat \u00e7ekici detaylar vard\u0131. Valizleri ile genel merkeze gelen parti y\u00f6neticileri ve \u00f6rg\u00fct temsilcilerinin binada kalma haz\u0131rl\u0131\u011f\u0131 yapt\u0131\u011f\u0131 g\u00f6r\u00fcld\u00fc. Genel Ba\u015fkan Yard\u0131mc\u0131lar\u0131n\u0131n \u201cburadan ayr\u0131lmayaca\u011f\u0131z\u201d y\u00f6n\u00fcnde mesaj verdi\u011fi belirtilirken, baz\u0131 partililerin de valizleriyle binaya gelmesi parti i\u00e7inde ola\u011fan\u00fcst\u00fc s\u00fcre\u00e7 y\u00f6netimi haz\u0131rl\u0131\u011f\u0131 olarak de\u011ferlendirildi.<\/p>\n\n\n\n<h3 class=\"wp-block-heading\">GENEL MERKEZ \u00d6N\u00dcNE M\u0130T\u0130NG OTOB\u00dcS\u00dc GET\u0130R\u0130LD\u0130&nbsp;<\/h3>\n\n\n\n<p class=\"wp-block-paragraph\">Karar\u0131n ard\u0131ndan Genel Merkez \u00f6n\u00fcndeki haz\u0131rl\u0131klar da dikkat \u00e7ekti. Bina \u00f6n\u00fcne miting otob\u00fcs\u00fc getirilirken, olas\u0131 a\u00e7\u0131klamalar ve \u00f6rg\u00fctsel koordinasyon i\u00e7in haz\u0131rl\u0131k yap\u0131ld\u0131\u011f\u0131 ifade edildi. Parti y\u00f6netiminin geli\u015fmeleri merkezden takip etmeyi s\u00fcrd\u00fcrd\u00fc\u011f\u00fc belirtildi.<\/p>\n\n\n\n<h3 class=\"wp-block-heading\">\u0130L BA\u015eKANLARINDAN PART\u0130L\u0130LERE \u00c7A\u011eRI&nbsp;<\/h3>\n\n\n\n<p class=\"wp-block-paragraph\">\u00d6te yandan il ba\u015fkanlar\u0131n\u0131n da T\u00fcrkiye genelinde te\u015fkilatlara \u00e7a\u011fr\u0131 yapt\u0131\u011f\u0131 \u00f6\u011frenildi. Partililerin il ve il\u00e7e binalar\u0131na davet edildi\u011fi belirtilirken, karar sonras\u0131 yaln\u0131zca Ankara\u2019da de\u011fil, \u00fclke genelindeki \u00f6rg\u00fctlerde de e\u015f zamanl\u0131 bir hareketlilik ya\u015fand\u0131\u011f\u0131 ifade edildi.<\/p>\n","protected":false},"excerpt":{"rendered":"<p>CHP\u2019nin 38. Kurultay\u0131\u2019na ili\u015fkin mutlak butlan karar\u0131n\u0131n ard\u0131ndan parti genel merkezinde ola\u011fan\u00fcst\u00fc hareketlilik ya\u015fand\u0131. Karar\u0131n<\/p>\n","protected":false},"author":1,"featured_media":1843,"comment_status":"open","ping_status":"open","sticky":false,"template":"","format":"standard","meta":{"_rtcl_gb_attr":"","footnotes":""},"categories":[1],"tags":[],"class_list":["post-1842","post","type-post","status-publish","format-standard","has-post-thumbnail","hentry","category-http-turkiyemhaber-com-wp-content-uploads-2026-03-saray-59-haber-13-mart-pdf"],"_links":{"self":[{"href":"https:\/\/turkiyemhaber.com\/index.php?rest_route=\/wp\/v2\/posts\/1842","targetHints":{"allow":["GET"]}}],"collection":[{"href":"https:\/\/turkiyemhaber.com\/index.php?rest_route=\/wp\/v2\/posts"}],"about":[{"href":"https:\/\/turkiyemhaber.com\/index.php?rest_route=\/wp\/v2\/types\/post"}],"author":[{"embeddable":true,"href":"https:\/\/turkiyemhaber.com\/index.php?rest_route=\/wp\/v2\/users\/1"}],"replies":[{"embeddable":true,"href":"https:\/\/turkiyemhaber.com\/index.php?rest_route=%2Fwp%2Fv2%2Fcomments&post=1842"}],"version-history":[{"count":1,"href":"https:\/\/turkiyemhaber.com\/index.php?rest_route=\/wp\/v2\/posts\/1842\/revisions"}],"predecessor-version":[{"id":1845,"href":"https:\/\/turkiyemhaber.com\/index.php?rest_route=\/wp\/v2\/posts\/1842\/revisions\/1845"}],"wp:featuredmedia":[{"embeddable":true,"href":"https:\/\/turkiyemhaber.com\/index.php?rest_route=\/wp\/v2\/media\/1843"}],"wp:attachment":[{"href":"https:\/\/turkiyemhaber.com\/index.php?rest_route=%2Fwp%2Fv2%2Fmedia&parent=1842"}],"wp:term":[{"taxonomy":"category","embeddable":true,"href":"https:\/\/turkiyemhaber.com\/index.php?rest_route=%2Fwp%2Fv2%2Fcategories&post=1842"},{"taxonomy":"post_tag","embeddable":true,"href":"https:\/\/turkiyemhaber.com\/index.php?rest_route=%2Fwp%2Fv2%2Ftags&post=1842"}],"curies":[{"name":"wp","href":"https:\/\/api.w.org\/{rel}","templated":true}]}}