{"id":1839,"date":"2026-05-21T16:59:07","date_gmt":"2026-05-21T16:59:07","guid":{"rendered":"https:\/\/turkiyemhaber.com\/?p=1839"},"modified":"2026-05-21T16:59:11","modified_gmt":"2026-05-21T16:59:11","slug":"chp-genel-merkezi-onunde-arbede-gazetecileri-alandan-uzaklastirdilar","status":"publish","type":"post","link":"https:\/\/turkiyemhaber.com\/?p=1839","title":{"rendered":"CHP Genel Merkezi \u00f6n\u00fcnde arbede! Gazetecileri alandan uzakla\u015ft\u0131rd\u0131lar"},"content":{"rendered":"\n<p class=\"wp-block-paragraph\">Mutlak butlan karar\u0131n\u0131n ard\u0131ndan CHP Genel Merkezi&#8217;nin \u00f6n\u00fc kar\u0131\u015ft\u0131. Partililer ile genel merkez \u00f6n\u00fcnde yay\u0131n yapan baz\u0131 mensuplar\u0131 aras\u0131nda arbede \u00e7\u0131karken, gazeteciler genel merkez \u00f6n\u00fcnden uzakla\u015ft\u0131r\u0131ld\u0131.<\/p>\n\n\n\n<p class=\"wp-block-paragraph\">CHP Genel Merkezi \u00f6n\u00fcnde yay\u0131n yapan gazetecilere CHP&#8217;liler tepki g\u00f6sterdi. \u00c7\u0131kan arbedede gazeteciler b\u00f6lgeden uzakla\u015ft\u0131r\u0131ld\u0131.<\/p>\n\n\n\n<p class=\"wp-block-paragraph\">Ankara B\u00f6lge Adliye Mahkemesi (BAM) 36. Hukuk Dairesi&#8217;nin, CHP\u2019nin 38. Ola\u011fan Kurultay\u0131 hakk\u0131nda verdi\u011fi &#8220;mutlak butlan&#8221; karar\u0131n\u0131n ard\u0131ndan parti genel merkezi \u00f6n\u00fcnde hareketli dakikalar ya\u015fand\u0131.<\/p>\n\n\n\n<h3 class=\"wp-block-heading\">PART\u0130L\u0130LER, GAZETEC\u0130LERE TEPK\u0130 G\u00d6STERD\u0130<\/h3>\n\n\n\n<p class=\"wp-block-paragraph\">Karar\u0131 protesto eden partililer ile b\u00f6lgede canl\u0131 yay\u0131n yapan bas\u0131n mensuplar\u0131 aras\u0131nda gerginlik ve arbede \u00e7\u0131kt\u0131.&nbsp;Ya\u015fanan arbedenin ard\u0131ndan gazeteciler g\u00fcvenlik gerek\u00e7esiyle genel merkez \u00f6n\u00fcnden uzakla\u015ft\u0131r\u0131ld\u0131.<\/p>\n","protected":false},"excerpt":{"rendered":"<p>Mutlak butlan karar\u0131n\u0131n ard\u0131ndan CHP Genel Merkezi&#8217;nin \u00f6n\u00fc kar\u0131\u015ft\u0131. Partililer ile genel merkez \u00f6n\u00fcnde yay\u0131n<\/p>\n","protected":false},"author":1,"featured_media":1840,"comment_status":"open","ping_status":"open","sticky":false,"template":"","format":"standard","meta":{"_rtcl_gb_attr":"","footnotes":""},"categories":[43],"tags":[],"class_list":["post-1839","post","type-post","status-publish","format-standard","has-post-thumbnail","hentry","category-son-dakika"],"_links":{"self":[{"href":"https:\/\/turkiyemhaber.com\/index.php?rest_route=\/wp\/v2\/posts\/1839","targetHints":{"allow":["GET"]}}],"collection":[{"href":"https:\/\/turkiyemhaber.com\/index.php?rest_route=\/wp\/v2\/posts"}],"about":[{"href":"https:\/\/turkiyemhaber.com\/index.php?rest_route=\/wp\/v2\/types\/post"}],"author":[{"embeddable":true,"href":"https:\/\/turkiyemhaber.com\/index.php?rest_route=\/wp\/v2\/users\/1"}],"replies":[{"embeddable":true,"href":"https:\/\/turkiyemhaber.com\/index.php?rest_route=%2Fwp%2Fv2%2Fcomments&post=1839"}],"version-history":[{"count":1,"href":"https:\/\/turkiyemhaber.com\/index.php?rest_route=\/wp\/v2\/posts\/1839\/revisions"}],"predecessor-version":[{"id":1841,"href":"https:\/\/turkiyemhaber.com\/index.php?rest_route=\/wp\/v2\/posts\/1839\/revisions\/1841"}],"wp:featuredmedia":[{"embeddable":true,"href":"https:\/\/turkiyemhaber.com\/index.php?rest_route=\/wp\/v2\/media\/1840"}],"wp:attachment":[{"href":"https:\/\/turkiyemhaber.com\/index.php?rest_route=%2Fwp%2Fv2%2Fmedia&parent=1839"}],"wp:term":[{"taxonomy":"category","embeddable":true,"href":"https:\/\/turkiyemhaber.com\/index.php?rest_route=%2Fwp%2Fv2%2Fcategories&post=1839"},{"taxonomy":"post_tag","embeddable":true,"href":"https:\/\/turkiyemhaber.com\/index.php?rest_route=%2Fwp%2Fv2%2Ftags&post=1839"}],"curies":[{"name":"wp","href":"https:\/\/api.w.org\/{rel}","templated":true}]}}