{"id":1829,"date":"2026-05-21T16:51:00","date_gmt":"2026-05-21T16:51:00","guid":{"rendered":"https:\/\/turkiyemhaber.com\/?p=1829"},"modified":"2026-05-21T16:51:04","modified_gmt":"2026-05-21T16:51:04","slug":"chpyi-sarsan-surec-nasil-basladi-iste-mutlak-butlan-kararinin-perde-arkasi","status":"publish","type":"post","link":"https:\/\/turkiyemhaber.com\/?p=1829","title":{"rendered":"CHP\u2019yi sarsan s\u00fcre\u00e7 nas\u0131l ba\u015flad\u0131? \u0130\u015fte mutlak butlan karar\u0131n\u0131n perde arkas\u0131"},"content":{"rendered":"\n<p class=\"wp-block-paragraph\">S\u00fcre\u00e7, \u00d6zg\u00fcr \u00d6zel\u2019in genel ba\u015fkan se\u00e7ildi\u011fi 38. Ola\u011fan Kurultay sonras\u0131 ortaya at\u0131lan usuls\u00fczl\u00fck iddialar\u0131yla ba\u015flad\u0131. L\u00fctf\u00fc Sava\u015f ve baz\u0131 delegeler, delege iradesinin bask\u0131 ve menfaat ili\u015fkileriyle y\u00f6nlendirildi\u011fini \u00f6ne s\u00fcrerek dava a\u00e7t\u0131. \u0130lk derece mahkemesinin ret karar\u0131n\u0131n ard\u0131ndan dosya istinafa ta\u015f\u0131nd\u0131 ve Ankara B\u00f6lge Adliye Mahkemesi \u201cmutlak butlan\u201d karar\u0131 verdi.<\/p>\n\n\n\n<p class=\"wp-block-paragraph\">Ankara B\u00f6lge Adliye Mahkemesi, Cumhuriyet Halk Partisi\u2019nin (CHP) 38. Ola\u011fan Kurultay\u0131 ve sonras\u0131ndaki t\u00fcm kurultaylar\u0131 \u201cmutlak butlan\u201d gerek\u00e7esiyle iptal ederek \u00d6zg\u00fcr \u00d6zel y\u00f6netimini g\u00f6revden uzakla\u015ft\u0131rd\u0131. Mahkeme, Kemal K\u0131l\u0131\u00e7daro\u011flu ve eski parti organlar\u0131n\u0131n g\u00f6reve iadesine h\u00fckmetti.<\/p>\n\n\n\n<p class=\"wp-block-paragraph\">T\u00fcrk siyasi tarihine ge\u00e7ecek nitelikteki karar, ana muhalefet partisinde hukuki ve siyasi deprem etkisi yarat\u0131rken piyasalarda da sert hareketlenmelere neden oldu.<\/p>\n\n\n\n<h3 class=\"wp-block-heading\">TAR\u0130H\u0130 KARAR: 38. KURULTAY HUKUKEN \u201cYOK\u201d SAYILDI<\/h3>\n\n\n\n<p class=\"wp-block-paragraph\">Ankara B\u00f6lge Adliye Mahkemesi 36. Hukuk Dairesi, 4-5 Kas\u0131m 2023 tarihlerinde ger\u00e7ekle\u015ftirilen ve \u00d6zg\u00fcr \u00d6zel\u2019in genel ba\u015fkan se\u00e7ildi\u011fi 38. Ola\u011fan Kurultay\u2019\u0131n kesin h\u00fck\u00fcms\u00fcz oldu\u011funa karar verdi.<\/p>\n\n\n\n<p class=\"wp-block-paragraph\">Mahkeme, kurultay\u0131n hukuken hi\u00e7 yap\u0131lmam\u0131\u015f say\u0131lmas\u0131 nedeniyle, o tarihten sonra ger\u00e7ekle\u015ftirilen t\u00fcm ola\u011fan ve ola\u011fan\u00fcst\u00fc kurultaylar\u0131 da zincirleme \u015fekilde iptal etti.<\/p>\n\n\n\n<p class=\"wp-block-paragraph\">Karar do\u011frultusunda:<\/p>\n\n\n\n<ul class=\"wp-block-list\">\n<li>\u00d6zg\u00fcr \u00d6zel ve mevcut MYK ile Parti Meclisi \u00fcyeleri g\u00f6revden uzakla\u015ft\u0131r\u0131ld\u0131.<\/li>\n\n\n\n<li>Kemal K\u0131l\u0131\u00e7daro\u011flu ve \u00f6nceki parti y\u00f6netimi yeniden g\u00f6reve iade edildi.<\/li>\n<\/ul>\n\n\n\n<h3 class=\"wp-block-heading\">MAHKEMEN\u0130N \u0130PTAL GEREK\u00c7ELER\u0130<\/h3>\n\n\n\n<p class=\"wp-block-paragraph\">Mahkemenin gerek\u00e7eli karar\u0131nda Anayasa\u2019n\u0131n 69. maddesi ile Siyasi Partiler Kanunu\u2019nun 4 ve 93. maddelerine at\u0131fta bulunularak, se\u00e7im s\u00fcre\u00e7lerinde demokrasi ve e\u015fitlik ilkelerinin ihlal edildi\u011fi belirtildi.&nbsp;Kararda \u00f6ne \u00e7\u0131kan gerek\u00e7eler \u015f\u00f6yle s\u0131raland\u0131:&nbsp;<\/p>\n\n\n\n<ul class=\"wp-block-list\">\n<li>Delegelerin oy tercihlerinin maddi menfaat ve g\u00f6rev vaatleriyle y\u00f6nlendirildi\u011fi kanaatine var\u0131ld\u0131.<\/li>\n\n\n\n<li>Baz\u0131 delegelerden oy pusulalar\u0131n\u0131n foto\u011fraflar\u0131n\u0131n istenmesinin gizli oy ilkesini ihlal etti\u011fi de\u011ferlendirildi.<\/li>\n\n\n\n<li>CHP \u0130stanbul \u0130l Kongresi\u2019nin de ayn\u0131 gerek\u00e7elerle hukuken sakat oldu\u011fu kabul edildi.<\/li>\n\n\n\n<li>Sonradan yap\u0131lan ola\u011fan\u00fcst\u00fc kurultaylar\u0131n, ilk kurultaydaki hukuki sakatl\u0131\u011f\u0131 gidermedi\u011fi belirtildi.<\/li>\n<\/ul>\n\n\n\n<h3 class=\"wp-block-heading\">CHP GENEL MERKEZ\u0130\u2019NDE KR\u0130Z TOPLANTISI<\/h3>\n\n\n\n<p class=\"wp-block-paragraph\">Karar\u0131n UYAP sistemine d\u00fc\u015fmesinin ard\u0131ndan CHP Genel Merkezi\u2019nde hareketli saatler ya\u015fand\u0131.&nbsp;\u00d6zg\u00fcr \u00d6zel ve mevcut parti y\u00f6netimi, karar\u0131n hukuki sonu\u00e7lar\u0131n\u0131 de\u011ferlendirmek \u00fczere MYK\u2019y\u0131 ola\u011fan\u00fcst\u00fc toplant\u0131ya \u00e7a\u011f\u0131rd\u0131.&nbsp;Parti \u00f6rg\u00fct\u00fcne yap\u0131lan \u00e7a\u011fr\u0131da, partililerin Ankara\u2019daki genel merkeze davet edildi\u011fi belirtildi.<\/p>\n\n\n\n<figure class=\"wp-block-image\"><img decoding=\"async\" src=\"https:\/\/foto.sondakika.com\/haber\/2026\/05\/21\/chpyi-sarsan-hukuki-surec-nasi-47875762-3532_1_m.jpg\" alt=\"CHP\u2019yi sarsan s\u00fcre\u00e7 nas\u0131l ba\u015flad\u0131? \u0130\u015fte mutlak butlan karar\u0131n\u0131n perde arkas\u0131\"\/><\/figure>\n\n\n\n<h3 class=\"wp-block-heading\">BORSA \u0130STANBUL\u2019DA SERT D\u00dc\u015e\u00dc\u015e<\/h3>\n\n\n\n<p class=\"wp-block-paragraph\">Karar\u0131n ard\u0131ndan piyasalarda da sert hareketlilik ya\u015fand\u0131.&nbsp;Ana muhalefet partisinde ya\u015fanan y\u00f6netim krizi nedeniyle Borsa \u0130stanbul\u2019da y\u00fczde 4\u2019\u00fc a\u015fan d\u00fc\u015f\u00fc\u015f g\u00f6r\u00fcld\u00fc.<\/p>\n\n\n\n<h3 class=\"wp-block-heading\">DAVA S\u00dcREC\u0130 NASIL BA\u015eLADI?<\/h3>\n\n\n\n<p class=\"wp-block-paragraph\">S\u00fcre\u00e7, \u00d6zg\u00fcr \u00d6zel\u2019in Kemal K\u0131l\u0131\u00e7daro\u011flu\u2019na kar\u015f\u0131 genel ba\u015fkan se\u00e7ildi\u011fi kurultay\u0131n ard\u0131ndan g\u00fcndeme gelen usuls\u00fczl\u00fck iddialar\u0131yla ba\u015flad\u0131.&nbsp;Eski Hatay B\u00fcy\u00fck\u015fehir Belediye Ba\u015fkan\u0131 L\u00fctf\u00fc Sava\u015f ile baz\u0131 delegeler, kurultaya hile kar\u0131\u015ft\u0131r\u0131ld\u0131\u011f\u0131 ve delege iradesinin sakatland\u0131\u011f\u0131 gerek\u00e7esiyle dava a\u00e7t\u0131.&nbsp;Dosyada yer alan MASAK raporlar\u0131, tan\u0131k ifadeleri ve soru\u015fturma belgeleri de de\u011ferlendirmeye al\u0131nd\u0131.&nbsp;\u0130lk derece mahkemesi davay\u0131 reddetmi\u015fti ancak istinaf mahkemesi, sonraki kurultaylar\u0131n \u00f6nceki usuls\u00fczl\u00fckleri ortadan kald\u0131rmad\u0131\u011f\u0131na h\u00fckmederek tarihi karar\u0131 verdi.<\/p>\n","protected":false},"excerpt":{"rendered":"<p>S\u00fcre\u00e7, \u00d6zg\u00fcr \u00d6zel\u2019in genel ba\u015fkan se\u00e7ildi\u011fi 38. Ola\u011fan Kurultay sonras\u0131 ortaya at\u0131lan usuls\u00fczl\u00fck iddialar\u0131yla ba\u015flad\u0131.<\/p>\n","protected":false},"author":1,"featured_media":1830,"comment_status":"open","ping_status":"open","sticky":false,"template":"","format":"standard","meta":{"_rtcl_gb_attr":"","footnotes":""},"categories":[44],"tags":[],"class_list":["post-1829","post","type-post","status-publish","format-standard","has-post-thumbnail","hentry","category-politika"],"_links":{"self":[{"href":"https:\/\/turkiyemhaber.com\/index.php?rest_route=\/wp\/v2\/posts\/1829","targetHints":{"allow":["GET"]}}],"collection":[{"href":"https:\/\/turkiyemhaber.com\/index.php?rest_route=\/wp\/v2\/posts"}],"about":[{"href":"https:\/\/turkiyemhaber.com\/index.php?rest_route=\/wp\/v2\/types\/post"}],"author":[{"embeddable":true,"href":"https:\/\/turkiyemhaber.com\/index.php?rest_route=\/wp\/v2\/users\/1"}],"replies":[{"embeddable":true,"href":"https:\/\/turkiyemhaber.com\/index.php?rest_route=%2Fwp%2Fv2%2Fcomments&post=1829"}],"version-history":[{"count":1,"href":"https:\/\/turkiyemhaber.com\/index.php?rest_route=\/wp\/v2\/posts\/1829\/revisions"}],"predecessor-version":[{"id":1831,"href":"https:\/\/turkiyemhaber.com\/index.php?rest_route=\/wp\/v2\/posts\/1829\/revisions\/1831"}],"wp:featuredmedia":[{"embeddable":true,"href":"https:\/\/turkiyemhaber.com\/index.php?rest_route=\/wp\/v2\/media\/1830"}],"wp:attachment":[{"href":"https:\/\/turkiyemhaber.com\/index.php?rest_route=%2Fwp%2Fv2%2Fmedia&parent=1829"}],"wp:term":[{"taxonomy":"category","embeddable":true,"href":"https:\/\/turkiyemhaber.com\/index.php?rest_route=%2Fwp%2Fv2%2Fcategories&post=1829"},{"taxonomy":"post_tag","embeddable":true,"href":"https:\/\/turkiyemhaber.com\/index.php?rest_route=%2Fwp%2Fv2%2Ftags&post=1829"}],"curies":[{"name":"wp","href":"https:\/\/api.w.org\/{rel}","templated":true}]}}