{"id":1826,"date":"2026-05-21T16:49:25","date_gmt":"2026-05-21T16:49:25","guid":{"rendered":"https:\/\/turkiyemhaber.com\/?p=1826"},"modified":"2026-05-21T16:49:29","modified_gmt":"2026-05-21T16:49:29","slug":"mutlak-butlan-karari-sonrasi-bomba-iddia-turkiye-45-gun-icinde-baskin-secime-gidecek","status":"publish","type":"post","link":"https:\/\/turkiyemhaber.com\/?p=1826","title":{"rendered":"Mutlak butlan karar\u0131 sonras\u0131 bomba iddia: T\u00fcrkiye 45 g\u00fcn i\u00e7inde bask\u0131n se\u00e7ime gidecek"},"content":{"rendered":"\n<p class=\"wp-block-paragraph\">CHP\u2019nin 38\u2019inci Ola\u011fan Kurultay\u0131 ile 21\u2019inci Ola\u011fan\u00fcst\u00fc Kurultay\u0131 hakk\u0131nda Ankara B\u00f6lge Adliye Mahkemesi 36\u2019nc\u0131 Hukuk Dairesi taraf\u0131ndan \u201cmutlak butlan\u201d karar\u0131 verildi. Kararla birlikte Kemal K\u0131l\u0131\u00e7daro\u011flu\u2019nun yeniden genel ba\u015fkanl\u0131\u011fa d\u00f6nece\u011fi belirtilirken, CHP Merkez Y\u00f6netim Kurulu ola\u011fan\u00fcst\u00fc topland\u0131. Karar\u0131n ard\u0131ndan Saadet Partisi Genel Ba\u015fkan Yard\u0131mc\u0131s\u0131 Mustafa Y\u0131lmaz, \u201cMutlak butlan karar\u0131 \u00e7\u0131kt\u0131\u011f\u0131 andan itibaren T\u00fcrkiye 45 g\u00fcn i\u00e7inde bask\u0131n se\u00e7ime gidecek demektir\u201d a\u00e7\u0131klamas\u0131nda bulundu.<\/p>\n\n\n\n<p class=\"wp-block-paragraph\">CHP\u2019nin 38\u2019inci Ola\u011fan Kurultay\u0131 ile 21\u2019inci Ola\u011fan\u00fcst\u00fc Kurultay\u0131\u2019n\u0131n iptali istemiyle a\u00e7\u0131lan davada, Ankara B\u00f6lge Adliye Mahkemesi 36\u2019nc\u0131 Hukuk Dairesi, her iki kurultay hakk\u0131nda da \u2018mutlak butlan\u2019 karar\u0131 verdi. Karara g\u00f6re Eski CHP Genel Ba\u015fkan\u0131 Kemal K\u0131l\u0131\u00e7daro\u011flu ba\u015fkanl\u0131\u011fa geri d\u00f6n\u00fcyor. Mutlak butlan karar\u0131 sonras\u0131 CHP Merkez Y\u00f6netim Kurulu ola\u011fan\u00fcst\u00fc topland\u0131.<\/p>\n\n\n\n<h3 class=\"wp-block-heading\">&#8220;T\u00dcRK\u0130YE 45 G\u00dcN \u0130\u00c7\u0130NDE BASKIN SE\u00c7\u0130ME G\u0130DECEK&#8221;<\/h3>\n\n\n\n<p class=\"wp-block-paragraph\">Bu karar sonras\u0131&nbsp;Saadet Partisi Genel Ba\u015fkan Yard\u0131mc\u0131s\u0131 Mustafa Y\u0131lmaz&#8217;dan \u00e7ok konu\u015fulacak bir \u00e7\u0131k\u0131\u015f geldi. Y\u0131lmaz, &#8220;Mutlak butlan karar\u0131 \u00e7\u0131kt\u0131\u011f\u0131 andan itibaren T\u00fcrkiye 45 g\u00fcn i\u00e7inde bask\u0131n se\u00e7ime gidecek demektir&#8221; ifadelerini kulland\u0131.&nbsp;<\/p>\n\n\n\n<h3 class=\"wp-block-heading\">CHP MYK OLA\u011eAN\u00dcST\u00dc TOPLANDI<\/h3>\n\n\n\n<p class=\"wp-block-paragraph\">CHP&#8217;de mutlak butlan karar\u0131 sonras\u0131 Merkez Y\u00f6netim Kurulu ola\u011fan\u00fcst\u00fc topland\u0131.<\/p>\n\n\n\n<h3 class=\"wp-block-heading\">BUTLAN KARARININ GEREK\u00c7ELER\u0130<\/h3>\n\n\n\n<p class=\"wp-block-paragraph\"><strong>1-<\/strong>&nbsp;Delege iradesinin fesada u\u011frat\u0131ld\u0131\u011f\u0131 kanaatine var\u0131ld\u0131.<\/p>\n\n\n\n<p class=\"wp-block-paragraph\">Dosyada yer alan ceza soru\u015fturmalar\u0131, iddianameler, tan\u0131k beyanlar\u0131, MASAK raporu, kurum yaz\u0131\u015fmalar\u0131 ve fezlekeler birlikte de\u011ferlendirilerek baz\u0131 delegelerin oy tercihlerinin menfaat ili\u015fkileriyle y\u00f6nlendirildi\u011fi tespit edildi.<\/p>\n\n\n\n<p class=\"wp-block-paragraph\"><strong>2-&nbsp;<\/strong>Para, i\u015f, adayl\u0131k ve ba\u015fka menfaat vaatler belirleyici g\u00f6r\u00fcld\u00fc.<\/p>\n\n\n\n<p class=\"wp-block-paragraph\">Kurultayda ve \u0130stanbul \u0130l Kongresi\u2019nde baz\u0131 delegelere para verildi\u011fi, belediyelerde i\u015fe yerle\u015ftirme vaadinde bulunuldu\u011fu, adayl\u0131k\/siyasi g\u00f6rev taahh\u00fct edildi\u011fi, al\u0131\u015fveri\u015f kart\u0131 gibi menfaatler sa\u011fland\u0131\u011f\u0131 karar gerek\u00e7esine esas al\u0131nd\u0131.<\/p>\n\n\n\n<p class=\"wp-block-paragraph\"><strong>3-<\/strong>&nbsp;Oylar\u0131n denetlendi\u011fi ve gizli iradenin zedelendi\u011fi de\u011ferlendirildi.<\/p>\n\n\n\n<p class=\"wp-block-paragraph\">Baz\u0131 delegelerden oy pusulalar\u0131n\u0131n foto\u011fraf\u0131n\u0131 \u00e7ekip g\u00f6ndermelerinin istendi\u011fi, se\u00e7im iradesinin serbest\u00e7e olu\u015fmad\u0131\u011f\u0131 y\u00f6n\u00fcnde \u00f6nemli bir unsur say\u0131ld\u0131.<\/p>\n\n\n\n<p class=\"wp-block-paragraph\"><strong>4-&nbsp;<\/strong>Parti i\u00e7i demokrasi ve e\u015fitlik ilkelerinin ihlal edildi\u011fi kabul edildi.<\/p>\n\n\n\n<p class=\"wp-block-paragraph\">Anayasa\u2019n\u0131n 69. maddesi ile Siyasi Partiler Kanunu\u2019nun 4 ve 93. maddeleri uyar\u0131nca siyasi partilerin organ se\u00e7imlerinin demokrasi esaslar\u0131na, t\u00fcz\u00fc\u011fe ve \u00fcyeler aras\u0131 e\u015fitlik ilkesine uygun olmas\u0131 gerekti\u011fi vurguland\u0131.<\/p>\n\n\n\n<p class=\"wp-block-paragraph\"><strong>5-&nbsp;<\/strong>Kanunun emredici h\u00fck\u00fcmlerine ayk\u0131r\u0131l\u0131k bulundu\u011fu sonucuna ula\u015f\u0131ld\u0131.<\/p>\n\n\n\n<p class=\"wp-block-paragraph\">Kararda, kurultay ve kongredeki iddia edilen usuls\u00fczl\u00fcklerin sadece basit iptal sebebi de\u011fil, kamu d\u00fczeni ve emredici hukuk kurallar\u0131na ayk\u0131r\u0131l\u0131k olu\u015fturdu\u011fu belirtilerek kesin h\u00fck\u00fcms\u00fczl\u00fck de\u011ferlendirmesi yap\u0131ld\u0131.<\/p>\n\n\n\n<p class=\"wp-block-paragraph\"><strong>6-&nbsp;<\/strong>Sonradan yap\u0131lan ola\u011fan\u00fcst\u00fc kurultaylar\u0131n sakatl\u0131\u011f\u0131 gidermedi\u011fi kabul edildi.<\/p>\n\n\n\n<p class=\"wp-block-paragraph\">4-5 Kas\u0131m 2023 Kurultay\u0131 mutlak butlanla sakat say\u0131ld\u0131\u011f\u0131 i\u00e7in, bu kurultaydan sonra yap\u0131lan ola\u011fan ve ola\u011fan\u00fcst\u00fc kurultaylar\u0131n da hukuki dayana\u011f\u0131n\u0131n kalmad\u0131\u011f\u0131 sonucuna var\u0131ld\u0131.<\/p>\n\n\n\n<p class=\"wp-block-paragraph\"><strong>7-<\/strong>&nbsp;\u0130lk derece mahkemesinin \u201cdava konusuz kald\u0131\u201d yakla\u015f\u0131m\u0131 isabetli bulunmad\u0131.<\/p>\n\n\n\n<p class=\"wp-block-paragraph\">\u0130stinaf karar\u0131na g\u00f6re sonradan yap\u0131lan kurultaylar, \u00f6nceki kurultaydaki mutlak butlan durumunu ortadan kald\u0131rmad\u0131; bu nedenle hukuki yarar\u0131n devam etti\u011fi kabul edildi.<\/p>\n\n\n\n<p class=\"wp-block-paragraph\"><strong>8-&nbsp;<\/strong>\u00d6nceki y\u00f6netime d\u00f6n\u00fc\u015f sonucu ba\u011fland\u0131.<\/p>\n\n\n\n<p class=\"wp-block-paragraph\">Kurultay yap\u0131ld\u0131\u011f\u0131 tarihten itibaren iptal edilince, 4-5 Kas\u0131m 2023 \u00f6ncesi duruma d\u00f6n\u00fclmesine; Kemal K\u0131l\u0131\u00e7daro\u011flu ve o d\u00f6nemki parti organlar\u0131n\u0131n g\u00f6reve devam etmesine karar verildi.<\/p>\n","protected":false},"excerpt":{"rendered":"<p>CHP\u2019nin 38\u2019inci Ola\u011fan Kurultay\u0131 ile 21\u2019inci Ola\u011fan\u00fcst\u00fc Kurultay\u0131 hakk\u0131nda Ankara B\u00f6lge Adliye Mahkemesi 36\u2019nc\u0131 Hukuk<\/p>\n","protected":false},"author":1,"featured_media":1827,"comment_status":"open","ping_status":"open","sticky":false,"template":"","format":"standard","meta":{"_rtcl_gb_attr":"","footnotes":""},"categories":[44],"tags":[],"class_list":["post-1826","post","type-post","status-publish","format-standard","has-post-thumbnail","hentry","category-politika"],"_links":{"self":[{"href":"https:\/\/turkiyemhaber.com\/index.php?rest_route=\/wp\/v2\/posts\/1826","targetHints":{"allow":["GET"]}}],"collection":[{"href":"https:\/\/turkiyemhaber.com\/index.php?rest_route=\/wp\/v2\/posts"}],"about":[{"href":"https:\/\/turkiyemhaber.com\/index.php?rest_route=\/wp\/v2\/types\/post"}],"author":[{"embeddable":true,"href":"https:\/\/turkiyemhaber.com\/index.php?rest_route=\/wp\/v2\/users\/1"}],"replies":[{"embeddable":true,"href":"https:\/\/turkiyemhaber.com\/index.php?rest_route=%2Fwp%2Fv2%2Fcomments&post=1826"}],"version-history":[{"count":1,"href":"https:\/\/turkiyemhaber.com\/index.php?rest_route=\/wp\/v2\/posts\/1826\/revisions"}],"predecessor-version":[{"id":1828,"href":"https:\/\/turkiyemhaber.com\/index.php?rest_route=\/wp\/v2\/posts\/1826\/revisions\/1828"}],"wp:featuredmedia":[{"embeddable":true,"href":"https:\/\/turkiyemhaber.com\/index.php?rest_route=\/wp\/v2\/media\/1827"}],"wp:attachment":[{"href":"https:\/\/turkiyemhaber.com\/index.php?rest_route=%2Fwp%2Fv2%2Fmedia&parent=1826"}],"wp:term":[{"taxonomy":"category","embeddable":true,"href":"https:\/\/turkiyemhaber.com\/index.php?rest_route=%2Fwp%2Fv2%2Fcategories&post=1826"},{"taxonomy":"post_tag","embeddable":true,"href":"https:\/\/turkiyemhaber.com\/index.php?rest_route=%2Fwp%2Fv2%2Ftags&post=1826"}],"curies":[{"name":"wp","href":"https:\/\/api.w.org\/{rel}","templated":true}]}}