{"id":1821,"date":"2026-05-21T16:37:40","date_gmt":"2026-05-21T16:37:40","guid":{"rendered":"https:\/\/turkiyemhaber.com\/?p=1821"},"modified":"2026-05-21T16:37:44","modified_gmt":"2026-05-21T16:37:44","slug":"gozaltina-alinan-unlu-isimlerin-evlerinden-cikanlar-soke-etti","status":"publish","type":"post","link":"https:\/\/turkiyemhaber.com\/?p=1821","title":{"rendered":"G\u00f6zalt\u0131na al\u0131nan \u00fcnl\u00fc isimlerin evlerinden \u00e7\u0131kanlar \u015foke etti"},"content":{"rendered":"\n<p class=\"wp-block-paragraph\">\u00dcnl\u00fclere y\u00f6nelik \u0130stanbul&#8217;da y\u00fcr\u00fct\u00fclen uyu\u015fturucu soru\u015fturmas\u0131nda 25 isim hakk\u0131nda g\u00f6zalt\u0131 karar\u0131 verildi. \u015eu ana kadar 14 isim g\u00f6zalt\u0131na al\u0131nd\u0131. Adreslere yap\u0131lan bask\u0131nlarda ise \u00fcnl\u00fclerin evinden \u00e7\u0131kanlar dikkat \u00e7ekti.<\/p>\n\n\n\n<figure class=\"wp-block-video\"><video height=\"1920\" style=\"aspect-ratio: 1080 \/ 1920;\" width=\"1080\" controls src=\"https:\/\/turkiyemhaber.com\/wp-content\/uploads\/2026\/05\/Cok-yakinda-Instagram-Hikayesi-75.mp4\"><\/video><\/figure>\n\n\n\n<p class=\"wp-block-paragraph\">\u00dcnl\u00fclere y\u00f6nelik uyu\u015fturucu operasyonlar\u0131na bir yenisi daha eklendi. Bak\u0131rk\u00f6y Cumhuriyet Ba\u015fsavc\u0131l\u0131\u011f\u0131 taraf\u0131ndan y\u00fcr\u00fct\u00fclen soru\u015fturma kapsam\u0131nda \u0130stanbul ve Mu\u011fla\u2019da d\u00fczenlenen e\u015f zamanl\u0131 operasyonlarda \u00e7ok say\u0131da \u00fcnl\u00fc isim g\u00f6zalt\u0131na al\u0131nd\u0131.<\/p>\n\n\n\n<h3 class=\"wp-block-heading\">25 ADRESE E\u015e ZAMANLI OPERASYON<\/h3>\n\n\n\n<p class=\"wp-block-paragraph\">Soru\u015fturma kapsam\u0131nda gelen ihbarlar, incelenen dijital materyaller ve elde edilen bilgiler do\u011frultusunda kamuoyunda tan\u0131nan baz\u0131 ki\u015filerin uyu\u015fturucu ve uyar\u0131c\u0131 madde kulland\u0131\u011f\u0131na dair makul \u015f\u00fcphe olu\u015ftu\u011fu belirtildi.&nbsp;Bu kapsamda \u0130stanbul \u0130l Jandarma Komutanl\u0131\u011f\u0131 ekipleri taraf\u0131ndan saat 07.00\u2019den itibaren operasyon d\u00fczenlendi.<\/p>\n\n\n\n<p class=\"wp-block-paragraph\">\u0130stanbul\u2019da;<\/p>\n\n\n\n<ul class=\"wp-block-list\">\n<li>Be\u015fikta\u015f<\/li>\n\n\n\n<li>Sar\u0131yer<\/li>\n\n\n\n<li>Beyo\u011flu<\/li>\n\n\n\n<li>Ka\u011f\u0131thane<\/li>\n\n\n\n<li>\u00dcsk\u00fcdar ile Mu\u011fla\u2019da belirlenen adresler olmak \u00fczere toplam 25 noktada operasyon ger\u00e7ekle\u015ftirildi.<\/li>\n<\/ul>\n\n\n\n<p class=\"wp-block-paragraph\"><img decoding=\"async\" alt=\"Operasyonda Hakan Ayd\u0131n (Blok 3) hakk\u0131nda da g\u00f6zalt\u0131 karar\u0131 verildi.\" src=\"https:\/\/foto.sondakika.com\/haber\/2026\/05\/21\/gozaltina-alinan-unlu-isimleri-19867211-1684_1_m.jpg\">Operasyonda Hakan Ayd\u0131n (Blok 3) hakk\u0131nda da g\u00f6zalt\u0131 karar\u0131 verildi.<\/p>\n\n\n\n<h3 class=\"wp-block-heading\">14 K\u0130\u015e\u0130 G\u00d6ZALTINA ALINDI<\/h3>\n\n\n\n<p class=\"wp-block-paragraph\">Operasyonda toplam 25 \u015f\u00fcpheliye y\u00f6nelik i\u015flem yap\u0131l\u0131rken, aralar\u0131nda \u00fcnl\u00fc isimlerin de bulundu\u011fu 14 ki\u015finin g\u00f6zalt\u0131na al\u0131nd\u0131\u011f\u0131 \u00f6\u011frenildi.&nbsp;Yakalama karar\u0131 \u00e7\u0131kar\u0131lan isimler aras\u0131nda Serenay Sar\u0131kaya, Berkay \u015eahin, Tan Ta\u015f\u00e7\u0131, Ya\u011fmur \u00dcnal, Mirg\u00fcn S\u0131rr\u0131 Cabas, Hakan Ayd\u0131n (BLOK 3), Niran \u00dcnsal, Eren Kesimer, Yasemin \u0130kbal, Hanzede G\u00fcrkanlar ve Semiha Bezek yer al\u0131yor.<\/p>\n\n\n\n<p class=\"wp-block-paragraph\"><strong>G\u00f6zalt\u0131na al\u0131nan isimler:<\/strong><\/p>\n\n\n\n<ul class=\"wp-block-list\">\n<li>Mabel Matiz (Fatih Karaca)<\/li>\n\n\n\n<li>Feyza Civelek<\/li>\n\n\n\n<li>Volkan Bah\u00e7ekap\u0131l\u0131<\/li>\n\n\n\n<li>Onur Tuna<\/li>\n\n\n\n<li>Osman Haktan Canevi<\/li>\n\n\n\n<li>Asl\u0131han Turanl\u0131<\/li>\n\n\n\n<li>K\u00fcbra \u0130mren Siyahdemir<\/li>\n\n\n\n<li>Mehmet Rah\u015fan<\/li>\n\n\n\n<li>Cansu Tekin<\/li>\n\n\n\n<li>\u00d6zg\u00fcr Deniz Cellat<\/li>\n\n\n\n<li>Tar\u0131k Tunca Bak\u0131r<\/li>\n\n\n\n<li>Aycan Ya\u011fc\u0131<\/li>\n\n\n\n<li>Tu\u011f\u00e7e Posto\u011flu<\/li>\n\n\n\n<li>Eda Dora yer ald\u0131.<\/li>\n<\/ul>\n\n\n\n<p class=\"wp-block-paragraph\"><img decoding=\"async\" alt=\"Rap\u00e7i Blok 3'\u00fcn adres aramas\u0131nda ele ge\u00e7enler\" src=\"https:\/\/foto.sondakika.com\/haber\/2026\/05\/21\/gozaltina-alinan-unlu-isimleri-19867211-6699_1_m.jpg\">Rap\u00e7i Blok 3&#8217;\u00fcn adres aramas\u0131nda ele ge\u00e7enler<\/p>\n\n\n\n<h3 class=\"wp-block-heading\">EVLERDEK\u0130 ARAMALARDA D\u0130KKAT \u00c7EKEN BULGULAR<\/h3>\n\n\n\n<p class=\"wp-block-paragraph\">\u015e\u00fcphelilerin adreslerinde yap\u0131lan aramalarda elde edilen baz\u0131 materyallerin soru\u015fturma dosyas\u0131na dahil edildi\u011fi \u00f6\u011frenildi.&nbsp;Operasyon kapsam\u0131nda evlerden \u00e7\u0131kan bulgular\u0131n incelemeye al\u0131nd\u0131\u011f\u0131 belirtildi.<\/p>\n\n\n\n<p class=\"wp-block-paragraph\"><img decoding=\"async\" alt=\"\u00dcnl\u00fclerin doktoru olarak bilinen Mehmet Rah\u015fan'\u0131n ev ve i\u015f yerinden \u00e7\u0131kanlar\" src=\"https:\/\/foto.sondakika.com\/haber\/2026\/05\/21\/gozaltina-alinan-unlu-isimleri-19867211-6806_1_m.jpg\">\u00dcnl\u00fclerin doktoru olarak bilinen Mehmet Rah\u015fan&#8217;\u0131n ev ve i\u015f yerinden \u00e7\u0131kanlar<\/p>\n\n\n\n<figure class=\"wp-block-image\"><img decoding=\"async\" src=\"https:\/\/foto.sondakika.com\/haber\/2026\/05\/21\/gozaltina-alinan-unlu-isimleri-19867211-7966_1_m.jpg\" alt=\"G\u00f6zalt\u0131na al\u0131nan \u00fcnl\u00fc isimlerin evlerinden \u00e7\u0131kanlar \u015foke etti\"\/><\/figure>\n\n\n\n<figure class=\"wp-block-image\"><img decoding=\"async\" src=\"https:\/\/foto.sondakika.com\/haber\/2026\/05\/21\/gozaltina-alinan-unlu-isimleri-19867211-8238_1_m.jpg\" alt=\"G\u00f6zalt\u0131na al\u0131nan \u00fcnl\u00fc isimlerin evlerinden \u00e7\u0131kanlar \u015foke etti\"\/><\/figure>\n","protected":false},"excerpt":{"rendered":"<p>\u00dcnl\u00fclere y\u00f6nelik \u0130stanbul&#8217;da y\u00fcr\u00fct\u00fclen uyu\u015fturucu soru\u015fturmas\u0131nda 25 isim hakk\u0131nda g\u00f6zalt\u0131 karar\u0131 verildi. \u015eu ana kadar<\/p>\n","protected":false},"author":1,"featured_media":0,"comment_status":"open","ping_status":"open","sticky":false,"template":"","format":"standard","meta":{"_rtcl_gb_attr":"","footnotes":""},"categories":[41,43],"tags":[],"class_list":["post-1821","post","type-post","status-publish","format-standard","hentry","category-magazin","category-son-dakika"],"_links":{"self":[{"href":"https:\/\/turkiyemhaber.com\/index.php?rest_route=\/wp\/v2\/posts\/1821","targetHints":{"allow":["GET"]}}],"collection":[{"href":"https:\/\/turkiyemhaber.com\/index.php?rest_route=\/wp\/v2\/posts"}],"about":[{"href":"https:\/\/turkiyemhaber.com\/index.php?rest_route=\/wp\/v2\/types\/post"}],"author":[{"embeddable":true,"href":"https:\/\/turkiyemhaber.com\/index.php?rest_route=\/wp\/v2\/users\/1"}],"replies":[{"embeddable":true,"href":"https:\/\/turkiyemhaber.com\/index.php?rest_route=%2Fwp%2Fv2%2Fcomments&post=1821"}],"version-history":[{"count":1,"href":"https:\/\/turkiyemhaber.com\/index.php?rest_route=\/wp\/v2\/posts\/1821\/revisions"}],"predecessor-version":[{"id":1823,"href":"https:\/\/turkiyemhaber.com\/index.php?rest_route=\/wp\/v2\/posts\/1821\/revisions\/1823"}],"wp:attachment":[{"href":"https:\/\/turkiyemhaber.com\/index.php?rest_route=%2Fwp%2Fv2%2Fmedia&parent=1821"}],"wp:term":[{"taxonomy":"category","embeddable":true,"href":"https:\/\/turkiyemhaber.com\/index.php?rest_route=%2Fwp%2Fv2%2Fcategories&post=1821"},{"taxonomy":"post_tag","embeddable":true,"href":"https:\/\/turkiyemhaber.com\/index.php?rest_route=%2Fwp%2Fv2%2Ftags&post=1821"}],"curies":[{"name":"wp","href":"https:\/\/api.w.org\/{rel}","templated":true}]}}