{"id":1818,"date":"2026-05-21T16:33:36","date_gmt":"2026-05-21T16:33:36","guid":{"rendered":"https:\/\/turkiyemhaber.com\/?p=1818"},"modified":"2026-05-21T16:33:40","modified_gmt":"2026-05-21T16:33:40","slug":"onder-ozen-goreve-gelir-gelmez-tam-16-futbolcunun-kalemini-kirdi","status":"publish","type":"post","link":"https:\/\/turkiyemhaber.com\/?p=1818","title":{"rendered":"\u00d6nder \u00d6zen g\u00f6reve gelir gelmez tam 16 futbolcunun kalemini k\u0131rd\u0131"},"content":{"rendered":"\n<p class=\"wp-block-paragraph\">Be\u015fikta\u015f Futbol Direkt\u00f6r\u00fc \u00d6nder \u00d6zen\u2019in g\u00f6reve gelir gelmez tam 16 futbolcu i\u00e7in ayr\u0131l\u0131k raporu verdi\u011fi \u00f6ne s\u00fcr\u00fcld\u00fc. Siyah-beyazl\u0131larda yeni sezon \u00f6ncesi b\u00fcy\u00fck de\u011fi\u015fim ya\u015fanmas\u0131 bekleniyor.<\/p>\n\n\n\n<p class=\"wp-block-paragraph\">Be\u015fikta\u015f\u2019ta Futbol Direkt\u00f6rl\u00fc\u011f\u00fc g\u00f6revine getirilen&nbsp;<a href=\"https:\/\/www.sondakika.com\/onder-ozen\/\">\u00d6nder \u00d6zen<\/a>, g\u00f6reve gelir gelmez kadro planlamas\u0131na ba\u015flad\u0131. Tecr\u00fcbeli futbol adam\u0131n\u0131n tam 16 futbolcu i\u00e7in ayr\u0131l\u0131k raporu verdi\u011fi \u00f6ne s\u00fcr\u00fcld\u00fc.<\/p>\n\n\n\n<h3 class=\"wp-block-heading\">SERGEN YAL\u00c7IN SONRASI YEN\u0130 D\u00d6NEM<\/h3>\n\n\n\n<p class=\"wp-block-paragraph\">Be\u015fikta\u015f\u2019ta teknik direkt\u00f6r Sergen Yal\u00e7\u0131n ve Futbol A Tak\u0131m\u0131 Genel Koordinat\u00f6r\u00fc Serkan Re\u00e7ber ile yollar ayr\u0131lm\u0131\u015ft\u0131.&nbsp;Siyah-beyazl\u0131 y\u00f6netim futbol yap\u0131lanmas\u0131n\u0131n ba\u015f\u0131na \u00d6nder \u00d6zen\u2019i getirdi.<\/p>\n\n\n\n<h3 class=\"wp-block-heading\">G\u00d6REVE GEL\u0130R GELMEZ HAREKETE GE\u00c7T\u0130<\/h3>\n\n\n\n<p class=\"wp-block-paragraph\">56 ya\u015f\u0131ndaki futbol adam\u0131n\u0131n g\u00f6reve ba\u015flar ba\u015flamaz yeni sezon planlamas\u0131na ba\u015flad\u0131\u011f\u0131 belirtildi.&nbsp;\u00d6nder \u00d6zen\u2019in kadro m\u00fchendisli\u011fi konusunda detayl\u0131 \u00e7al\u0131\u015fma yapt\u0131\u011f\u0131 aktar\u0131ld\u0131.<\/p>\n\n\n\n<h3 class=\"wp-block-heading\">16 FUTBOLCU \u0130\u00c7\u0130N \u201cG\u0130TS\u0130N\u201d RAPORU<\/h3>\n\n\n\n<p class=\"wp-block-paragraph\">T\u00fcrkiye Gazetesi\u2019nin haberine g\u00f6re \u00d6nder \u00d6zen tam 16 futbolcu i\u00e7in ayr\u0131l\u0131k karar\u0131 verdi.<\/p>\n\n\n\n<h3 class=\"wp-block-heading\">G\u00f6nderilmesi d\u00fc\u015f\u00fcn\u00fclen isimler \u015fu \u015fekilde:<\/h3>\n\n\n\n<ul class=\"wp-block-list\">\n<li>Vasquez<\/li>\n\n\n\n<li>Djalo<\/li>\n\n\n\n<li>Uduokhai<\/li>\n\n\n\n<li>Tayyip Talha<\/li>\n\n\n\n<li>Taylan Bulut<\/li>\n\n\n\n<li>G\u00f6khan Sazda\u011f\u0131<\/li>\n\n\n\n<li>Emrecan Uzunhan<\/li>\n\n\n\n<li>Al-Musrati<\/li>\n\n\n\n<li>Arda K\u0131l\u0131\u00e7<\/li>\n\n\n\n<li>Necip Uysal<\/li>\n\n\n\n<li>Amir Hadziahmetovic<\/li>\n\n\n\n<li>Jean Onana<\/li>\n\n\n\n<li>Joao Mario<\/li>\n\n\n\n<li>Can Kele\u015f<\/li>\n\n\n\n<li>Jota Silva<\/li>\n\n\n\n<li>Cengiz \u00dcnder<\/li>\n<\/ul>\n\n\n\n<h3 class=\"wp-block-heading\">KADRODA KALACAK \u0130S\u0130MLER<\/h3>\n\n\n\n<p class=\"wp-block-paragraph\">\u00d6nder \u00d6zen\u2019in raporunda tak\u0131mda tutulmas\u0131 planlanan oyuncular\u0131n da netle\u015fti\u011fi belirtildi.<\/p>\n\n\n\n<h3 class=\"wp-block-heading\">Kadroda d\u00fc\u015f\u00fcn\u00fclmeye devam edilen isimler:<\/h3>\n\n\n\n<ul class=\"wp-block-list\">\n<li>Ersin Destano\u011flu<\/li>\n\n\n\n<li>Emre Bilgin<\/li>\n\n\n\n<li>Agbadou<\/li>\n\n\n\n<li>Emirhan<\/li>\n\n\n\n<li>Yasin \u00d6zcan<\/li>\n\n\n\n<li>R\u0131dvan Y\u0131lmaz<\/li>\n\n\n\n<li>Murillo<\/li>\n\n\n\n<li>Orkun K\u00f6k\u00e7\u00fc<\/li>\n\n\n\n<li>Ndidi<\/li>\n\n\n\n<li>Olaitan<\/li>\n\n\n\n<li>Vaclav Cerny<\/li>\n\n\n\n<li>Oh<\/li>\n<\/ul>\n\n\n\n<h3 class=\"wp-block-heading\">KARARI YEN\u0130 HOCA VERECEK<\/h3>\n\n\n\n<p class=\"wp-block-paragraph\">Baz\u0131 futbolcular i\u00e7in ise son karar\u0131n yeni teknik direkt\u00f6re b\u0131rak\u0131laca\u011f\u0131 ifade edildi.<\/p>\n\n\n\n<h3 class=\"wp-block-heading\">Bu listede:<\/h3>\n\n\n\n<ul class=\"wp-block-list\">\n<li>El Bilal Toure<\/li>\n\n\n\n<li>Mustafa Hekimo\u011flu<\/li>\n\n\n\n<li>Semih K\u0131l\u0131\u00e7soy<\/li>\n\n\n\n<li>Rashica<\/li>\n\n\n\n<li>Kartal Kayra<\/li>\n\n\n\n<li>Salih U\u00e7an<\/li>\n\n\n\n<li>Asllani<\/li>\n\n\n\n<li>Elan Ricardo yer ald\u0131.<\/li>\n<\/ul>\n\n\n\n<h3 class=\"wp-block-heading\">BE\u015e\u0130KTA\u015e\u2019TA K\u00d6KL\u00dc DE\u011e\u0130\u015e\u0130M<\/h3>\n\n\n\n<p class=\"wp-block-paragraph\">\u00d6nder \u00d6zen\u2019in raporunun ard\u0131ndan Be\u015fikta\u015f\u2019ta kadronun b\u00fcy\u00fck \u00f6l\u00e7\u00fcde de\u011fi\u015fmesi bekleniyor.&nbsp;Siyah-beyazl\u0131 y\u00f6netimin yeni sezon \u00f6ncesi ciddi bir yap\u0131lanmaya gitmeye haz\u0131rland\u0131\u011f\u0131 konu\u015fuluyor.<\/p>\n","protected":false},"excerpt":{"rendered":"<p>Be\u015fikta\u015f Futbol Direkt\u00f6r\u00fc \u00d6nder \u00d6zen\u2019in g\u00f6reve gelir gelmez tam 16 futbolcu i\u00e7in ayr\u0131l\u0131k raporu verdi\u011fi<\/p>\n","protected":false},"author":1,"featured_media":1819,"comment_status":"open","ping_status":"open","sticky":false,"template":"","format":"standard","meta":{"_rtcl_gb_attr":"","footnotes":""},"categories":[3],"tags":[],"class_list":["post-1818","post","type-post","status-publish","format-standard","has-post-thumbnail","hentry","category-spor"],"_links":{"self":[{"href":"https:\/\/turkiyemhaber.com\/index.php?rest_route=\/wp\/v2\/posts\/1818","targetHints":{"allow":["GET"]}}],"collection":[{"href":"https:\/\/turkiyemhaber.com\/index.php?rest_route=\/wp\/v2\/posts"}],"about":[{"href":"https:\/\/turkiyemhaber.com\/index.php?rest_route=\/wp\/v2\/types\/post"}],"author":[{"embeddable":true,"href":"https:\/\/turkiyemhaber.com\/index.php?rest_route=\/wp\/v2\/users\/1"}],"replies":[{"embeddable":true,"href":"https:\/\/turkiyemhaber.com\/index.php?rest_route=%2Fwp%2Fv2%2Fcomments&post=1818"}],"version-history":[{"count":1,"href":"https:\/\/turkiyemhaber.com\/index.php?rest_route=\/wp\/v2\/posts\/1818\/revisions"}],"predecessor-version":[{"id":1820,"href":"https:\/\/turkiyemhaber.com\/index.php?rest_route=\/wp\/v2\/posts\/1818\/revisions\/1820"}],"wp:featuredmedia":[{"embeddable":true,"href":"https:\/\/turkiyemhaber.com\/index.php?rest_route=\/wp\/v2\/media\/1819"}],"wp:attachment":[{"href":"https:\/\/turkiyemhaber.com\/index.php?rest_route=%2Fwp%2Fv2%2Fmedia&parent=1818"}],"wp:term":[{"taxonomy":"category","embeddable":true,"href":"https:\/\/turkiyemhaber.com\/index.php?rest_route=%2Fwp%2Fv2%2Fcategories&post=1818"},{"taxonomy":"post_tag","embeddable":true,"href":"https:\/\/turkiyemhaber.com\/index.php?rest_route=%2Fwp%2Fv2%2Ftags&post=1818"}],"curies":[{"name":"wp","href":"https:\/\/api.w.org\/{rel}","templated":true}]}}