{"id":1815,"date":"2026-05-21T16:32:03","date_gmt":"2026-05-21T16:32:03","guid":{"rendered":"https:\/\/turkiyemhaber.com\/?p=1815"},"modified":"2026-05-21T16:32:07","modified_gmt":"2026-05-21T16:32:07","slug":"ahu-tugbanin-kizi-anjelik-annesinden-kalan-mirasin-buyuklugunu-acikladi","status":"publish","type":"post","link":"https:\/\/turkiyemhaber.com\/?p=1815","title":{"rendered":"Ahu Tu\u011fba\u2019n\u0131n k\u0131z\u0131 Anjelik, annesinden kalan miras\u0131n b\u00fcy\u00fckl\u00fc\u011f\u00fcn\u00fc a\u00e7\u0131klad\u0131"},"content":{"rendered":"\n<p class=\"wp-block-paragraph\">Ye\u015fil\u00e7am\u2019\u0131n unutulmaz oyuncular\u0131ndan Ahu Tu\u011fba\u2019n\u0131n k\u0131z\u0131 Anjelik Calvin, annesinin vefat\u0131n\u0131n ard\u0131ndan ilk kez \u0130stanbul\u2019da g\u00f6r\u00fcnt\u00fclendi. Kat\u0131ld\u0131\u011f\u0131 etkinlikte bas\u0131n mensuplar\u0131n\u0131n sorular\u0131n\u0131 yan\u0131tlayan Calvin, &#8220;. Annemden geriye hi\u00e7bir \u015fey kalmad\u0131ysa bile pembe geceli\u011fi ve terlikleri bana yetiyor. Miras konusuna gelirsek; annemden 5 ki\u015fiye yetecek kadar bir miras kald\u0131. Net bir rakam s\u00f6yleyemem, g\u00fcnaht\u0131r. &#8221; dedi.<\/p>\n\n\n\n<p class=\"wp-block-paragraph\">T\u00fcrk sinemas\u0131n\u0131n sevilen isimlerinden&nbsp;<a href=\"https:\/\/www.sondakika.com\/ahu-tugba\/\">Ahu Tu\u011fba<\/a>, 1 Eyl\u00fcl 2024 tarihinde ABD\u2019nin Miami kentindeki evinde 69 ya\u015f\u0131nda ya\u015fam\u0131n\u0131 yitirmi\u015fti. Sanat\u00e7\u0131n\u0131n cenazesi daha sonra \u0130stanbul\u2019a getirilerek son yolculu\u011funa u\u011furlanm\u0131\u015ft\u0131. Annesinin \u00f6l\u00fcm\u00fcn\u00fcn ard\u0131ndan g\u00f6zlerden uzak bir d\u00f6nem ge\u00e7iren Anjelik Calvin, aylar sonra \u0130stanbul\u2019da kat\u0131ld\u0131\u011f\u0131 davette ilk kez konu\u015ftu.<\/p>\n\n\n\n<h3 class=\"wp-block-heading\">\u201cBEN ANNEM\u0130N S\u00dcM\u00dc\u011e\u00dc B\u0130LE OLAMAM\u201d<\/h3>\n\n\n\n<p class=\"wp-block-paragraph\">Gazetecilerin, \u201cAnnenizin kopyas\u0131s\u0131n\u0131z\u201d s\u00f6zleri \u00fczerine duygulanan Calvin, annesine duydu\u011fu hayranl\u0131\u011f\u0131,&nbsp;\u201cBenzemiyorum. Ben annemin s\u00fcm\u00fc\u011f\u00fc bile olamam.\u201d&nbsp;ifadeleriyle anlatt\u0131.<\/p>\n\n\n\n<p class=\"wp-block-paragraph\">Annesinin yerinin hi\u00e7bir zaman dolmayaca\u011f\u0131n\u0131 s\u00f6yleyen Calvin, Ahu Tu\u011fba\u2019ya olan \u00f6zlemini h\u00e2l\u00e2 derinden hissetti\u011fini ifade etti.<\/p>\n\n\n\n<figure class=\"wp-block-image\"><img decoding=\"async\" src=\"https:\/\/foto.sondakika.com\/haber\/2026\/05\/21\/ahu-tugbanin-kizi-anjelik-anne-19867238-1337_1_m.jpg\" alt=\"Ahu Tu\u011fba\u2019n\u0131n k\u0131z\u0131 Anjelik, annesinden kalan miras\u0131n b\u00fcy\u00fckl\u00fc\u011f\u00fcn\u00fc a\u00e7\u0131klad\u0131\"\/><\/figure>\n\n\n\n<h3 class=\"wp-block-heading\">\u201cANNEM\u0130N \u00d6LD\u00dc\u011e\u00dc KANLI YASTI\u011eI B\u0130LE SAKLAMI\u015eIM\u201d<\/h3>\n\n\n\n<p class=\"wp-block-paragraph\">Anjelik Calvin, annesinin hayat\u0131n\u0131 kaybetti\u011fi evde ya\u015fad\u0131\u011f\u0131 psikolojik \u00e7\u00f6k\u00fc\u015f\u00fc de ilk kez anlatt\u0131. S\u00fcre\u00e7 boyunca otellerde kald\u0131\u011f\u0131n\u0131 belirten Calvin, o d\u00f6nemi \u015fu s\u00f6zlerle aktard\u0131:<\/p>\n\n\n\n<p class=\"wp-block-paragraph\">\u201cAmerika&#8217;daki evde b\u00fcy\u00fck bir psikolojik travma atlatt\u0131m. S\u00fcre\u00e7 boyunca otelde kald\u0131m; babam sadece otel masraflar\u0131 i\u00e7in 20-30 bin dolar\u0131n \u00fcst\u00fcnde para harcad\u0131. O d\u00f6nem evimi fareler bast\u0131. &#8216;Acaba ev lanetlendi mi?&#8217; diye d\u00fc\u015f\u00fcnd\u00fcm ama me\u011fer b\u00fct\u00fcn binay\u0131 basm\u0131\u015f. Annemin \u00f6ld\u00fc\u011f\u00fc yatak tam kar\u015f\u0131mda duruyordu. Zaten o anki \u015fokla annemin \u00f6ld\u00fc\u011f\u00fc kanl\u0131 yast\u0131\u011f\u0131 vesaire her \u015feyi saklam\u0131\u015f\u0131m. B\u00fcy\u00fck bir travmayd\u0131.\u201d<\/p>\n\n\n\n<figure class=\"wp-block-image\"><img decoding=\"async\" src=\"https:\/\/foto.sondakika.com\/haber\/2026\/05\/21\/ahu-tugbanin-kizi-anjelik-anne-19867238-9430_1_m.jpg\" alt=\"Ahu Tu\u011fba\u2019n\u0131n k\u0131z\u0131 Anjelik, annesinden kalan miras\u0131n b\u00fcy\u00fckl\u00fc\u011f\u00fcn\u00fc a\u00e7\u0131klad\u0131\"\/><\/figure>\n\n\n\n<h3 class=\"wp-block-heading\">\u201c5 K\u0130\u015e\u0130YE YETECEK KADAR M\u0130RAS KALDI\u201d<\/h3>\n\n\n\n<p class=\"wp-block-paragraph\">Annesine ait baz\u0131 \u00f6zel e\u015fyalar\u0131n \u00e7al\u0131nd\u0131\u011f\u0131n\u0131 s\u00f6yleyen Calvin, ya\u015fad\u0131\u011f\u0131 hayal k\u0131r\u0131kl\u0131\u011f\u0131n\u0131 da dile getirdi.&nbsp;<a href=\"https:\/\/www.sondakika.com\/miras\/\">Miras<\/a>&nbsp;konusundaki sorulara ise \u015fu yan\u0131t\u0131 verdi:<\/p>\n\n\n\n<p class=\"wp-block-paragraph\">\u201cAnnemin hat\u0131ralar\u0131n\u0131 ne yaz\u0131k ki saklayamad\u0131m, evdeki kaos ortam\u0131nda hepsini \u00e7alm\u0131\u015flar. Annemden geriye hi\u00e7bir \u015fey kalmad\u0131ysa bile pembe geceli\u011fi ve terlikleri bana yetiyor. Miras konusuna gelirsek; annemden 5 ki\u015fiye yetecek kadar bir miras kald\u0131. Net bir rakam s\u00f6yleyemem, g\u00fcnaht\u0131r. Ancak ben annemin \u00f6l\u00fc bedenini g\u00f6rd\u00fcm; paran\u0131n, pulun inan hi\u00e7 de\u011feri yok. Ke\u015fke annem hayatta olsayd\u0131 da hi\u00e7bir \u015feyimiz olmasayd\u0131. Herkes annesinin de\u011ferini bilsin.\u201d<\/p>\n","protected":false},"excerpt":{"rendered":"<p>Ye\u015fil\u00e7am\u2019\u0131n unutulmaz oyuncular\u0131ndan Ahu Tu\u011fba\u2019n\u0131n k\u0131z\u0131 Anjelik Calvin, annesinin vefat\u0131n\u0131n ard\u0131ndan ilk kez \u0130stanbul\u2019da g\u00f6r\u00fcnt\u00fclendi.<\/p>\n","protected":false},"author":1,"featured_media":1816,"comment_status":"open","ping_status":"open","sticky":false,"template":"","format":"standard","meta":{"_rtcl_gb_attr":"","footnotes":""},"categories":[41],"tags":[],"class_list":["post-1815","post","type-post","status-publish","format-standard","has-post-thumbnail","hentry","category-magazin"],"_links":{"self":[{"href":"https:\/\/turkiyemhaber.com\/index.php?rest_route=\/wp\/v2\/posts\/1815","targetHints":{"allow":["GET"]}}],"collection":[{"href":"https:\/\/turkiyemhaber.com\/index.php?rest_route=\/wp\/v2\/posts"}],"about":[{"href":"https:\/\/turkiyemhaber.com\/index.php?rest_route=\/wp\/v2\/types\/post"}],"author":[{"embeddable":true,"href":"https:\/\/turkiyemhaber.com\/index.php?rest_route=\/wp\/v2\/users\/1"}],"replies":[{"embeddable":true,"href":"https:\/\/turkiyemhaber.com\/index.php?rest_route=%2Fwp%2Fv2%2Fcomments&post=1815"}],"version-history":[{"count":1,"href":"https:\/\/turkiyemhaber.com\/index.php?rest_route=\/wp\/v2\/posts\/1815\/revisions"}],"predecessor-version":[{"id":1817,"href":"https:\/\/turkiyemhaber.com\/index.php?rest_route=\/wp\/v2\/posts\/1815\/revisions\/1817"}],"wp:featuredmedia":[{"embeddable":true,"href":"https:\/\/turkiyemhaber.com\/index.php?rest_route=\/wp\/v2\/media\/1816"}],"wp:attachment":[{"href":"https:\/\/turkiyemhaber.com\/index.php?rest_route=%2Fwp%2Fv2%2Fmedia&parent=1815"}],"wp:term":[{"taxonomy":"category","embeddable":true,"href":"https:\/\/turkiyemhaber.com\/index.php?rest_route=%2Fwp%2Fv2%2Fcategories&post=1815"},{"taxonomy":"post_tag","embeddable":true,"href":"https:\/\/turkiyemhaber.com\/index.php?rest_route=%2Fwp%2Fv2%2Ftags&post=1815"}],"curies":[{"name":"wp","href":"https:\/\/api.w.org\/{rel}","templated":true}]}}