{"id":1807,"date":"2026-05-21T16:26:23","date_gmt":"2026-05-21T16:26:23","guid":{"rendered":"https:\/\/turkiyemhaber.com\/?p=1807"},"modified":"2026-05-21T16:26:27","modified_gmt":"2026-05-21T16:26:27","slug":"turkiye-kiyilari-artik-dunya-markasi-mavi-bayrakli-plaj-sayimiz-580e-yukseldi","status":"publish","type":"post","link":"https:\/\/turkiyemhaber.com\/?p=1807","title":{"rendered":"T\u00fcrkiye k\u0131y\u0131lar\u0131 art\u0131k d\u00fcnya markas\u0131! Mavi bayrakl\u0131 plaj say\u0131m\u0131z 580&#8217;e y\u00fckseldi"},"content":{"rendered":"\n<p class=\"wp-block-paragraph\">T\u00fcrkiye, 2026\u2019da 580 plaj, 30 marina, 18 turizm teknesi ve 26 bireysel yatla Mavi Bayrak\u2019ta d\u00fcnya \u00fc\u00e7\u00fcnc\u00fcl\u00fc\u011f\u00fcn\u00fc korudu. Yeni halk plajlar\u0131 ve T\u00fcrkb\u00fck\u00fc\u2019n\u00fcn de dahil oldu\u011fu yat\u0131r\u0131mlarla dikkat \u00e7eken T\u00fcrkiye, \u00e7evre standartlar\u0131 ve g\u00fcvenli turizm altyap\u0131s\u0131yla Akdeniz\u2019deki g\u00fc\u00e7l\u00fc konumunu s\u00fcrd\u00fcrd\u00fc. K\u00fclt\u00fcr ve Turizm Bakan\u0131 Mehmet Nuri Ersoy, Mavi Bayrak haritas\u0131n\u0131 yeni halk plajlar\u0131yla geni\u015flettiklerini s\u00f6yledi.<\/p>\n\n\n\n<p class=\"wp-block-paragraph\">T\u00fcrkiye, s\u00fcrd\u00fcr\u00fclebilir turizm ve \u00e7evre odakl\u0131 k\u0131y\u0131 y\u00f6netimindeki istikrarl\u0131 y\u00fckseli\u015fini 2026 Mavi Bayrak sonu\u00e7lar\u0131yla bir kez daha d\u00fcnyaya g\u00f6sterdi. Mavi Bayrak\u2019ta d\u00fcnya 3\u2019\u00fcnc\u00fcl\u00fc\u011f\u00fcn\u00fc koruyan T\u00fcrkiye; b\u00fcy\u00fcyen plaj a\u011f\u0131, uluslararas\u0131 standartlardaki halk plajlar\u0131 ve yeni yat\u0131r\u0131mlarla Akdeniz\u2019deki \u201cmavi rekabetin\u201d en g\u00fc\u00e7l\u00fc \u00fclkeleri aras\u0131ndaki yerini daha da sa\u011flamla\u015ft\u0131rd\u0131.<\/p>\n\n\n\n<p class=\"wp-block-paragraph\">Uluslararas\u0131 \u00c7evre E\u011fitim Vakf\u0131-FEE taraf\u0131ndan a\u00e7\u0131klanan 2026 y\u0131l\u0131 Mavi Bayrak \u00f6d\u00fcllerine g\u00f6re T\u00fcrkiye genelinde Mavi Bayrak dalgalanan plaj say\u0131s\u0131 577\u2019den 580\u2019e y\u00fckseldi. T\u00fcrkiye, plaj kategorisinde \u0130spanya ve Yunanistan\u2019\u0131n ard\u0131ndan bir kez daha d\u00fcnyan\u0131n en ba\u015far\u0131l\u0131 \u00fc\u00e7\u00fcnc\u00fc \u00fclkesi oldu.<\/p>\n\n\n\n<p class=\"wp-block-paragraph\">T\u00fcrkiye \u00c7evre E\u011fitim Vakf\u0131 (T\u00dcR\u00c7EV) taraf\u0131ndan \u0130zmir Fo\u00e7a\u2019da kamuoyuyla payla\u015f\u0131lan sonu\u00e7lar\u0131 de\u011ferlendiren K\u00fclt\u00fcr ve Turizm Bakan\u0131 Mehmet Nuri Ersoy, T\u00fcrkiye\u2019nin Mavi Bayrak haritas\u0131n\u0131 yeni halk plajlar\u0131yla geni\u015fletmeye devam ettiklerini vurgulad\u0131. T\u00fcrkiye sahillerinin art\u0131k bir d\u00fcnya markas\u0131 haline geldi\u011fini belirten Ersoy, Bodrum T\u00fcrkb\u00fck\u00fc \u00dccretsiz Giri\u015fli Halk Plaj\u0131\u2019nda da bu y\u0131l ilk kez Mavi Bayrak dalgalanaca\u011f\u0131n\u0131 ifade etti.<\/p>\n\n\n\n<figure class=\"wp-block-image\"><img decoding=\"async\" src=\"https:\/\/foto.sondakika.com\/haber\/2026\/05\/21\/turkiye-kiyilari-artik-dunya-m-19867328-2129_1_m.jpg\" alt=\"T\u00fcrkiye k\u0131y\u0131lar\u0131 art\u0131k d\u00fcnya markas\u0131! Mavi bayrakl\u0131 plaj say\u0131m\u0131z 580'e y\u00fckseldi\"\/><\/figure>\n\n\n\n<p class=\"wp-block-paragraph\">\u00c7evre, \u015eehircilik ve \u0130klim De\u011fi\u015fikli\u011fi Bakanl\u0131\u011f\u0131 ile Sa\u011fl\u0131k Bakanl\u0131\u011f\u0131 gibi payda\u015f kurumlara te\u015fekk\u00fcr eden Bakan Ersoy, sosyal medya payla\u015f\u0131m\u0131nda \u015fu ifadeleri kulland\u0131:<\/p>\n\n\n\n<p class=\"wp-block-paragraph\">\u201cSahillerimiz art\u0131k d\u00fcnya markas\u0131! Mavi Bayrak\u2019ta d\u00fcnya 3\u2019\u00fcnc\u00fcl\u00fc\u011f\u00fcm\u00fcz\u00fc bir kez daha koruduk. 2026 y\u0131l\u0131nda 580 plaj, 30 marina, 18 turizm teknesi ve 26 bireysel yat Mavi Bayrak almaya hak kazand\u0131. B\u00f6ylece T\u00fcrkiye; \u00e7evre standartlar\u0131, g\u00fcvenli turizm altyap\u0131s\u0131 ve s\u00fcrd\u00fcr\u00fclebilir k\u0131y\u0131 y\u00f6netimindeki g\u00fc\u00e7l\u00fc konumunu uluslararas\u0131 \u00f6l\u00e7ekte bir kez daha tescilledi. Akdeniz&#8217;deki mavi rekabette g\u00fc\u00e7l\u00fc y\u00fckseli\u015fimizi s\u00fcrd\u00fcr\u00fcrken \u00fccretsiz giri\u015fli halk plajlar\u0131m\u0131z\u0131 da uluslararas\u0131 standartlarla b\u00fcy\u00fctmeye devam ediyoruz. Bu y\u0131l Bodrum T\u00fcrkb\u00fck\u00fc Halk Plaj\u0131m\u0131z da Mavi Bayrakl\u0131 halk plajlar\u0131m\u0131z aras\u0131na kat\u0131ld\u0131. Yeni halk plaj\u0131 projelerimizle T\u00fcrkiye\u2019nin Mavi Bayrak haritas\u0131n\u0131 daha da geni\u015fletece\u011fiz. Bu ba\u015far\u0131da eme\u011fi bulunan T\u00dcR\u00c7EV ba\u015fta olmak \u00fczere t\u00fcm payda\u015f kurumlar\u0131m\u0131za, yerel y\u00f6netimlerimize ve turizm sekt\u00f6r\u00fcm\u00fcze te\u015fekk\u00fcr ediyorum.\u201d<\/p>\n\n\n\n<figure class=\"wp-block-image\"><img decoding=\"async\" src=\"https:\/\/foto.sondakika.com\/haber\/2026\/05\/21\/turkiye-kiyilari-artik-dunya-m-19867328-6492_1_m.jpg\" alt=\"T\u00fcrkiye k\u0131y\u0131lar\u0131 art\u0131k d\u00fcnya markas\u0131! Mavi bayrakl\u0131 plaj say\u0131m\u0131z 580'e y\u00fckseldi\"\/><\/figure>\n\n\n\n<h3 class=\"wp-block-heading\">YEN\u0130 HALK PLAJLARI MAV\u0130 B\u00dcY\u00dcMEYE G\u00dc\u00c7 KATIYOR<\/h3>\n\n\n\n<p class=\"wp-block-paragraph\">K\u00fclt\u00fcr ve Turizm Bakan\u0131 Mehmet Nuri Ersoy\u2019un daha \u00f6nce kamuoyuyla payla\u015ft\u0131\u011f\u0131 yeni halk plaj\u0131 projeleri de T\u00fcrkiye\u2019nin \u201cmavi\u201d b\u00fcy\u00fcme vizyonunun \u00f6nemli ad\u0131mlar\u0131 aras\u0131nda yer al\u0131yor.<\/p>\n\n\n\n<p class=\"wp-block-paragraph\">Bakan Ersoy; Bitlis Adilcevaz, Sinop \u0130nceburun ve Samsun Yakakent\u2019te \u00e7al\u0131\u015fmalar\u0131 s\u00fcren yeni \u00fccretsiz giri\u015fli halk plajlar\u0131yla birlikte Bakanl\u0131\u011f\u0131n 5 y\u0131ld\u0131z konseptiyle hayata ge\u00e7irdi\u011fi halk plaj\u0131 say\u0131s\u0131n\u0131n 2026 sonunda 23\u2019e y\u00fckselmesinin hedeflendi\u011fini kamuoyuna duyurmu\u015ftu. Ersoy, vatanda\u015flar\u0131n \u00fccretsiz \u015fekilde faydaland\u0131\u011f\u0131 halk plajlar\u0131nda \u00e7evre y\u00f6netimi, g\u00fcvenlik, temizlik ve hizmet kalitesini uluslararas\u0131 standartlarda b\u00fcy\u00fctmeye devam edeceklerini vurgulam\u0131\u015ft\u0131.<\/p>\n\n\n\n<p class=\"wp-block-paragraph\">Bu vizyon do\u011frultusunda hayata ge\u00e7irilen \u00fccretsiz giri\u015fli halk plajlar\u0131, 2026 Mavi Bayrak listesinde de \u00f6ne \u00e7\u0131kan ba\u015fl\u0131klardan biri oldu. Antalya\u2019da Sorgun, Il\u0131ca, Belek, Kadriye, Lara 1, Lara 2, Beldibi Bah\u00e7ecik, \u00c7ifte\u00e7e\u015fmeler, \u00c7amyuva ve Tekirova halk plajlar\u0131; Mu\u011fla\u2019da ise Marmaris Halk Plaj\u0131, Bodrum \u0130\u00e7meler Halk Plaj\u0131 ve bu y\u0131l ilk kez listeye giren T\u00fcrkb\u00fck\u00fc Halk Plaj\u0131 Mavi Bayrak almaya hak kazand\u0131. B\u00f6ylece Bakanl\u0131\u011f\u0131n 5 y\u0131ld\u0131z konseptiyle hayata ge\u00e7irdi\u011fi \u00fccretsiz giri\u015fli halk plajlar\u0131, T\u00fcrkiye\u2019nin uluslararas\u0131 standartlardaki \u2019mavi\u2019 k\u0131y\u0131 a\u011f\u0131n\u0131n en g\u00fc\u00e7l\u00fc par\u00e7alar\u0131ndan biri haline geldi.<\/p>\n\n\n\n<figure class=\"wp-block-image\"><img decoding=\"async\" src=\"https:\/\/foto.sondakika.com\/haber\/2026\/05\/21\/turkiye-kiyilari-artik-dunya-m-19867328-7548_1_m.jpg\" alt=\"T\u00fcrkiye k\u0131y\u0131lar\u0131 art\u0131k d\u00fcnya markas\u0131! Mavi bayrakl\u0131 plaj say\u0131m\u0131z 580'e y\u00fckseldi\"\/><\/figure>\n\n\n\n<h3 class=\"wp-block-heading\">MAV\u0130 YARI\u015eTA T\u00dcRK\u0130YE Z\u0130RVEDEK\u0130 YER\u0130N\u0130 KORUDU<\/h3>\n\n\n\n<p class=\"wp-block-paragraph\">T\u00fcrkiye, plaj kategorisinde \u0130spanya ve Yunanistan\u2019\u0131n ard\u0131ndan bir kez daha d\u00fcnyan\u0131n en ba\u015far\u0131l\u0131 \u00fc\u00e7\u00fcnc\u00fc \u00fclkesi oldu. T\u00fcrkiye ayn\u0131 zamanda turizm tekneleri kategorisindeki d\u00fcnya d\u00f6rd\u00fcnc\u00fcl\u00fc\u011f\u00fcn\u00fc de korudu. Mavi Bayrak 2026 sonu\u00e7lar\u0131na g\u00f6re, T\u00fcrkiye\u2019de 580 plaj, 30 marina, 18 turizm teknesi ve 26 bireysel yat Mavi Bayrak almaya hak kazand\u0131.<\/p>\n\n\n\n<p class=\"wp-block-paragraph\">T\u00fcrkiye\u2019de T\u00dcR\u00c7EV koordinasyonunda y\u00fcr\u00fct\u00fclen program kapsam\u0131nda; y\u00fczme suyu kalitesi, \u00e7evre y\u00f6netimi, can g\u00fcvenli\u011fi, engelli eri\u015fimi, at\u0131k y\u00f6netimi ve \u00e7evre e\u011fitimi gibi bir\u00e7ok kriter uluslararas\u0131 denetim s\u00fcre\u00e7leriyle takip ediliyor.<\/p>\n\n\n\n<figure class=\"wp-block-image\"><img decoding=\"async\" src=\"https:\/\/foto.sondakika.com\/haber\/2026\/05\/21\/turkiye-kiyilari-artik-dunya-m-19867328-3182_1_m.jpg\" alt=\"T\u00fcrkiye k\u0131y\u0131lar\u0131 art\u0131k d\u00fcnya markas\u0131! Mavi bayrakl\u0131 plaj say\u0131m\u0131z 580'e y\u00fckseldi\"\/><\/figure>\n\n\n\n<h3 class=\"wp-block-heading\">ANTALYA KIYILARI Y\u0130NE L\u0130DER<\/h3>\n\n\n\n<p class=\"wp-block-paragraph\">Antalya, 2026 y\u0131l\u0131nda 232 plajla T\u00fcrkiye\u2019nin en fazla Mavi Bayrakl\u0131 plaja sahip ili olmay\u0131 bu y\u0131l da s\u00fcrd\u00fcrd\u00fc. Mu\u011fla 113 plajla ikinci, \u0130zmir ise 60 plajla \u00fc\u00e7\u00fcnc\u00fc s\u0131rada yer ald\u0131. Bal\u0131kesir 45, Ayd\u0131n 39, Samsun 19, \u00c7anakkale 14, Mersin 12, Tekirda\u011f 10 ve Kocaeli 9 Mavi Bayrakl\u0131 plajla listede \u00f6ne \u00e7\u0131kan iller aras\u0131nda yer ald\u0131. Bursa\u2019n\u0131n 4 plajla yer ald\u0131\u011f\u0131 listede; \u0130stanbul, Sakarya, D\u00fczce, Bart\u0131n ve Ordu\u2019nun ayr\u0131 ayr\u0131 3\u2019er, Yalova ve Zonguldak\u2019\u0131n 2\u2019\u015fer, K\u0131rklareli, Van, Adana ve Sinop\u2019un ise ayr\u0131 ayr\u0131 1\u2019er Mavi Bayrakl\u0131 plaj\u0131 bulundu.<\/p>\n\n\n\n<p class=\"wp-block-paragraph\">T\u00fcrkiye genelinde 2026 y\u0131l\u0131nda Mavi Bayrakl\u0131 marina say\u0131s\u0131 30, turizm teknesi say\u0131s\u0131 18, bireysel yat say\u0131s\u0131 ise 26 olurken \u00e7evre odakl\u0131 turizm yat\u0131r\u0131mlar\u0131yla birlikte T\u00fcrkiye\u2019nin k\u0131y\u0131 turizmindeki uluslararas\u0131 marka g\u00fcc\u00fc de b\u00fcy\u00fcmeyi s\u00fcrd\u00fcrd\u00fc.<\/p>\n\n\n\n<p class=\"wp-block-paragraph\">2026 y\u0131l\u0131nda Mavi Bayrak \u00f6d\u00fcllerine lay\u0131k g\u00f6r\u00fclen plajlar\u0131n listesine mavibayrak.org.tr adresinden ula\u015f\u0131labiliyor.<\/p>\n","protected":false},"excerpt":{"rendered":"<p>T\u00fcrkiye, 2026\u2019da 580 plaj, 30 marina, 18 turizm teknesi ve 26 bireysel yatla Mavi Bayrak\u2019ta<\/p>\n","protected":false},"author":1,"featured_media":1808,"comment_status":"open","ping_status":"open","sticky":false,"template":"","format":"standard","meta":{"_rtcl_gb_attr":"","footnotes":""},"categories":[1,43],"tags":[],"class_list":["post-1807","post","type-post","status-publish","format-standard","has-post-thumbnail","hentry","category-http-turkiyemhaber-com-wp-content-uploads-2026-03-saray-59-haber-13-mart-pdf","category-son-dakika"],"_links":{"self":[{"href":"https:\/\/turkiyemhaber.com\/index.php?rest_route=\/wp\/v2\/posts\/1807","targetHints":{"allow":["GET"]}}],"collection":[{"href":"https:\/\/turkiyemhaber.com\/index.php?rest_route=\/wp\/v2\/posts"}],"about":[{"href":"https:\/\/turkiyemhaber.com\/index.php?rest_route=\/wp\/v2\/types\/post"}],"author":[{"embeddable":true,"href":"https:\/\/turkiyemhaber.com\/index.php?rest_route=\/wp\/v2\/users\/1"}],"replies":[{"embeddable":true,"href":"https:\/\/turkiyemhaber.com\/index.php?rest_route=%2Fwp%2Fv2%2Fcomments&post=1807"}],"version-history":[{"count":1,"href":"https:\/\/turkiyemhaber.com\/index.php?rest_route=\/wp\/v2\/posts\/1807\/revisions"}],"predecessor-version":[{"id":1809,"href":"https:\/\/turkiyemhaber.com\/index.php?rest_route=\/wp\/v2\/posts\/1807\/revisions\/1809"}],"wp:featuredmedia":[{"embeddable":true,"href":"https:\/\/turkiyemhaber.com\/index.php?rest_route=\/wp\/v2\/media\/1808"}],"wp:attachment":[{"href":"https:\/\/turkiyemhaber.com\/index.php?rest_route=%2Fwp%2Fv2%2Fmedia&parent=1807"}],"wp:term":[{"taxonomy":"category","embeddable":true,"href":"https:\/\/turkiyemhaber.com\/index.php?rest_route=%2Fwp%2Fv2%2Fcategories&post=1807"},{"taxonomy":"post_tag","embeddable":true,"href":"https:\/\/turkiyemhaber.com\/index.php?rest_route=%2Fwp%2Fv2%2Ftags&post=1807"}],"curies":[{"name":"wp","href":"https:\/\/api.w.org\/{rel}","templated":true}]}}