{"id":1805,"date":"2026-05-21T16:24:13","date_gmt":"2026-05-21T16:24:13","guid":{"rendered":"https:\/\/turkiyemhaber.com\/?p=1805"},"modified":"2026-05-21T16:24:18","modified_gmt":"2026-05-21T16:24:18","slug":"bakan-isikhan-duyurdu-kurban-bayrami-oncesi-5-farkli-odeme-ayni-anda-hesaplarda","status":"publish","type":"post","link":"https:\/\/turkiyemhaber.com\/?p=1805","title":{"rendered":"Bakan I\u015f\u0131khan duyurdu: Kurban Bayram\u0131 \u00f6ncesi 5 farkl\u0131 \u00f6deme ayn\u0131 anda hesaplarda"},"content":{"rendered":"\n<p class=\"wp-block-paragraph\">\u00c7al\u0131\u015fma ve Sosyal G\u00fcvenlik Bakan\u0131 Vedat I\u015f\u0131khan, i\u015fsizlik ve k\u0131sa \u00e7al\u0131\u015fma \u00f6dene\u011fi ba\u015fta olmak \u00fczere bir\u00e7ok \u00f6demenin Kurban Bayram\u0131 nedeniyle erkene \u00e7ekildi\u011fini duyurdu. \u00d6demeler 26 May\u0131s\u2019ta hesaplara yat\u0131r\u0131lacak.<\/p>\n\n\n\n<p class=\"wp-block-paragraph\">\u00c7al\u0131\u015fma ve Sosyal G\u00fcvenlik Bakan\u0131 Vedat I\u015f\u0131khan, haziran ay\u0131nda yap\u0131lmas\u0131 planlanan i\u015fsizlik ve k\u0131sa \u00e7al\u0131\u015fma \u00f6dene\u011fi \u00f6demelerinin Kurban Bayram\u0131 nedeniyle erkene \u00e7ekildi\u011fini a\u00e7\u0131klad\u0131.<\/p>\n\n\n\n<h3 class=\"wp-block-heading\">\u00d6DEMELER 26 MAYIS\u2019TA HESAPLARDA OLACAK<\/h3>\n\n\n\n<p class=\"wp-block-paragraph\">Bakan Vedat I\u015f\u0131khan yapt\u0131\u011f\u0131 a\u00e7\u0131klamada, normal \u015fartlarda 5 Haziran\u2019da yap\u0131lmas\u0131 planlanan \u00f6demelerin, Kurban Bayram\u0131 arifesi olan 26 May\u0131s tarihinde vatanda\u015flar\u0131n hesaplar\u0131na yat\u0131r\u0131laca\u011f\u0131n\u0131 duyurdu.<\/p>\n\n\n\n<p class=\"wp-block-paragraph\">Erkene \u00e7ekilen \u00f6demeler aras\u0131nda:<\/p>\n\n\n\n<ul class=\"wp-block-list\">\n<li>\u0130\u015fsizlik \u00d6dene\u011fi<\/li>\n\n\n\n<li>K\u0131sa \u00c7al\u0131\u015fma \u00d6dene\u011fi<\/li>\n\n\n\n<li>Yar\u0131m \u00c7al\u0131\u015fma \u00d6dene\u011fi<\/li>\n\n\n\n<li>\u00dccret Garanti Fonu<\/li>\n\n\n\n<li>\u0130\u015f Kayb\u0131 Tazminat\u0131 yer ald\u0131.<\/li>\n<\/ul>\n\n\n\n<h3 class=\"wp-block-heading\">\u201cVATANDA\u015eLARIMIZIN HESAPLARINA YATIRACA\u011eIZ\u201d<\/h3>\n\n\n\n<p class=\"wp-block-paragraph\">Bakan I\u015f\u0131khan a\u00e7\u0131klamas\u0131nda \u015fu ifadeleri kulland\u0131: &#8220;5 Haziran\u2019da \u00f6demelerini ger\u00e7ekle\u015ftirece\u011fimiz \u0130\u015fsizlik \u00d6dene\u011fi ve K\u0131sa \u00c7al\u0131\u015fma \u00d6dene\u011fi\u2019ni \u00f6ne alarak Kurban Bayram\u0131 arifesinde 26 May\u0131s tarihinde hesaplara yat\u0131raca\u011f\u0131z. Yar\u0131m \u00c7al\u0131\u015fma \u00d6dene\u011fi, \u00dccret Garanti Fonu ve \u0130\u015f Kayb\u0131 Tazminat\u0131 \u00f6demelerini de ayn\u0131 tarihte ger\u00e7ekle\u015ftirece\u011fiz.&#8221;<\/p>\n\n\n\n<figure class=\"wp-block-image\"><img decoding=\"async\" src=\"https:\/\/foto.sondakika.com\/haber\/2026\/05\/21\/bakan-isikhan-duyurdu-kurban-b-19867356-8304_1_m.jpg\" alt=\"Bakan I\u015f\u0131khan duyurdu: Kurban Bayram\u0131 \u00f6ncesi 5 farkl\u0131 \u00f6deme ayn\u0131 anda hesaplarda\"\/><\/figure>\n\n\n\n<h3 class=\"wp-block-heading\">\u00d6DEMELER BANKA VE PTT \u00dcZER\u0130NDEN YAPILACAK<\/h3>\n\n\n\n<p class=\"wp-block-paragraph\">I\u015f\u0131khan, sistemde hesap bilgisi bulunan vatanda\u015flar\u0131n \u00f6demelerinin banka hesaplar\u0131 \u00fczerinden yap\u0131laca\u011f\u0131n\u0131 belirtti.&nbsp;Hesap bilgisi bulunmayan vatanda\u015flar\u0131n \u00f6demelerinin ise PTT arac\u0131l\u0131\u011f\u0131yla ger\u00e7ekle\u015ftirilece\u011fini a\u00e7\u0131klad\u0131.<\/p>\n","protected":false},"excerpt":{"rendered":"<p>\u00c7al\u0131\u015fma ve Sosyal G\u00fcvenlik Bakan\u0131 Vedat I\u015f\u0131khan, i\u015fsizlik ve k\u0131sa \u00e7al\u0131\u015fma \u00f6dene\u011fi ba\u015fta olmak \u00fczere<\/p>\n","protected":false},"author":1,"featured_media":1700,"comment_status":"open","ping_status":"open","sticky":false,"template":"","format":"standard","meta":{"_rtcl_gb_attr":"","footnotes":""},"categories":[43],"tags":[],"class_list":["post-1805","post","type-post","status-publish","format-standard","has-post-thumbnail","hentry","category-son-dakika"],"_links":{"self":[{"href":"https:\/\/turkiyemhaber.com\/index.php?rest_route=\/wp\/v2\/posts\/1805","targetHints":{"allow":["GET"]}}],"collection":[{"href":"https:\/\/turkiyemhaber.com\/index.php?rest_route=\/wp\/v2\/posts"}],"about":[{"href":"https:\/\/turkiyemhaber.com\/index.php?rest_route=\/wp\/v2\/types\/post"}],"author":[{"embeddable":true,"href":"https:\/\/turkiyemhaber.com\/index.php?rest_route=\/wp\/v2\/users\/1"}],"replies":[{"embeddable":true,"href":"https:\/\/turkiyemhaber.com\/index.php?rest_route=%2Fwp%2Fv2%2Fcomments&post=1805"}],"version-history":[{"count":1,"href":"https:\/\/turkiyemhaber.com\/index.php?rest_route=\/wp\/v2\/posts\/1805\/revisions"}],"predecessor-version":[{"id":1806,"href":"https:\/\/turkiyemhaber.com\/index.php?rest_route=\/wp\/v2\/posts\/1805\/revisions\/1806"}],"wp:featuredmedia":[{"embeddable":true,"href":"https:\/\/turkiyemhaber.com\/index.php?rest_route=\/wp\/v2\/media\/1700"}],"wp:attachment":[{"href":"https:\/\/turkiyemhaber.com\/index.php?rest_route=%2Fwp%2Fv2%2Fmedia&parent=1805"}],"wp:term":[{"taxonomy":"category","embeddable":true,"href":"https:\/\/turkiyemhaber.com\/index.php?rest_route=%2Fwp%2Fv2%2Fcategories&post=1805"},{"taxonomy":"post_tag","embeddable":true,"href":"https:\/\/turkiyemhaber.com\/index.php?rest_route=%2Fwp%2Fv2%2Ftags&post=1805"}],"curies":[{"name":"wp","href":"https:\/\/api.w.org\/{rel}","templated":true}]}}