{"id":1799,"date":"2026-05-21T16:19:41","date_gmt":"2026-05-21T16:19:41","guid":{"rendered":"https:\/\/turkiyemhaber.com\/?p=1799"},"modified":"2026-05-21T16:19:45","modified_gmt":"2026-05-21T16:19:45","slug":"raftan-indirilen-dorukhan-buyukisik-dosyasinda-eski-ilce-emniyet-mudurune-gozalti-karari","status":"publish","type":"post","link":"https:\/\/turkiyemhaber.com\/?p=1799","title":{"rendered":"Raftan indirilen Dorukhan B\u00fcy\u00fck\u0131\u015f\u0131k dosyas\u0131nda eski il\u00e7e emniyet m\u00fcd\u00fcr\u00fcne g\u00f6zalt\u0131 karar\u0131"},"content":{"rendered":"\n<p class=\"wp-block-paragraph\">2018 y\u0131l\u0131nda \u0130zmir&#8217;de bir in\u015faat \u015fantiyesinde \u00f6l\u00fc bulunan emekli T\u00fcmgeneral Ethem B\u00fcy\u00fck\u0131\u015f\u0131k&#8217;\u0131n o\u011flu Dorukhan B\u00fcy\u00fck\u0131\u015f\u0131k dosyas\u0131 raftan indirildi. \u015e\u00fcpheli \u00f6l\u00fcme ili\u015fkin d\u00f6nemin Narl\u0131dere \u0130l\u00e7e Emniyet M\u00fcd\u00fcr\u00fc \u0130smail Y. hakk\u0131nda, olay yerine giderek delillere m\u00fcdahale etti\u011fi, polisleri y\u00f6nlendirdi\u011fi ve \u015firket sahipleriyle toplant\u0131lar yapt\u0131\u011f\u0131 iddias\u0131yla g\u00f6zalt\u0131 karar\u0131 verildi. Soru\u015fturma kapsam\u0131nda 9 ilde d\u00fczenlenen operasyonda 21 \u015f\u00fcpheli yakaland\u0131.<\/p>\n\n\n\n<p class=\"wp-block-paragraph\">\u0130zmir\u2019in Narl\u0131dere il\u00e7esinde 13 May\u0131s 2018&#8217;de bir in\u015faat \u015fantiyesinde \u00f6l\u00fc bulunan Dorukhan B\u00fcy\u00fck\u0131\u015f\u0131k dosyas\u0131nda yeni bir operasyon d\u00fczenlendi. \u0130lk etapta \u201cintihar\u201d olarak kay\u0131tlara ge\u00e7en olayla ilgili soru\u015fturmay\u0131 derinle\u015ftiren \u0130zmir Cumhuriyet Ba\u015fsavc\u0131l\u0131\u011f\u0131, 26 \u015f\u00fcpheli hakk\u0131nda g\u00f6zalt\u0131 karar\u0131 verdi.<\/p>\n\n\n\n<h3 class=\"wp-block-heading\">26 \u015e\u00dcPHEL\u0130 HAKKINDA G\u00d6ZALTI KARARI<\/h3>\n\n\n\n<p class=\"wp-block-paragraph\">Ter\u00f6r ve \u00d6rg\u00fctl\u00fc Su\u00e7lar Soru\u015fturma B\u00fcrosu&#8217;nca g\u00f6revlendirilen \u0130zmir \u0130l Jandarma Komutanl\u0131\u011f\u0131 TEM \u015eube M\u00fcd\u00fcrl\u00fc\u011f\u00fc ekipleri, \u0130zmir ili merkezli 9 ilde e\u015f zamanl\u0131 olarak operasyon ba\u015flatt\u0131. Haklar\u0131nda g\u00f6zalt\u0131 karar\u0131 bulunanlar aras\u0131nda in\u015faat firmas\u0131 sahipleri Mehmet M\u00fcnir T., Mehmet Taylan T., d\u00f6nemin Narl\u0131dere \u0130l\u00e7e Emniyet M\u00fcd\u00fcr\u00fc \u0130smail Y., d\u00f6nemin Narl\u0131dere Karakol Amiri \u0130smail K., Olay Yeri \u0130nceleme B\u00fcro Amiri Atakan K., Grup Amiri Komiser H\u00fcseyin V., polis memurlar\u0131 ve i\u015f\u00e7iler yer ald\u0131.<\/p>\n\n\n\n<p class=\"wp-block-paragraph\">\u0130zmir merkezli 9 ilde e\u015f zamanl\u0131 d\u00fczenlenen operasyonlarda 21 \u015f\u00fcpheli g\u00f6zalt\u0131na al\u0131nd\u0131.&nbsp;<a href=\"https:\/\/www.sondakika.com\/operasyon\/\">Operasyon<\/a>&nbsp;kapsam\u0131nda \u00e7ok say\u0131da dijital materyale de el konuldu. Yurt d\u0131\u015f\u0131nda oldu\u011fu belirlenen 3 \u015f\u00fcpheli hakk\u0131nda yakalama karar\u0131 \u00e7\u0131kar\u0131l\u0131rken, 2 \u015f\u00fcphelinin yakalanmas\u0131 i\u00e7in \u00e7al\u0131\u015fmalar\u0131n s\u00fcrd\u00fc\u011f\u00fc \u00f6\u011frenildi.<\/p>\n\n\n\n<figure class=\"wp-block-image\"><img decoding=\"async\" src=\"https:\/\/foto.sondakika.com\/haber\/2026\/05\/21\/raftan-indirilen-dorukhan-buyu-19867401-1633_1_m.jpg\" alt=\"Raftan indirilen Dorukhan B\u00fcy\u00fck\u0131\u015f\u0131k dosyas\u0131nda eski il\u00e7e emniyet m\u00fcd\u00fcr\u00fcne g\u00f6zalt\u0131 karar\u0131\"\/><\/figure>\n\n\n\n<h3 class=\"wp-block-heading\">SORU\u015eTURMANIN ODA\u011eINDA ESK\u0130 \u0130L\u00c7E EMN\u0130YET M\u00dcD\u00dcR\u00dc VAR<\/h3>\n\n\n\n<p class=\"wp-block-paragraph\">Soru\u015fturman\u0131n en dikkat \u00e7eken isimlerinden biri ise olay tarihinde Narl\u0131dere \u0130l\u00e7e Emniyet M\u00fcd\u00fcr\u00fc olarak g\u00f6rev yapan ve halen Bursa B\u00f6lge Kriminal M\u00fcd\u00fcr\u00fc oldu\u011fu belirtilen \u0130smail Y. oldu.<\/p>\n\n\n\n<p class=\"wp-block-paragraph\">Soru\u015fturma dosyas\u0131na g\u00f6re \u0130smail Y.&#8217;nin , herhangi bir adli g\u00f6revi bulunmamas\u0131na ra\u011fmen olaydan hemen sonra in\u015faat firmas\u0131n\u0131n sahibi Mehmet M\u00fcnir Tanyer taraf\u0131ndan arand\u0131\u011f\u0131 ve \u015f\u00fcphelileri y\u00f6nlendirdi\u011fi \u00f6ne s\u00fcr\u00fcld\u00fc.<\/p>\n\n\n\n<p class=\"wp-block-paragraph\">Savc\u0131l\u0131k de\u011ferlendirmesinde, \u0130smail Y.&#8217;nin Manisa\u2019dan \u0130zmir\u2019e gelerek cinayet mahallinde bulundu\u011fu, olay yerindeki delillere temas etti\u011fi ve g\u00f6revli polis memurlar\u0131n\u0131 y\u00f6nlendirdi\u011fi iddialar\u0131 da yer ald\u0131.<\/p>\n\n\n\n<h3 class=\"wp-block-heading\">\u201cDEL\u0130LLER YOK ED\u0130LD\u0130\u201d \u0130DD\u0130ASI<\/h3>\n\n\n\n<p class=\"wp-block-paragraph\">Dosyada yer alan tespitlerde, olay yerindeki kamera kay\u0131tlar\u0131n\u0131n, kay\u0131t cihazlar\u0131n\u0131n ve biyolojik delillerin yok edildi\u011fi, tahrif edildi\u011fi ya da yerlerinin de\u011fi\u015ftirildi\u011fine dair g\u00fc\u00e7l\u00fc emareler bulundu\u011fu belirtildi.<\/p>\n\n\n\n<p class=\"wp-block-paragraph\">Savc\u0131l\u0131k, \u0130smail Y.&#8217;nin emniyet personeli \u00fczerindeki idari n\u00fcfuzunu kullanarak delil kay\u0131plar\u0131na neden oldu\u011fu y\u00f6n\u00fcnde de\u011ferlendirme yapt\u0131.<\/p>\n\n\n\n<p class=\"wp-block-paragraph\">Ayr\u0131ca \u0130smail Y.&#8217;nin, olay g\u00fcn\u00fc \u015fantiye alan\u0131nda \u015firket sahipleriyle toplant\u0131lar yapt\u0131\u011f\u0131 ve HTS kay\u0131tlar\u0131na g\u00f6re olay \u00f6ncesi ile sonras\u0131nda firma yetkilileriyle yo\u011fun ileti\u015fim halinde oldu\u011fu da soru\u015fturma dosyas\u0131na girdi.<\/p>\n\n\n\n<figure class=\"wp-block-image\"><img decoding=\"async\" src=\"https:\/\/foto.sondakika.com\/haber\/2026\/05\/21\/raftan-indirilen-dorukhan-buyu-19867401-7710_1_m.jpg\" alt=\"Raftan indirilen Dorukhan B\u00fcy\u00fck\u0131\u015f\u0131k dosyas\u0131nda eski il\u00e7e emniyet m\u00fcd\u00fcr\u00fcne g\u00f6zalt\u0131 karar\u0131\"\/><\/figure>\n\n\n\n<h3 class=\"wp-block-heading\">\u201cYALAN TANIKLIK\u201d SU\u00c7LAMASI DA Y\u00d6NELT\u0130LD\u0130<\/h3>\n\n\n\n<p class=\"wp-block-paragraph\">\u0130zmir 21. A\u011f\u0131r Ceza Mahkemesi\u2019nde devam eden dava kapsam\u0131nda tan\u0131k olarak ifade veren \u0130smail Y.&#8217;nin , soru\u015fturmadaki delillerle \u00e7eli\u015fen beyanda bulundu\u011fu ve bu nedenle \u201cyalan tan\u0131kl\u0131k\u201d su\u00e7lamas\u0131yla da kar\u015f\u0131 kar\u015f\u0131ya kald\u0131\u011f\u0131 belirtildi.<\/p>\n\n\n\n<p class=\"wp-block-paragraph\">Savc\u0131l\u0131k, \u0130smail Y. hakk\u0131nda \u201ckasten \u00f6ld\u00fcrme\u201d, \u201csu\u00e7 delillerini yok etme, gizleme veya de\u011fi\u015ftirme\u201d ve \u201cyalan tan\u0131kl\u0131k\u201d su\u00e7lamalar\u0131 kapsam\u0131nda i\u015flem y\u00fcr\u00fct\u00fcld\u00fc\u011f\u00fcn\u00fc a\u00e7\u0131klad\u0131.<\/p>\n\n\n\n<h3 class=\"wp-block-heading\">13 SANI\u011eIN YARGILANMASI S\u00dcR\u00dcYOR<\/h3>\n\n\n\n<p class=\"wp-block-paragraph\">Dorukhan B\u00fcy\u00fck\u0131\u015f\u0131k\u2019\u0131n \u00f6l\u00fcm\u00fcyle ilgili daha \u00f6nce polis memurlar\u0131, bek\u00e7iler ve i\u015f\u00e7iler hakk\u0131nda da dava a\u00e7\u0131lm\u0131\u015ft\u0131. Soru\u015fturma kapsam\u0131nda haz\u0131rlanan iddianamede, B\u00fcy\u00fck\u0131\u015f\u0131k\u2019\u0131n s\u0131rt\u0131na sert bir cisimle vurulduktan sonra cesedinin bulundu\u011fu noktaya ta\u015f\u0131nm\u0131\u015f olabilece\u011fine ili\u015fkin bulgular yer alm\u0131\u015ft\u0131.<\/p>\n\n\n\n<p class=\"wp-block-paragraph\">Birle\u015ftirilen dosya kapsam\u0131nda 13 tutuksuz san\u0131\u011f\u0131n \u0130zmir 21. A\u011f\u0131r Ceza Mahkemesi\u2019nde yarg\u0131lanmas\u0131 s\u00fcr\u00fcyor.<\/p>\n\n\n\n<p class=\"wp-block-paragraph\"><img decoding=\"async\" alt=\"Hayat\u0131n\u0131 kaybeden Dorukhan B\u00fcy\u00fck\u0131\u015f\u0131k\" src=\"https:\/\/foto.sondakika.com\/haber\/2026\/05\/21\/raftan-indirilen-dorukhan-buyu-19867401-6377_1_m.jpg\">Hayat\u0131n\u0131 kaybeden Dorukhan B\u00fcy\u00fck\u0131\u015f\u0131k<\/p>\n\n\n\n<h3 class=\"wp-block-heading\">8 \u015e\u00dcPHEL\u0130N\u0130N 1 YIL HAPS\u0130 \u0130STEN\u0130YOR<\/h3>\n\n\n\n<p class=\"wp-block-paragraph\">Olayda g\u00f6revli 8 polis memuru komiser Atakan K. (44), komiser Deniz A. (36), polis memuru Duygu \u00d6. (35), polis memuru Fikret S., polis memuru Halil A. (55), komiser yard\u0131mc\u0131s\u0131 H\u00fcseyin V. (49), Narl\u0131dere Karakol Amiri \u0130smail K. (59) ve polis memuru Musa E. (55) hakk\u0131nda &#8216;G\u00f6revi k\u00f6t\u00fcye kullanma su\u00e7undan 1 y\u0131la kadar hapis istemiyle \u0130zmir 21\u2019inci Asliye Ceza Mahkemesi&#8217;nde dava a\u00e7\u0131ld\u0131.<\/p>\n\n\n\n<h3 class=\"wp-block-heading\">OLAY<\/h3>\n\n\n\n<p class=\"wp-block-paragraph\">\u0130zmir&#8217;in Narl\u0131dere il\u00e7esinde 13 May\u0131s 2018&#8217;de Dorukhan B\u00fcy\u00fck\u0131\u015f\u0131k&#8217;\u0131n in\u015faat \u015fantiyesinde cans\u0131z bedeni bulunmu\u015f, olay\u0131n intihar oldu\u011fu de\u011ferlendirilmi\u015fti.<\/p>\n\n\n\n<p class=\"wp-block-paragraph\">Y\u00fcr\u00fct\u00fclen soru\u015fturma kapsam\u0131nda ailenin \u015fikayeti \u00fczerine olay yerine gelen polisler hakk\u0131nda &#8220;g\u00f6revi k\u00f6t\u00fcye kullanmak&#8221; iddias\u0131yla haz\u0131rlanan iddianame, 2. Asliye Ceza Mahkemesince kabul edilmi\u015fti.<\/p>\n\n\n\n<p class=\"wp-block-paragraph\">Ayr\u0131ca, \u015fantiye sahas\u0131nda g\u00f6revli bek\u00e7iler H.K, H.A, T.\u00c7. ile in\u015faatta \u00e7al\u0131\u015fan B.\u00c7. ve yak\u0131n \u015fantiye sahas\u0131nda bek\u00e7i A.G. hakk\u0131nda &#8220;kasten \u00f6ld\u00fcrme&#8221; su\u00e7lamas\u0131yla m\u00fcebbet hapis cezas\u0131 istemiyle iddianame haz\u0131rlanm\u0131\u015ft\u0131.<\/p>\n\n\n\n<p class=\"wp-block-paragraph\">10 Ekim 2025&#8217;te &#8220;g\u00f6revi k\u00f6t\u00fcye kullanma&#8221; iddias\u0131yla haklar\u0131nda dava a\u00e7\u0131lan 8 polisin yarg\u0131land\u0131\u011f\u0131 \u0130zmir 2. Asliye Ceza Mahkemesindeki dava ile m\u00fcebbet hapis cezas\u0131 istemiyle 5 in\u015faat \u00e7al\u0131\u015fan\u0131n\u0131n \u0130zmir 21. A\u011f\u0131r Ceza Mahkemesinde yarg\u0131land\u0131\u011f\u0131 dava birle\u015ftirilmi\u015fti.<\/p>\n","protected":false},"excerpt":{"rendered":"<p>2018 y\u0131l\u0131nda \u0130zmir&#8217;de bir in\u015faat \u015fantiyesinde \u00f6l\u00fc bulunan emekli T\u00fcmgeneral Ethem B\u00fcy\u00fck\u0131\u015f\u0131k&#8217;\u0131n o\u011flu Dorukhan B\u00fcy\u00fck\u0131\u015f\u0131k<\/p>\n","protected":false},"author":1,"featured_media":1800,"comment_status":"open","ping_status":"open","sticky":false,"template":"","format":"standard","meta":{"_rtcl_gb_attr":"","footnotes":""},"categories":[43],"tags":[],"class_list":["post-1799","post","type-post","status-publish","format-standard","has-post-thumbnail","hentry","category-son-dakika"],"_links":{"self":[{"href":"https:\/\/turkiyemhaber.com\/index.php?rest_route=\/wp\/v2\/posts\/1799","targetHints":{"allow":["GET"]}}],"collection":[{"href":"https:\/\/turkiyemhaber.com\/index.php?rest_route=\/wp\/v2\/posts"}],"about":[{"href":"https:\/\/turkiyemhaber.com\/index.php?rest_route=\/wp\/v2\/types\/post"}],"author":[{"embeddable":true,"href":"https:\/\/turkiyemhaber.com\/index.php?rest_route=\/wp\/v2\/users\/1"}],"replies":[{"embeddable":true,"href":"https:\/\/turkiyemhaber.com\/index.php?rest_route=%2Fwp%2Fv2%2Fcomments&post=1799"}],"version-history":[{"count":1,"href":"https:\/\/turkiyemhaber.com\/index.php?rest_route=\/wp\/v2\/posts\/1799\/revisions"}],"predecessor-version":[{"id":1801,"href":"https:\/\/turkiyemhaber.com\/index.php?rest_route=\/wp\/v2\/posts\/1799\/revisions\/1801"}],"wp:featuredmedia":[{"embeddable":true,"href":"https:\/\/turkiyemhaber.com\/index.php?rest_route=\/wp\/v2\/media\/1800"}],"wp:attachment":[{"href":"https:\/\/turkiyemhaber.com\/index.php?rest_route=%2Fwp%2Fv2%2Fmedia&parent=1799"}],"wp:term":[{"taxonomy":"category","embeddable":true,"href":"https:\/\/turkiyemhaber.com\/index.php?rest_route=%2Fwp%2Fv2%2Fcategories&post=1799"},{"taxonomy":"post_tag","embeddable":true,"href":"https:\/\/turkiyemhaber.com\/index.php?rest_route=%2Fwp%2Fv2%2Ftags&post=1799"}],"curies":[{"name":"wp","href":"https:\/\/api.w.org\/{rel}","templated":true}]}}