{"id":1796,"date":"2026-05-21T16:17:09","date_gmt":"2026-05-21T16:17:09","guid":{"rendered":"https:\/\/turkiyemhaber.com\/?p=1796"},"modified":"2026-05-21T16:17:14","modified_gmt":"2026-05-21T16:17:14","slug":"galatasaray-ve-fenerbahce-vedat-muriqiyi-istiyor","status":"publish","type":"post","link":"https:\/\/turkiyemhaber.com\/?p=1796","title":{"rendered":"Galatasaray ve Fenerbah\u00e7e, Vedat Muriqi&#8217;yi istiyor"},"content":{"rendered":"\n<p class=\"wp-block-paragraph\">Galatasaray ve Fenerbah\u00e7e\u2019nin Vedat Muriqi\u2019nin durumunu yak\u0131ndan takip etti\u011fi \u00f6ne s\u00fcr\u00fcld\u00fc. Kosoval\u0131 golc\u00fcn\u00fcn yeniden T\u00fcrkiye\u2019ye d\u00f6nmeye s\u0131cak bakt\u0131\u011f\u0131 iddia edildi.<\/p>\n\n\n\n<p class=\"wp-block-paragraph\">S\u00fcper Lig\u2019in iki ezeli rakibi&nbsp;<a href=\"https:\/\/www.sondakika.com\/galatasaray\/\">Galatasaray<\/a>&nbsp;ile Fenerbah\u00e7e\u2019nin, Mallorca formas\u0131 giyen Vedat Muriqi i\u00e7in yeniden kar\u015f\u0131 kar\u015f\u0131ya gelebilece\u011fi \u00f6ne s\u00fcr\u00fcld\u00fc.<\/p>\n\n\n\n<h3 class=\"wp-block-heading\">\u0130K\u0130 DEV KUL\u00dcP YAKINDAN TAK\u0130P ED\u0130YOR<\/h3>\n\n\n\n<p class=\"wp-block-paragraph\">Gazeteci Matteo Moretto\u2019nun haberine g\u00f6re Galatasaray ve Fenerbah\u00e7e, Vedat Muriqi\u2019nin durumunu yak\u0131ndan takip ediyor.&nbsp;Kosoval\u0131 golc\u00fcn\u00fcn gelece\u011finin transfer d\u00f6neminin dikkat \u00e7eken dosyalar\u0131ndan biri olabilece\u011fi belirtildi.<\/p>\n\n\n\n<h3 class=\"wp-block-heading\">OKAN BURUK DEVREYE G\u0130RM\u0130\u015eT\u0130<\/h3>\n\n\n\n<p class=\"wp-block-paragraph\">Galatasaray cephesinde teknik direkt\u00f6r Okan Buruk\u2019un Vedat Muriqi ile telefon g\u00f6r\u00fc\u015fmesi yapt\u0131\u011f\u0131 iddia edilmi\u015fti.&nbsp;Sar\u0131-k\u0131rm\u0131z\u0131l\u0131lar\u0131n deneyimli golc\u00fcy\u00fc kadroda g\u00f6rmek istedi\u011fi konu\u015fuluyor.<\/p>\n\n\n\n<h3 class=\"wp-block-heading\">FENERBAH\u00c7E\u2019N\u0130N ESK\u0130 YILDIZI<\/h3>\n\n\n\n<p class=\"wp-block-paragraph\">Vedat Muriqi daha \u00f6nce Fenerbah\u00e7e formas\u0131yla g\u00f6sterdi\u011fi performansla taraftar\u0131n sevgilisi olmu\u015ftu.&nbsp;Kosoval\u0131 santrfor sar\u0131-lacivertli tak\u0131mda&nbsp;36 ma\u00e7ta&nbsp;17 gol&nbsp;7 asist \u00fcretmi\u015fti.<\/p>\n\n\n\n<h3 class=\"wp-block-heading\">T\u00dcRK\u0130YE\u2019YE D\u00d6NMEYE SICAK<\/h3>\n\n\n\n<p class=\"wp-block-paragraph\">\u0130spanya\u2019da Mallorca formas\u0131 giyen 32 ya\u015f\u0131ndaki futbolcunun yeniden T\u00fcrkiye\u2019de oynamaya olumlu bakt\u0131\u011f\u0131 \u00f6ne s\u00fcr\u00fcl\u00fcyor.&nbsp;Bu durum transfer iddialar\u0131n\u0131 daha da g\u00fc\u00e7lendirdi.<\/p>\n\n\n\n<h3 class=\"wp-block-heading\">MALLORCA KARARI BEKLEN\u0130YOR<\/h3>\n\n\n\n<p class=\"wp-block-paragraph\">Vedat Muriqi\u2019nin gelece\u011fiyle ilgili son karar\u0131n sezon sonunda netle\u015fmesi bekleniyor.&nbsp;\u0130spanyol ekibinin de oyuncuyla ilgili planlamas\u0131n\u0131 k\u0131sa s\u00fcre i\u00e7inde a\u00e7\u0131klayaca\u011f\u0131 ifade ediliyor.<\/p>\n\n\n\n<h3 class=\"wp-block-heading\">S\u00dcPER L\u0130G\u2019E D\u00d6N\u00dc\u015e HEYECANI<\/h3>\n\n\n\n<p class=\"wp-block-paragraph\">Vedat Muriqi\u2019nin yeniden S\u00fcper Lig\u2019e d\u00f6nebilece\u011fi ihtimali futbolseverlerde b\u00fcy\u00fck heyecan yaratt\u0131.&nbsp;\u00d6zellikle Galatasaray ve Fenerbah\u00e7e aras\u0131nda ya\u015fanabilecek transfer yar\u0131\u015f\u0131 \u015fimdiden g\u00fcndem oldu.<\/p>\n","protected":false},"excerpt":{"rendered":"<p>Galatasaray ve Fenerbah\u00e7e\u2019nin Vedat Muriqi\u2019nin durumunu yak\u0131ndan takip etti\u011fi \u00f6ne s\u00fcr\u00fcld\u00fc. Kosoval\u0131 golc\u00fcn\u00fcn yeniden T\u00fcrkiye\u2019ye<\/p>\n","protected":false},"author":1,"featured_media":1797,"comment_status":"open","ping_status":"open","sticky":false,"template":"","format":"standard","meta":{"_rtcl_gb_attr":"","footnotes":""},"categories":[3],"tags":[],"class_list":["post-1796","post","type-post","status-publish","format-standard","has-post-thumbnail","hentry","category-spor"],"_links":{"self":[{"href":"https:\/\/turkiyemhaber.com\/index.php?rest_route=\/wp\/v2\/posts\/1796","targetHints":{"allow":["GET"]}}],"collection":[{"href":"https:\/\/turkiyemhaber.com\/index.php?rest_route=\/wp\/v2\/posts"}],"about":[{"href":"https:\/\/turkiyemhaber.com\/index.php?rest_route=\/wp\/v2\/types\/post"}],"author":[{"embeddable":true,"href":"https:\/\/turkiyemhaber.com\/index.php?rest_route=\/wp\/v2\/users\/1"}],"replies":[{"embeddable":true,"href":"https:\/\/turkiyemhaber.com\/index.php?rest_route=%2Fwp%2Fv2%2Fcomments&post=1796"}],"version-history":[{"count":1,"href":"https:\/\/turkiyemhaber.com\/index.php?rest_route=\/wp\/v2\/posts\/1796\/revisions"}],"predecessor-version":[{"id":1798,"href":"https:\/\/turkiyemhaber.com\/index.php?rest_route=\/wp\/v2\/posts\/1796\/revisions\/1798"}],"wp:featuredmedia":[{"embeddable":true,"href":"https:\/\/turkiyemhaber.com\/index.php?rest_route=\/wp\/v2\/media\/1797"}],"wp:attachment":[{"href":"https:\/\/turkiyemhaber.com\/index.php?rest_route=%2Fwp%2Fv2%2Fmedia&parent=1796"}],"wp:term":[{"taxonomy":"category","embeddable":true,"href":"https:\/\/turkiyemhaber.com\/index.php?rest_route=%2Fwp%2Fv2%2Fcategories&post=1796"},{"taxonomy":"post_tag","embeddable":true,"href":"https:\/\/turkiyemhaber.com\/index.php?rest_route=%2Fwp%2Fv2%2Ftags&post=1796"}],"curies":[{"name":"wp","href":"https:\/\/api.w.org\/{rel}","templated":true}]}}