{"id":1793,"date":"2026-05-21T16:14:57","date_gmt":"2026-05-21T16:14:57","guid":{"rendered":"https:\/\/turkiyemhaber.com\/?p=1793"},"modified":"2026-05-21T16:15:01","modified_gmt":"2026-05-21T16:15:01","slug":"8-etnospor-kultur-festivali-istanbulda-basladi","status":"publish","type":"post","link":"https:\/\/turkiyemhaber.com\/?p=1793","title":{"rendered":"8. Etnospor K\u00fclt\u00fcr Festivali, \u0130stanbul&#8217;da ba\u015flad\u0131"},"content":{"rendered":"\n<p class=\"wp-block-paragraph\">\u0130stanbul Atat\u00fcrk Havaliman\u0131&#8217;nda d\u00fczenlenen 8. Etnospor K\u00fclt\u00fcr Festivali, G\u00fclbank gelene\u011fi ve mehteran g\u00f6sterisiyle a\u00e7\u0131ld\u0131. D\u00fcnya Etnospor Konfederasyonu Ba\u015fkan\u0131 Bilal Erdo\u011fan, 4 g\u00fcn s\u00fcrecek festivalde geleneksel sporlar ve k\u00fclt\u00fcrel etkinliklerle \u00e7ocuklar\u0131n ve ailelerin bir araya gelece\u011fini belirtti.<\/p>\n\n\n\n<p class=\"wp-block-paragraph\">D\u00fcnya Etnospor Birli\u011fi taraf\u0131ndan d\u00fczenlenen 8. Etnospor&nbsp;<a href=\"https:\/\/www.sondakika.com\/kultur\/\">K\u00fclt\u00fcr<\/a>&nbsp;Festivali, \u0130stanbul Atat\u00fcrk Havaliman\u0131&#8217;nda ziyaret\u00e7ilerini a\u011f\u0131rlamaya ba\u015flad\u0131.,<\/p>\n\n\n\n<h3 class=\"wp-block-heading\">MEHTERAN EK\u0130B\u0130 SAHNE ALDI<\/h3>\n\n\n\n<p class=\"wp-block-paragraph\">Bu y\u0131l 21-24 May\u0131s tarihlerinde ger\u00e7ekle\u015ftirilecek festivalin a\u00e7\u0131l\u0131\u015f\u0131, \u0130stanbul Atat\u00fcrk Havaliman\u0131&#8217;nda kurulan Han \u00c7ad\u0131r\u0131 \u00f6n\u00fcnde \u00f6\u011frencilerin G\u00fclbank gelene\u011fi e\u015fli\u011finde ger\u00e7ekle\u015ftirdi\u011fi g\u00f6steriyle yap\u0131ld\u0131. Ard\u0131ndan \u0130stanbul Tarihi T\u00fcrk M\u00fczi\u011fi Toplulu\u011fu mehteran ekibi sahne ald\u0131.<\/p>\n\n\n\n<figure class=\"wp-block-image\"><img decoding=\"async\" src=\"https:\/\/foto.sondakika.com\/haber\/2026\/05\/21\/8-etnospor-kultur-festivali-is-19867478-9433_1_m.jpg\" alt=\"8. Etnospor K\u00fclt\u00fcr Festivali, \u0130stanbul'da ba\u015flad\u0131\"\/><\/figure>\n\n\n\n<p class=\"wp-block-paragraph\">A\u00e7\u0131l\u0131\u015fta konu\u015fan D\u00fcnya Etnospor Konfederasyonu Ba\u015fkan\u0131 Bilal Erdo\u011fan, festival boyunca k\u00fclt\u00fcrel zenginliklerin hep birlikte ya\u015fanaca\u011f\u0131n\u0131 s\u00f6yledi.&nbsp;Ziyaret\u00e7ileri selamlayan Erdo\u011fan, festival boyunca g\u00fcre\u015fler ve atl\u0131 sporlar ba\u015fta olmak \u00fczere \u00e7e\u015fitli etkinliklerin ger\u00e7ekle\u015ftirilece\u011fini kaydetti.<\/p>\n\n\n\n<figure class=\"wp-block-image\"><img decoding=\"async\" src=\"https:\/\/foto.sondakika.com\/haber\/2026\/05\/21\/8-etnospor-kultur-festivali-is-19867478-9523_1_m.jpg\" alt=\"8. Etnospor K\u00fclt\u00fcr Festivali, \u0130stanbul'da ba\u015flad\u0131\"\/><\/figure>\n\n\n\n<h3 class=\"wp-block-heading\">&#8220;K\u00dcLT\u00dcR\u00dcM\u00dcZ\u00dcN ZENG\u0130NL\u0130KLER\u0130N\u0130 HEP B\u0130RL\u0130KTE YA\u015eAYACA\u011eIZ&#8221;<\/h3>\n\n\n\n<p class=\"wp-block-paragraph\">Festival kapsam\u0131nda yap\u0131lacak etkinliklerde \u00e7ocuklar\u0131n ve ailelerin geleneksel k\u00fclt\u00fcrle bulu\u015faca\u011f\u0131n\u0131 ifade eden Erdo\u011fan, &#8220;Bu y\u0131l yine burada 4 g\u00fcn boyunca k\u00fclt\u00fcr\u00fcm\u00fcz\u00fcn zenginliklerini hep birlikte ya\u015fayaca\u011f\u0131z. \u00c7ocuklar\u0131m\u0131zla, b\u00fcy\u00fcklerimizle ailece bir arada gelene\u011fin kokusunu, havas\u0131n\u0131 soluyaca\u011f\u0131z ve d\u00fcnyan\u0131n d\u00f6rt bir yan\u0131ndan gelen misafir sanat\u00e7\u0131lar\u0131, sporcular\u0131, k\u00fclt\u00fcr insanlar\u0131n\u0131 hep birlikte burada a\u011f\u0131rlayaca\u011f\u0131z. Bug\u00fcn buraya gelen \u00e7ocuklar k\u00fclt\u00fcrel zenginli\u011fin ne kadar k\u0131ymetli oldu\u011funu, ne kadar anlaml\u0131 oldu\u011funu ya\u015fayacaklar, hissedecekler.&#8221; dedi.<\/p>\n\n\n\n<p class=\"wp-block-paragraph\">\u0130stanbul&#8217;un uluslararas\u0131 \u00f6nemine dikkati \u00e7eken Erdo\u011fan, konu\u015fmalar\u0131n ard\u0131ndan \u00e7ocuklarla birlikte kurdele keserek festivalin a\u00e7\u0131l\u0131\u015f\u0131 yapt\u0131.<\/p>\n\n\n\n<figure class=\"wp-block-image\"><img decoding=\"async\" src=\"https:\/\/foto.sondakika.com\/haber\/2026\/05\/21\/8-etnospor-kultur-festivali-is-19867478-6817_1_m.jpg\" alt=\"8. Etnospor K\u00fclt\u00fcr Festivali, \u0130stanbul'da ba\u015flad\u0131\"\/><\/figure>\n\n\n\n<figure class=\"wp-block-image\"><img decoding=\"async\" src=\"https:\/\/foto.sondakika.com\/haber\/2026\/05\/21\/8-etnospor-kultur-festivali-is-19867478-4498_1_m.jpg\" alt=\"8. Etnospor K\u00fclt\u00fcr Festivali, \u0130stanbul'da ba\u015flad\u0131\"\/><\/figure>\n\n\n\n<figure class=\"wp-block-image\"><img decoding=\"async\" src=\"https:\/\/foto.sondakika.com\/haber\/2026\/05\/21\/8-etnospor-kultur-festivali-is-19867478-3208_1_m.jpg\" alt=\"8. Etnospor K\u00fclt\u00fcr Festivali, \u0130stanbul'da ba\u015flad\u0131\"\/><\/figure>\n\n\n\n<figure class=\"wp-block-image\"><img decoding=\"async\" src=\"https:\/\/foto.sondakika.com\/haber\/2026\/05\/21\/8-etnospor-kultur-festivali-is-19867478-4087_1_m.jpg\" alt=\"8. Etnospor K\u00fclt\u00fcr Festivali, \u0130stanbul'da ba\u015flad\u0131\"\/><\/figure>\n\n\n\n<figure class=\"wp-block-image\"><img decoding=\"async\" src=\"https:\/\/foto.sondakika.com\/haber\/2026\/05\/21\/8-etnospor-kultur-festivali-is-19867478-3239_1_m.jpg\" alt=\"8. Etnospor K\u00fclt\u00fcr Festivali, \u0130stanbul'da ba\u015flad\u0131\"\/><\/figure>\n\n\n\n<figure class=\"wp-block-image\"><img decoding=\"async\" src=\"https:\/\/foto.sondakika.com\/haber\/2026\/05\/21\/8-etnospor-kultur-festivali-is-19867478-9618_1_m.jpg\" alt=\"8. Etnospor K\u00fclt\u00fcr Festivali, \u0130stanbul'da ba\u015flad\u0131\"\/><\/figure>\n\n\n\n<figure class=\"wp-block-image\"><img decoding=\"async\" src=\"https:\/\/foto.sondakika.com\/haber\/2026\/05\/21\/8-etnospor-kultur-festivali-is-19867478-1667_1_m.jpg\" alt=\"8. Etnospor K\u00fclt\u00fcr Festivali, \u0130stanbul'da ba\u015flad\u0131\"\/><\/figure>\n","protected":false},"excerpt":{"rendered":"<p>\u0130stanbul Atat\u00fcrk Havaliman\u0131&#8217;nda d\u00fczenlenen 8. Etnospor K\u00fclt\u00fcr Festivali, G\u00fclbank gelene\u011fi ve mehteran g\u00f6sterisiyle a\u00e7\u0131ld\u0131. D\u00fcnya<\/p>\n","protected":false},"author":1,"featured_media":1794,"comment_status":"open","ping_status":"open","sticky":false,"template":"","format":"standard","meta":{"_rtcl_gb_attr":"","footnotes":""},"categories":[3],"tags":[],"class_list":["post-1793","post","type-post","status-publish","format-standard","has-post-thumbnail","hentry","category-spor"],"_links":{"self":[{"href":"https:\/\/turkiyemhaber.com\/index.php?rest_route=\/wp\/v2\/posts\/1793","targetHints":{"allow":["GET"]}}],"collection":[{"href":"https:\/\/turkiyemhaber.com\/index.php?rest_route=\/wp\/v2\/posts"}],"about":[{"href":"https:\/\/turkiyemhaber.com\/index.php?rest_route=\/wp\/v2\/types\/post"}],"author":[{"embeddable":true,"href":"https:\/\/turkiyemhaber.com\/index.php?rest_route=\/wp\/v2\/users\/1"}],"replies":[{"embeddable":true,"href":"https:\/\/turkiyemhaber.com\/index.php?rest_route=%2Fwp%2Fv2%2Fcomments&post=1793"}],"version-history":[{"count":1,"href":"https:\/\/turkiyemhaber.com\/index.php?rest_route=\/wp\/v2\/posts\/1793\/revisions"}],"predecessor-version":[{"id":1795,"href":"https:\/\/turkiyemhaber.com\/index.php?rest_route=\/wp\/v2\/posts\/1793\/revisions\/1795"}],"wp:featuredmedia":[{"embeddable":true,"href":"https:\/\/turkiyemhaber.com\/index.php?rest_route=\/wp\/v2\/media\/1794"}],"wp:attachment":[{"href":"https:\/\/turkiyemhaber.com\/index.php?rest_route=%2Fwp%2Fv2%2Fmedia&parent=1793"}],"wp:term":[{"taxonomy":"category","embeddable":true,"href":"https:\/\/turkiyemhaber.com\/index.php?rest_route=%2Fwp%2Fv2%2Fcategories&post=1793"},{"taxonomy":"post_tag","embeddable":true,"href":"https:\/\/turkiyemhaber.com\/index.php?rest_route=%2Fwp%2Fv2%2Ftags&post=1793"}],"curies":[{"name":"wp","href":"https:\/\/api.w.org\/{rel}","templated":true}]}}