{"id":1790,"date":"2026-05-21T16:07:37","date_gmt":"2026-05-21T16:07:37","guid":{"rendered":"https:\/\/turkiyemhaber.com\/?p=1790"},"modified":"2026-05-21T16:07:41","modified_gmt":"2026-05-21T16:07:41","slug":"butlan-karari-sonrasi-adalet-bakani-gurlekten-ilk-aciklama-demokratik-bir-karardir-temyiz-yolu-aciktir","status":"publish","type":"post","link":"https:\/\/turkiyemhaber.com\/?p=1790","title":{"rendered":"Butlan karar\u0131 sonras\u0131 Adalet Bakan\u0131 G\u00fcrlek&#8217;ten ilk a\u00e7\u0131klama: Demokratik bir karard\u0131r, temyiz yolu a\u00e7\u0131kt\u0131r"},"content":{"rendered":"\n<p class=\"wp-block-paragraph\">CHP kurultay\u0131 ile ilgili verilen mutlak butlan karar\u0131n\u0131n ard\u0131ndan a\u00e7\u0131klamalarda bulunan Adalet Bakan\u0131 Ak\u0131n G\u00fcrlek, &#8220;Demokratik bir karar al\u0131nd\u0131. Karar\u0131n temyiz yolu a\u00e7\u0131kt\u0131r. Herkesin s\u00fcrece sayg\u0131 g\u00f6stermesi b\u00fcy\u00fck \u00f6nem ta\u015f\u0131yacakt\u0131r. \u0130rade milletindir, delegenindir, \u00fcyelerindir. Verilen bu karar, vatanda\u015flar\u0131m\u0131z\u0131n demokrasiye olan g\u00fcvenini peki\u015ftiren, demokrasinin kendi kendini koruma mekanizmalar\u0131n\u0131n i\u015fledi\u011fini g\u00f6steren bir karard\u0131r&#8221; dedi.<\/p>\n\n\n\n<p class=\"wp-block-paragraph\">Ayr\u0131nt\u0131lar geliyor&#8230;<\/p>\n","protected":false},"excerpt":{"rendered":"<p>CHP kurultay\u0131 ile ilgili verilen mutlak butlan karar\u0131n\u0131n ard\u0131ndan a\u00e7\u0131klamalarda bulunan Adalet Bakan\u0131 Ak\u0131n G\u00fcrlek,<\/p>\n","protected":false},"author":1,"featured_media":1791,"comment_status":"open","ping_status":"open","sticky":false,"template":"","format":"standard","meta":{"_rtcl_gb_attr":"","footnotes":""},"categories":[43],"tags":[],"class_list":["post-1790","post","type-post","status-publish","format-standard","has-post-thumbnail","hentry","category-son-dakika"],"_links":{"self":[{"href":"https:\/\/turkiyemhaber.com\/index.php?rest_route=\/wp\/v2\/posts\/1790","targetHints":{"allow":["GET"]}}],"collection":[{"href":"https:\/\/turkiyemhaber.com\/index.php?rest_route=\/wp\/v2\/posts"}],"about":[{"href":"https:\/\/turkiyemhaber.com\/index.php?rest_route=\/wp\/v2\/types\/post"}],"author":[{"embeddable":true,"href":"https:\/\/turkiyemhaber.com\/index.php?rest_route=\/wp\/v2\/users\/1"}],"replies":[{"embeddable":true,"href":"https:\/\/turkiyemhaber.com\/index.php?rest_route=%2Fwp%2Fv2%2Fcomments&post=1790"}],"version-history":[{"count":1,"href":"https:\/\/turkiyemhaber.com\/index.php?rest_route=\/wp\/v2\/posts\/1790\/revisions"}],"predecessor-version":[{"id":1792,"href":"https:\/\/turkiyemhaber.com\/index.php?rest_route=\/wp\/v2\/posts\/1790\/revisions\/1792"}],"wp:featuredmedia":[{"embeddable":true,"href":"https:\/\/turkiyemhaber.com\/index.php?rest_route=\/wp\/v2\/media\/1791"}],"wp:attachment":[{"href":"https:\/\/turkiyemhaber.com\/index.php?rest_route=%2Fwp%2Fv2%2Fmedia&parent=1790"}],"wp:term":[{"taxonomy":"category","embeddable":true,"href":"https:\/\/turkiyemhaber.com\/index.php?rest_route=%2Fwp%2Fv2%2Fcategories&post=1790"},{"taxonomy":"post_tag","embeddable":true,"href":"https:\/\/turkiyemhaber.com\/index.php?rest_route=%2Fwp%2Fv2%2Ftags&post=1790"}],"curies":[{"name":"wp","href":"https:\/\/api.w.org\/{rel}","templated":true}]}}