{"id":1787,"date":"2026-05-21T16:05:24","date_gmt":"2026-05-21T16:05:24","guid":{"rendered":"https:\/\/turkiyemhaber.com\/?p=1787"},"modified":"2026-05-21T16:05:28","modified_gmt":"2026-05-21T16:05:28","slug":"mutlak-butlan-kararina-kilicdaroglundan-ilk-yorum","status":"publish","type":"post","link":"https:\/\/turkiyemhaber.com\/?p=1787","title":{"rendered":"Mutlak butlan karar\u0131na K\u0131l\u0131\u00e7daro\u011flu&#8217;ndan ilk yorum"},"content":{"rendered":"\n<p class=\"wp-block-paragraph\">Eski CHP Genel Ba\u015fkan\u0131 Kemal K\u0131l\u0131\u00e7daro\u011flu&#8217;ndan CHP kurultay\u0131n\u0131n iptal edilip mutlak butlan karar\u0131 verilmesine ilk yorum geldi. G\u00f6reve d\u00f6nmesi beklenen K\u0131l\u0131\u00e7daro\u011flu, &#8220;B\u00fct\u00fcn partililer karar\u0131 s\u00fckunetle kar\u015f\u0131lamal\u0131. Partimiz \u00e7ok b\u00fcy\u00fck bir partidir. Partimiz sorunlar\u0131n\u0131 kendi i\u00e7inde \u00e7\u00f6zecektir.&#8221; dedi.<\/p>\n\n\n\n<p class=\"wp-block-paragraph\">Ankara B\u00f6lge Adliye Mahkemesi (BAM) 36. Hukuk Dairesi, CHP\u2019nin 38. Ola\u011fan Kurultay\u0131 ve ard\u0131ndan yap\u0131lan ola\u011fan\u00fcst\u00fc kurultat\u0131 hakk\u0131nda &#8220;mutlak butlan&#8221; karar\u0131 vererek iptal etmesinin ard\u0131ndan eski Genel Ba\u015fkan&nbsp;<a href=\"https:\/\/www.sondakika.com\/kemal-kilicdaroglu\/\">Kemal K\u0131l\u0131\u00e7daro\u011flu<\/a>&#8216;ndan ilk yorum geldi.<\/p>\n\n\n\n<h3 class=\"wp-block-heading\">KILI\u00c7DARO\u011eLU: B\u00dcT\u00dcN PART\u0130L\u0130LER KARARI S\u00dcKUNETLE KAR\u015eILAMALI<\/h3>\n\n\n\n<p class=\"wp-block-paragraph\">Mahkeme karar\u0131yla \u00d6zg\u00fcr \u00d6zel ve y\u00f6netiminin g\u00f6revi sonland\u0131r\u0131l\u0131rken, K\u0131l\u0131\u00e7daro\u011flu, t\u00fcm partilileri sa\u011fduyulu olmaya \u00e7a\u011f\u0131rd\u0131. tv100&#8217;e konu\u015fan K\u0131l\u0131\u00e7daro\u011flu, &#8220;B\u00fct\u00fcn partililer karar\u0131 s\u00fckunetle kar\u015f\u0131lamal\u0131. Partimiz \u00e7ok b\u00fcy\u00fck bir partidir. Partimiz sorunlar\u0131n\u0131 kendi i\u00e7inde \u00e7\u00f6zecektir.&#8221; ifadelerini kulland\u0131.<\/p>\n\n\n\n<p class=\"wp-block-paragraph\">Mahkemenin verdi\u011fi iptal karar\u0131 do\u011frultusunda mevcut Genel Ba\u015fkan \u00d6zg\u00fcr \u00d6zel ve y\u00f6netim organlar\u0131 g\u00f6revden uzakla\u015ft\u0131r\u0131l\u0131rken, partinin hukuki olarak yeniden Kemal K\u0131l\u0131\u00e7daro\u011flu ve eski y\u00f6netim organlar\u0131n\u0131n kontrol\u00fcne ge\u00e7mesi \u00f6ng\u00f6r\u00fcl\u00fcyor.&nbsp;<\/p>\n","protected":false},"excerpt":{"rendered":"<p>Eski CHP Genel Ba\u015fkan\u0131 Kemal K\u0131l\u0131\u00e7daro\u011flu&#8217;ndan CHP kurultay\u0131n\u0131n iptal edilip mutlak butlan karar\u0131 verilmesine ilk<\/p>\n","protected":false},"author":1,"featured_media":1788,"comment_status":"open","ping_status":"open","sticky":false,"template":"","format":"standard","meta":{"_rtcl_gb_attr":"","footnotes":""},"categories":[44,43],"tags":[],"class_list":["post-1787","post","type-post","status-publish","format-standard","has-post-thumbnail","hentry","category-politika","category-son-dakika"],"_links":{"self":[{"href":"https:\/\/turkiyemhaber.com\/index.php?rest_route=\/wp\/v2\/posts\/1787","targetHints":{"allow":["GET"]}}],"collection":[{"href":"https:\/\/turkiyemhaber.com\/index.php?rest_route=\/wp\/v2\/posts"}],"about":[{"href":"https:\/\/turkiyemhaber.com\/index.php?rest_route=\/wp\/v2\/types\/post"}],"author":[{"embeddable":true,"href":"https:\/\/turkiyemhaber.com\/index.php?rest_route=\/wp\/v2\/users\/1"}],"replies":[{"embeddable":true,"href":"https:\/\/turkiyemhaber.com\/index.php?rest_route=%2Fwp%2Fv2%2Fcomments&post=1787"}],"version-history":[{"count":1,"href":"https:\/\/turkiyemhaber.com\/index.php?rest_route=\/wp\/v2\/posts\/1787\/revisions"}],"predecessor-version":[{"id":1789,"href":"https:\/\/turkiyemhaber.com\/index.php?rest_route=\/wp\/v2\/posts\/1787\/revisions\/1789"}],"wp:featuredmedia":[{"embeddable":true,"href":"https:\/\/turkiyemhaber.com\/index.php?rest_route=\/wp\/v2\/media\/1788"}],"wp:attachment":[{"href":"https:\/\/turkiyemhaber.com\/index.php?rest_route=%2Fwp%2Fv2%2Fmedia&parent=1787"}],"wp:term":[{"taxonomy":"category","embeddable":true,"href":"https:\/\/turkiyemhaber.com\/index.php?rest_route=%2Fwp%2Fv2%2Fcategories&post=1787"},{"taxonomy":"post_tag","embeddable":true,"href":"https:\/\/turkiyemhaber.com\/index.php?rest_route=%2Fwp%2Fv2%2Ftags&post=1787"}],"curies":[{"name":"wp","href":"https:\/\/api.w.org\/{rel}","templated":true}]}}