{"id":1785,"date":"2026-05-21T16:03:30","date_gmt":"2026-05-21T16:03:30","guid":{"rendered":"https:\/\/turkiyemhaber.com\/?p=1785"},"modified":"2026-05-21T16:41:20","modified_gmt":"2026-05-21T16:41:20","slug":"iste-chp-icin-verilen-mutlak-butlan-kararinin-gerekceleri","status":"publish","type":"post","link":"https:\/\/turkiyemhaber.com\/?p=1785","title":{"rendered":"\u0130\u015fte CHP i\u00e7in verilen mutlak butlan karar\u0131n\u0131n gerek\u00e7eleri"},"content":{"rendered":"\n<p class=\"wp-block-paragraph\">CHP&#8217;de kurultay iptaline ili\u015fkin a\u00e7\u0131lan davada mahkemenin verdi\u011fi mutlak butlan karar\u0131n\u0131n gerek\u00e7eleri belli oldu. Kararda, delege iradesinin fesada u\u011frat\u0131ld\u0131\u011f\u0131, oylar\u0131n denetlenip gizli iradenin zedelendi\u011fi, sonradan yap\u0131lan ola\u011fan\u00fcst\u00fc kurultay\u0131n sakatl\u0131\u011f\u0131 gidermedi\u011fi belirtildi.<\/p>\n\n\n\n<p class=\"wp-block-paragraph\">Cumhuriyet Halk Partisi\u2019nin (CHP) 38\u2019inci Ola\u011fan Kurultay\u0131 ile 21\u2019inci Ola\u011fan\u00fcst\u00fc Kurultay\u0131\u2019n\u0131n iptaline ili\u015fkin a\u00e7\u0131lan davada, mahkemenin verdi\u011fi &#8220;mutlak butlan&#8221; karar\u0131n\u0131n gerek\u00e7eleri belli oldu. Mahkeme, kurultayda delegelerin \u00f6zg\u00fcr iradelerine m\u00fcdahale edildi\u011fini ve oy kullanma s\u00fcrecinin denetlenerek &#8220;gizli oy&#8221; ilkesinin \u00e7i\u011fnendi\u011fini belirtti. Kararda, bu usuls\u00fczl\u00fckler nedeniyle kurultay\u0131n ba\u015ftan itibaren hukuken ge\u00e7ersiz say\u0131ld\u0131\u011f\u0131 vurguland\u0131.<\/p>\n\n\n\n<p class=\"wp-block-paragraph\">Parti y\u00f6netiminin &#8220;daha sonra yap\u0131lan ola\u011fan\u00fcst\u00fc kurultayla eksikliklerin giderildi\u011fi&#8221; y\u00f6n\u00fcndeki savunmas\u0131 ise mahkeme taraf\u0131ndan reddedildi. \u0130lk kurultaydaki hukuki sakatl\u0131\u011f\u0131n sonraki s\u00fcre\u00e7lerle d\u00fczeltilemeyece\u011fine dikkat \u00e7ekilen karar\u0131n ard\u0131ndan, g\u00f6zler parti y\u00f6netiminin ataca\u011f\u0131 hukuki ad\u0131mlara ve olas\u0131 bir kurultay tekrar\u0131 s\u00fcrecine \u00e7evrildi.<\/p>\n\n\n\n<h3 class=\"wp-block-heading\">BUTLAN KARARININ GEREK\u00c7ELER\u0130<\/h3>\n\n\n\n<p class=\"wp-block-paragraph\">Ankara B\u00f6lge Adliye Mahkemesi 36. Hukuk Dairesi Karar\u0131 \u00d6zeti&#8217;nde \u015fu ifadeler yer ald\u0131:<\/p>\n\n\n\n<p class=\"wp-block-paragraph\">Delege iradesinin fesada u\u011frat\u0131ld\u0131\u011f\u0131 kanaatine var\u0131ld\u0131.&nbsp;Dosyada yer alan ceza soru\u015fturmalar\u0131, iddianameler, tan\u0131k beyanlar\u0131, MASAK raporu, kurum yaz\u0131\u015fmalar\u0131 ve fezlekeler birlikte de\u011ferlendirilerek baz\u0131 delegelerin oy tercihlerinin menfaat ili\u015fkileriyle y\u00f6nlendirildi\u011fi tespit edildi.<\/p>\n\n\n\n<h3 class=\"wp-block-heading\">&#8220;DELEGELERE PARA VER\u0130LD\u0130&#8221;<\/h3>\n\n\n\n<p class=\"wp-block-paragraph\">Para, i\u015f, adayl\u0131k ve ba\u015fka menfaat vaatler belirleyici g\u00f6r\u00fcld\u00fc.&nbsp;Kurultayda ve \u0130stanbul \u0130l Kongresi\u2019nde baz\u0131 delegelere para verildi\u011fi, belediyelerde i\u015fe yerle\u015ftirme vaadinde bulunuldu\u011fu, adayl\u0131k\/siyasi g\u00f6rev taahh\u00fct edildi\u011fi, al\u0131\u015fveri\u015f kart\u0131 gibi menfaatler sa\u011fland\u0131\u011f\u0131 karar gerek\u00e7esine esas al\u0131nd\u0131.<\/p>\n\n\n\n<p class=\"wp-block-paragraph\">Oylar\u0131n denetlendi\u011fi ve gizli iradenin zedelendi\u011fi de\u011ferlendirildi.&nbsp;Baz\u0131 delegelerden oy pusulalar\u0131n\u0131n foto\u011fraf\u0131n\u0131 \u00e7ekip g\u00f6ndermelerinin istendi\u011fi, se\u00e7im iradesinin serbest\u00e7e olu\u015fmad\u0131\u011f\u0131 y\u00f6n\u00fcnde \u00f6nemli bir unsur say\u0131ld\u0131.<\/p>\n\n\n\n<p class=\"wp-block-paragraph\">Parti i\u00e7i demokrasi ve e\u015fitlik ilkelerinin ihlal edildi\u011fi kabul edildi.&nbsp;Anayasa\u2019n\u0131n 69. maddesi ile Siyasi Partiler Kanunu\u2019nun 4 ve 93. maddeleri uyar\u0131nca siyasi partilerin organ se\u00e7imlerinin demokrasi esaslar\u0131na, t\u00fcz\u00fc\u011fe ve \u00fcyeler aras\u0131 e\u015fitlik ilkesine uygun olmas\u0131 gerekti\u011fi vurguland\u0131.<\/p>\n\n\n\n<p class=\"wp-block-paragraph\">Kanunun emredici h\u00fck\u00fcmlerine ayk\u0131r\u0131l\u0131k bulundu\u011fu sonucuna ula\u015f\u0131ld\u0131.&nbsp;Kararda, kurultay ve kongredeki iddia edilen usuls\u00fczl\u00fcklerin sadece basit iptal sebebi de\u011fil, kamu d\u00fczeni ve emredici hukuk kurallar\u0131na ayk\u0131r\u0131l\u0131k olu\u015fturdu\u011fu belirtilerek kesin h\u00fck\u00fcms\u00fczl\u00fck de\u011ferlendirmesi yap\u0131ld\u0131.<\/p>\n\n\n\n<h3 class=\"wp-block-heading\">&#8220;OLA\u011eAN\u00dcST\u00dc KURULTAY, SAKATLI\u011eI G\u0130DERMED\u0130&#8221;<\/h3>\n\n\n\n<p class=\"wp-block-paragraph\">Sonradan yap\u0131lan ola\u011fan\u00fcst\u00fc kurultaylar\u0131n sakatl\u0131\u011f\u0131 gidermedi\u011fi kabul edildi.&nbsp;4-5 Kas\u0131m 2023 Kurultay\u0131 mutlak butlanla sakat say\u0131ld\u0131\u011f\u0131 i\u00e7in, bu kurultaydan sonra yap\u0131lan ola\u011fan ve ola\u011fan\u00fcst\u00fc kurultaylar\u0131n da hukuki dayana\u011f\u0131n\u0131n kalmad\u0131\u011f\u0131 sonucuna var\u0131ld\u0131.<\/p>\n\n\n\n<p class=\"wp-block-paragraph\">\u0130lk derece mahkemesinin \u201cdava konusuz kald\u0131\u201d yakla\u015f\u0131m\u0131 isabetli bulunmad\u0131.&nbsp;\u0130stinaf karar\u0131na g\u00f6re sonradan yap\u0131lan kurultaylar, \u00f6nceki kurultaydaki mutlak butlan durumunu ortadan kald\u0131rmad\u0131; bu nedenle hukuki yarar\u0131n devam etti\u011fi kabul edildi.<\/p>\n\n\n\n<h3 class=\"wp-block-heading\">&#8220;\u00d6NCEK\u0130 Y\u00d6NET\u0130ME D\u00d6N\u00dc\u015e SONUCU BA\u011eLANDI&#8221;<\/h3>\n\n\n\n<p class=\"wp-block-paragraph\">\u00d6nceki y\u00f6netime d\u00f6n\u00fc\u015f sonucu ba\u011fland\u0131.&nbsp;Kurultay yap\u0131ld\u0131\u011f\u0131 tarihten itibaren iptal edilince, 4-5 Kas\u0131m 2023 \u00f6ncesi duruma d\u00f6n\u00fclmesine;&nbsp;<a href=\"https:\/\/www.sondakika.com\/kemal-kilicdaroglu\/\">Kemal K\u0131l\u0131\u00e7daro\u011flu<\/a>&nbsp;ve o d\u00f6nemki parti organlar\u0131n\u0131n g\u00f6reve devam etmesine karar verildi.<\/p>\n\n\n\n<p class=\"wp-block-paragraph\">\u00d6zetle;&nbsp;Mahkeme karar\u0131, CHP B\u00fcy\u00fck kurultay\u0131 ve \u0130stanbul \u0130l Kongresi\u2019nde delege iradesinin \u00e7e\u015fitli menfaatler gerek\u00e7esiyle sakatland\u0131\u011f\u0131; bunun parti i\u00e7i demokrasi, e\u015fitlik ve kamu d\u00fczenine ayk\u0131r\u0131 oldu\u011fu kanaatiyle mutlak butlan sonucuna varm\u0131\u015ft\u0131r.&#8221;<\/p>\n","protected":false},"excerpt":{"rendered":"<p>CHP&#8217;de kurultay iptaline ili\u015fkin a\u00e7\u0131lan davada mahkemenin verdi\u011fi mutlak butlan karar\u0131n\u0131n gerek\u00e7eleri belli oldu. Kararda,<\/p>\n","protected":false},"author":1,"featured_media":1824,"comment_status":"open","ping_status":"open","sticky":false,"template":"","format":"standard","meta":{"_rtcl_gb_attr":"","footnotes":""},"categories":[1],"tags":[],"class_list":["post-1785","post","type-post","status-publish","format-standard","has-post-thumbnail","hentry","category-http-turkiyemhaber-com-wp-content-uploads-2026-03-saray-59-haber-13-mart-pdf"],"_links":{"self":[{"href":"https:\/\/turkiyemhaber.com\/index.php?rest_route=\/wp\/v2\/posts\/1785","targetHints":{"allow":["GET"]}}],"collection":[{"href":"https:\/\/turkiyemhaber.com\/index.php?rest_route=\/wp\/v2\/posts"}],"about":[{"href":"https:\/\/turkiyemhaber.com\/index.php?rest_route=\/wp\/v2\/types\/post"}],"author":[{"embeddable":true,"href":"https:\/\/turkiyemhaber.com\/index.php?rest_route=\/wp\/v2\/users\/1"}],"replies":[{"embeddable":true,"href":"https:\/\/turkiyemhaber.com\/index.php?rest_route=%2Fwp%2Fv2%2Fcomments&post=1785"}],"version-history":[{"count":1,"href":"https:\/\/turkiyemhaber.com\/index.php?rest_route=\/wp\/v2\/posts\/1785\/revisions"}],"predecessor-version":[{"id":1786,"href":"https:\/\/turkiyemhaber.com\/index.php?rest_route=\/wp\/v2\/posts\/1785\/revisions\/1786"}],"wp:featuredmedia":[{"embeddable":true,"href":"https:\/\/turkiyemhaber.com\/index.php?rest_route=\/wp\/v2\/media\/1824"}],"wp:attachment":[{"href":"https:\/\/turkiyemhaber.com\/index.php?rest_route=%2Fwp%2Fv2%2Fmedia&parent=1785"}],"wp:term":[{"taxonomy":"category","embeddable":true,"href":"https:\/\/turkiyemhaber.com\/index.php?rest_route=%2Fwp%2Fv2%2Fcategories&post=1785"},{"taxonomy":"post_tag","embeddable":true,"href":"https:\/\/turkiyemhaber.com\/index.php?rest_route=%2Fwp%2Fv2%2Ftags&post=1785"}],"curies":[{"name":"wp","href":"https:\/\/api.w.org\/{rel}","templated":true}]}}