{"id":1782,"date":"2026-05-21T15:54:59","date_gmt":"2026-05-21T15:54:59","guid":{"rendered":"https:\/\/turkiyemhaber.com\/?p=1782"},"modified":"2026-05-21T16:42:15","modified_gmt":"2026-05-21T16:42:15","slug":"borsada-islemler-devre-kesicinin-calismasiyla-gecici-olarak-durduruldu","status":"publish","type":"post","link":"https:\/\/turkiyemhaber.com\/?p=1782","title":{"rendered":"Borsada i\u015flemler devre kesicinin \u00e7al\u0131\u015fmas\u0131yla ge\u00e7ici olarak durduruldu"},"content":{"rendered":"\n<p class=\"wp-block-paragraph\">CHP kurultay\u0131 i\u00e7in mutlak butlak karar\u0131 verilmesinin ard\u0131ndan Borsa \u0130stanbul&#8217;dan dikkat \u00e7eken bir karar geldi. Borsa \u0130stanbul, endeksteki kay\u0131plar\u0131n y\u00fczde 6&#8217;y\u0131 a\u015ft\u0131\u011f\u0131, bu nedenle Endekse ba\u011fl\u0131 Devre Kesici Sisteminin devreye girerek i\u015flemlerin ge\u00e7ici olarak durduruldu\u011funu a\u00e7\u0131klad\u0131.<\/p>\n\n\n\n<p class=\"wp-block-paragraph\"><a href=\"https:\/\/www.sondakika.com\/borsa-istanbul\/\">Borsa \u0130stanbul<\/a>&nbsp;A\u015e, BIST 100 endeksindeki kay\u0131plar\u0131n y\u00fczde 6&#8217;y\u0131 a\u015fmas\u0131yla Endekse Ba\u011fl\u0131 Devre Kesici Sistemi&#8217;nin \u00e7al\u0131\u015ft\u0131\u011f\u0131n\u0131 ve pay piyasas\u0131ndaki t\u00fcm s\u0131ralarda i\u015flemlerin ge\u00e7ici olarak durduruldu\u011funu duyurdu.<\/p>\n\n\n\n<p class=\"wp-block-paragraph\">Borsa \u0130stanbul&#8217;un Endekse Ba\u011fl\u0131 Devre Kesici Sistemi&#8217;nin devreye girmesine ili\u015fkin yapt\u0131\u011f\u0131 a\u00e7\u0131klama, Kamuyu Ayd\u0131nlatma Platformu&#8217;nda (KAP) yay\u0131mland\u0131.<\/p>\n\n\n\n<p class=\"wp-block-paragraph\">A\u00e7\u0131klamada, &#8220;Saat 17.42.06 itibar\u0131yla endekse ba\u011fl\u0131 devre kesici tetiklenmi\u015f ve pay piyasas\u0131ndaki t\u00fcm i\u015flem s\u0131ralar\u0131nda, vadeli i\u015flem ve opsiyon piyasas\u0131nda i\u015flem g\u00f6ren pay ve pay endekslerine dayal\u0131 s\u00f6zle\u015fmelerde i\u015flemler ge\u00e7ici olarak durdurulmu\u015ftur. \u0130\u015flemler pay piyasas\u0131nda saat 18.01 itibar\u0131yla kapan\u0131\u015f seans\u0131yla vadeli i\u015flem ve opsiyon piyasas\u0131nda i\u015flem g\u00f6ren pay ve pay endekslerine dayal\u0131 s\u00f6zle\u015fmelerde s\u00fcrekli i\u015flem y\u00f6ntemiyle saat 18.08 itibar\u0131yla yeniden ba\u015flat\u0131lacakt\u0131r. Pay piyasas\u0131nda varant, sertifika ve yeni pay alma hakk\u0131 s\u0131ralar\u0131nda i\u015flemler bug\u00fcn yeniden ba\u015flat\u0131lmayacakt\u0131r. Seans ak\u0131\u015flar\u0131 EBDK biti\u015f saati itibar\u0131yla kald\u0131\u011f\u0131 yerden devam edecektir.&#8221; ifadeleri kullan\u0131ld\u0131.<\/p>\n","protected":false},"excerpt":{"rendered":"<p>CHP kurultay\u0131 i\u00e7in mutlak butlak karar\u0131 verilmesinin ard\u0131ndan Borsa \u0130stanbul&#8217;dan dikkat \u00e7eken bir karar geldi.<\/p>\n","protected":false},"author":1,"featured_media":1825,"comment_status":"open","ping_status":"open","sticky":false,"template":"","format":"standard","meta":{"_rtcl_gb_attr":"","footnotes":""},"categories":[44,43],"tags":[],"class_list":["post-1782","post","type-post","status-publish","format-standard","has-post-thumbnail","hentry","category-politika","category-son-dakika"],"_links":{"self":[{"href":"https:\/\/turkiyemhaber.com\/index.php?rest_route=\/wp\/v2\/posts\/1782","targetHints":{"allow":["GET"]}}],"collection":[{"href":"https:\/\/turkiyemhaber.com\/index.php?rest_route=\/wp\/v2\/posts"}],"about":[{"href":"https:\/\/turkiyemhaber.com\/index.php?rest_route=\/wp\/v2\/types\/post"}],"author":[{"embeddable":true,"href":"https:\/\/turkiyemhaber.com\/index.php?rest_route=\/wp\/v2\/users\/1"}],"replies":[{"embeddable":true,"href":"https:\/\/turkiyemhaber.com\/index.php?rest_route=%2Fwp%2Fv2%2Fcomments&post=1782"}],"version-history":[{"count":1,"href":"https:\/\/turkiyemhaber.com\/index.php?rest_route=\/wp\/v2\/posts\/1782\/revisions"}],"predecessor-version":[{"id":1784,"href":"https:\/\/turkiyemhaber.com\/index.php?rest_route=\/wp\/v2\/posts\/1782\/revisions\/1784"}],"wp:featuredmedia":[{"embeddable":true,"href":"https:\/\/turkiyemhaber.com\/index.php?rest_route=\/wp\/v2\/media\/1825"}],"wp:attachment":[{"href":"https:\/\/turkiyemhaber.com\/index.php?rest_route=%2Fwp%2Fv2%2Fmedia&parent=1782"}],"wp:term":[{"taxonomy":"category","embeddable":true,"href":"https:\/\/turkiyemhaber.com\/index.php?rest_route=%2Fwp%2Fv2%2Fcategories&post=1782"},{"taxonomy":"post_tag","embeddable":true,"href":"https:\/\/turkiyemhaber.com\/index.php?rest_route=%2Fwp%2Fv2%2Ftags&post=1782"}],"curies":[{"name":"wp","href":"https:\/\/api.w.org\/{rel}","templated":true}]}}