{"id":1779,"date":"2026-05-21T15:52:38","date_gmt":"2026-05-21T15:52:38","guid":{"rendered":"https:\/\/turkiyemhaber.com\/?p=1779"},"modified":"2026-05-21T15:52:42","modified_gmt":"2026-05-21T15:52:42","slug":"gursel-tekinin-kayyumluk-gorevi-son-buldu","status":"publish","type":"post","link":"https:\/\/turkiyemhaber.com\/?p=1779","title":{"rendered":"G\u00fcrsel Tekin&#8217;in kayyumluk g\u00f6revi son buldu"},"content":{"rendered":"\n<p class=\"wp-block-paragraph\">Ankara B\u00f6lge Adliye Mahkemesi&#8217;nin CHP 38. Ola\u011fan Kurultay\u0131 ile birlikte 8 Ekim 2023 tarihli \u0130stanbul \u0130l Kongresi&#8217;ni de mutlak butlan gerek\u00e7esiyle iptal etmesinin ard\u0131ndan, \u0130stanbul \u00f6rg\u00fct\u00fcnde G\u00fcrsel Tekin&#8217;in y\u00fcr\u00fctt\u00fc\u011f\u00fc kayyumluk g\u00f6revi resmen sona erdi. Mahkemenin kongre \u00f6ncesi idari yap\u0131ya d\u00f6n\u00fclmesi karar\u0131 ile CHP \u0130stanbul \u0130l Ba\u015fkanl\u0131\u011f\u0131 g\u00f6revine G\u00fcls\u00fcm Hale \u00d6zc\u00f6mert Co\u015fkun getirildi.<\/p>\n\n\n\n<p class=\"wp-block-paragraph\">CHP&#8217;de 4-5 Kas\u0131m 2023 tarihinde yap\u0131lan ve&nbsp;&nbsp;<a href=\"https:\/\/www.sondakika.com\/ozgur-ozel\/\">\u00d6zg\u00fcr \u00d6zel<\/a>&#8216;in genel ba\u015fkan se\u00e7ildi\u011fi 38&#8217;inci Ola\u011fan Kurultay\u0131&#8217;na ili\u015fkin a\u00e7\u0131lan davada karar \u00e7\u0131kt\u0131.<\/p>\n\n\n\n<h3 class=\"wp-block-heading\">&#8220;38. KURULTAY MUTLAK BUTLANLA MALUL&#8221;<\/h3>\n\n\n\n<p class=\"wp-block-paragraph\">Ankara B\u00f6lge Adliye Mahkemesi 36. Hukuk Dairesi, Hatip Karaaslan, Levent \u00c7elik, Kamile Bahar \u00d6nal ve Y\u0131lmaz \u00d6zkanat\u2019\u0131n istinaf ba\u015fvurular\u0131n\u0131 kabul ederek, Ankara 42. Asliye Hukuk Mahkemesi\u2019nin 24 Ekim 2025 tarihli karar\u0131n\u0131 kald\u0131rd\u0131.<\/p>\n\n\n\n<p class=\"wp-block-paragraph\">Daire, Ankara 3. Asliye Hukuk Mahkemesi, Ankara 26. Asliye Ceza Mahkemesi ve \u0130stanbul\u2019daki hukuk-ceza dosyalar\u0131nda yer alan deliller, ifade tutanaklar\u0131 ve resmi belgeleri birlikte de\u011ferlendirdi. Kararda, hem 4-5 Kas\u0131m 2023 tarihli CHP 38. Ola\u011fan Kurultay\u0131\u2019n\u0131n hem de 8 Ekim 2023 tarihli CHP \u0130stanbul \u0130l Kongresi\u2019nin &#8220;kanunun emredici h\u00fck\u00fcmlerine ayk\u0131r\u0131 olmas\u0131 nedeniyle mutlak butlan (kesin h\u00fck\u00fcms\u00fczl\u00fck) ile malul oldu\u011fu&#8221; belirtildi.<\/p>\n\n\n\n<h3 class=\"wp-block-heading\">KILI\u00c7DARO\u011eLU VE ESK\u0130 Y\u00d6NET\u0130M \u0130\u00c7\u0130N &#8220;G\u00d6REVLER\u0130NE DEVAM&#8221; KARARI<\/h3>\n\n\n\n<p class=\"wp-block-paragraph\">Mahkeme, CHP\u2019nin 38. Ola\u011fan Se\u00e7imli Kurultay\u0131\u2019n\u0131n yap\u0131ld\u0131\u011f\u0131 tarihten itibaren iptaline, kurultay\u0131n iptal edilmi\u015f say\u0131lmas\u0131 nedeniyle bu tarihten sonra yap\u0131lan t\u00fcm ola\u011fan ve ola\u011fan\u00fcst\u00fc kurultaylar\u0131n ve bu kurultaylarda al\u0131nan kararlar\u0131n da iptaline karar verdi. Kararda, 4-5 Kas\u0131m 2023 tarihli kurultaydan \u00f6nceki duruma d\u00f6n\u00fclmesine, kurultay \u00f6ncesi genel ba\u015fkan olan&nbsp;<a href=\"https:\/\/www.sondakika.com\/kemal-kilicdaroglu\/\">Kemal K\u0131l\u0131\u00e7daro\u011flu<\/a>&nbsp;ile parti organlar\u0131n\u0131n g\u00f6revlerine &#8220;aynen devam etmelerine&#8221; h\u00fckmedildi.<\/p>\n\n\n\n<h3 class=\"wp-block-heading\">G\u00dcRSEL TEK\u0130N&#8217;\u0130N KAYYUMLUK G\u00d6REV\u0130NE SON VER\u0130LD\u0130<\/h3>\n\n\n\n<p class=\"wp-block-paragraph\">Ayn\u0131 \u015fekilde, CHP \u0130stanbul \u0130l Kongresi\u2019nin de iptali nedeniyle kongre \u00f6ncesi il ba\u015fkan\u0131 ve il organlar\u0131n\u0131n g\u00f6revlerine devam etmesi kararla\u015ft\u0131r\u0131ld\u0131. Al\u0131nan s\u00f6z konusu kararla birlikte&nbsp;<a href=\"https:\/\/www.sondakika.com\/gursel-tekin\/\">G\u00fcrsel Tekin<\/a>&#8216;in kayyumluk g\u00f6revi sona erirken, \u0130stanbul \u0130l Ba\u015fkanl\u0131\u011f\u0131na G\u00fcls\u00fcm Hale \u00d6zc\u00f6mert Co\u015fkun atand\u0131.&nbsp;Co\u015fkun, eski \u0130l Ba\u015fkan\u0131&nbsp;Canan Kaftanc\u0131o\u011flu&#8217;nun siyasi yasak almas\u0131 \u00fczerine g\u00f6reve vekaleten getirildi.<\/p>\n","protected":false},"excerpt":{"rendered":"<p>Ankara B\u00f6lge Adliye Mahkemesi&#8217;nin CHP 38. Ola\u011fan Kurultay\u0131 ile birlikte 8 Ekim 2023 tarihli \u0130stanbul<\/p>\n","protected":false},"author":1,"featured_media":1780,"comment_status":"open","ping_status":"open","sticky":false,"template":"","format":"standard","meta":{"_rtcl_gb_attr":"","footnotes":""},"categories":[44,43],"tags":[],"class_list":["post-1779","post","type-post","status-publish","format-standard","has-post-thumbnail","hentry","category-politika","category-son-dakika"],"_links":{"self":[{"href":"https:\/\/turkiyemhaber.com\/index.php?rest_route=\/wp\/v2\/posts\/1779","targetHints":{"allow":["GET"]}}],"collection":[{"href":"https:\/\/turkiyemhaber.com\/index.php?rest_route=\/wp\/v2\/posts"}],"about":[{"href":"https:\/\/turkiyemhaber.com\/index.php?rest_route=\/wp\/v2\/types\/post"}],"author":[{"embeddable":true,"href":"https:\/\/turkiyemhaber.com\/index.php?rest_route=\/wp\/v2\/users\/1"}],"replies":[{"embeddable":true,"href":"https:\/\/turkiyemhaber.com\/index.php?rest_route=%2Fwp%2Fv2%2Fcomments&post=1779"}],"version-history":[{"count":1,"href":"https:\/\/turkiyemhaber.com\/index.php?rest_route=\/wp\/v2\/posts\/1779\/revisions"}],"predecessor-version":[{"id":1781,"href":"https:\/\/turkiyemhaber.com\/index.php?rest_route=\/wp\/v2\/posts\/1779\/revisions\/1781"}],"wp:featuredmedia":[{"embeddable":true,"href":"https:\/\/turkiyemhaber.com\/index.php?rest_route=\/wp\/v2\/media\/1780"}],"wp:attachment":[{"href":"https:\/\/turkiyemhaber.com\/index.php?rest_route=%2Fwp%2Fv2%2Fmedia&parent=1779"}],"wp:term":[{"taxonomy":"category","embeddable":true,"href":"https:\/\/turkiyemhaber.com\/index.php?rest_route=%2Fwp%2Fv2%2Fcategories&post=1779"},{"taxonomy":"post_tag","embeddable":true,"href":"https:\/\/turkiyemhaber.com\/index.php?rest_route=%2Fwp%2Fv2%2Ftags&post=1779"}],"curies":[{"name":"wp","href":"https:\/\/api.w.org\/{rel}","templated":true}]}}