{"id":1776,"date":"2026-05-21T15:51:08","date_gmt":"2026-05-21T15:51:08","guid":{"rendered":"https:\/\/turkiyemhaber.com\/?p=1776"},"modified":"2026-05-21T15:51:13","modified_gmt":"2026-05-21T15:51:13","slug":"chp-grup-baskanvekili-ali-mahir-basarir-mutlak-butlan-kararini-tanimiyoruz","status":"publish","type":"post","link":"https:\/\/turkiyemhaber.com\/?p=1776","title":{"rendered":"CHP Grup Ba\u015fkanvekili Ali Mahir Ba\u015far\u0131r: Mutlak butlan karar\u0131n\u0131 tan\u0131m\u0131yoruz"},"content":{"rendered":"\n<p class=\"wp-block-paragraph\">Mahkemenin CHP kurultay\u0131n\u0131 iptal edip mutlak butlan karar\u0131yla \u00d6zg\u00fcr \u00d6zel ve y\u00f6netimini g\u00f6revden almas\u0131n\u0131n ard\u0131ndan CHP&#8217;den ilk a\u00e7\u0131klama geldi. CHP Grup Ba\u015fkanvekili Ali Mahir Ba\u015far\u0131r, &#8220;Mutlak butlan karar\u0131n\u0131 tan\u0131m\u0131yoruz. Gereken yap\u0131lacak.&#8221; dedi.<\/p>\n\n\n\n<p class=\"wp-block-paragraph\">Ankara 42. Asliye Hukuk Mahkemesi, CHP\u2019nin son kurultay\u0131n\u0131 iptal edip mutlak butlan karar\u0131 verdi. Kararla birlikte \u00d6zg\u00fcr \u00d6zel ve y\u00f6netimi g\u00f6revden al\u0131nd\u0131. Mahkemenin bu karar\u0131, siyaset g\u00fcndemine bomba gibi d\u00fc\u015ferken ana muhalefet partisinde hareketli saatlerin ya\u015fanmas\u0131na neden oldu.<\/p>\n\n\n\n<h3 class=\"wp-block-heading\">CHP&#8217;DEN &#8220;KARARI TANIMIYORUZ&#8221; A\u00c7IKLAMASI<\/h3>\n\n\n\n<p class=\"wp-block-paragraph\">Karar\u0131n ard\u0131ndan CHP&#8217;den ilk resmi a\u00e7\u0131klama Grup Ba\u015fkanvekili Ali Mahir Ba\u015far\u0131r\u2019dan geldi. Mahkemenin karar\u0131n\u0131 tan\u0131mad\u0131klar\u0131n\u0131 belirten Ba\u015far\u0131r tv100&#8217;e yapt\u0131\u011f\u0131 a\u00e7\u0131klamada, &#8220;Mutlak butlan karar\u0131n\u0131 tan\u0131m\u0131yoruz. Gereken yap\u0131lacak.&#8221; ifadelerini kulland\u0131.<\/p>\n\n\n\n<h3 class=\"wp-block-heading\">&#8220;KARARLAR B\u0130Z\u0130M A\u00c7IMIZDAN YOK H\u00dcKM\u00dcNDED\u0130R&#8221;<\/h3>\n\n\n\n<p class=\"wp-block-paragraph\">CHP Genel Ba\u015fkan Yard\u0131mc\u0131s\u0131 G\u00f6kan Zeybek de yapt\u0131\u011f\u0131 a\u00e7\u0131klamada \u015funlar\u0131 s\u00f6yledi: &#8220;Talimatla karar veren mahkemelerin ald\u0131\u011f\u0131 b\u00fct\u00fcn kararlar bizim a\u00e7\u0131m\u0131zdan yok h\u00fckm\u00fcndedir.&nbsp;Genel merkezimize, milletin bize emanet etti\u011fi, \u00f6rg\u00fct\u00fcn emanet etti\u011fi genel merkezimize sahip \u00e7\u0131kmaya gidiyoruz.&#8221;<\/p>\n\n\n\n<p class=\"wp-block-paragraph\">\u00d6te yandan mahkemenin karar\u0131nda, &#8220;Ola\u011fan ve ola\u011fan\u00fcst\u00fc kurultaylar\u0131n ve bu kurultaylarda al\u0131nan t\u00fcm kararlar\u0131n iptali&#8221; nedeniyle &#8220;4-5 Kas\u0131m 2023 tarihli 38. Ola\u011fan Se\u00e7imli Kurultay&#8217;dan \u00f6nceki duruma d\u00f6n\u00fclmesine, kurultay tarihinden \u00f6nceki Genel Ba\u015fkan Kemal K\u0131l\u0131\u00e7daro\u011flu ve parti organlar\u0131n\u0131n g\u00f6revlerine aynen devam etmelerine&#8221; karar verdi.&nbsp;Ayr\u0131ca, 8 Ekim 2023&#8217;te ger\u00e7ekle\u015ftirilen CHP \u0130stanbul \u0130l Kongresinin ve bu kongrede al\u0131nan t\u00fcm kararlar\u0131n da ayn\u0131 gerek\u00e7eyle iptaline h\u00fckmetti.<\/p>\n\n\n\n<h3 class=\"wp-block-heading\">&#8220;KILI\u00c7DARO\u011eLU&#8217;NUN TEDB\u0130REN G\u00d6REV\u0130 \u00dcSTLENMES\u0130NE KARAR VER\u0130LD\u0130&#8221;<\/h3>\n\n\n\n<p class=\"wp-block-paragraph\">Kararda \u015fu ifadelere yer verildi:&nbsp;&#8220;Mutlak butlanla sakatlanm\u0131\u015f 4-5 Kas\u0131m 2023 tarihli kurultay ile g\u00f6reve gelen Genel Ba\u015fkan \u00d6zg\u00fcr \u00d6zel&#8217;in, Merkez Y\u00f6netim Kurulu \u00fcyelerinin, Parti Meclisi&nbsp;\u00fcyelerinin ve Y\u00fcksek Disiplin Kurulu \u00fcyelerinin tedbiren g\u00f6revden uzakla\u015ft\u0131r\u0131lmalar\u0131na ve 4-5 Kas\u0131m 2023 tarihli kurultay \u00f6ncesi g\u00f6revde bulunan Genel Ba\u015fkan Kemal K\u0131l\u0131\u00e7daro\u011flu ile Parti Meclisi ve Y\u00fcksek Disiplin Kurulu \u00fcyelerinin karar kesinle\u015finceye kadar tedbiren g\u00f6revi \u00fcstlenmelerine, g\u00f6reve iadelerine ihtiyati tedbir karar\u0131n\u0131n, gere\u011fi i\u00e7in Y\u00fcksek Se\u00e7im Kuruluna, Ankara \u0130l Se\u00e7im Kuruluna, \u00c7ankaya 4. \u0130l\u00e7e Se\u00e7im Kuruluna ve Ankara Valili\u011fine g\u00f6nderilmesine karar verilmi\u015ftir.&#8221;<\/p>\n\n\n\n<p class=\"wp-block-paragraph\">Daire, 2 hafta i\u00e7inde Yarg\u0131tay&#8217;a temyiz yolu a\u00e7\u0131k olmak \u00fczere verdi\u011fi karar\u0131 &#8220;oy birli\u011fiyle&#8221; ald\u0131.<\/p>\n","protected":false},"excerpt":{"rendered":"<p>Mahkemenin CHP kurultay\u0131n\u0131 iptal edip mutlak butlan karar\u0131yla \u00d6zg\u00fcr \u00d6zel ve y\u00f6netimini g\u00f6revden almas\u0131n\u0131n ard\u0131ndan<\/p>\n","protected":false},"author":1,"featured_media":1777,"comment_status":"open","ping_status":"open","sticky":false,"template":"","format":"standard","meta":{"_rtcl_gb_attr":"","footnotes":""},"categories":[44,43],"tags":[],"class_list":["post-1776","post","type-post","status-publish","format-standard","has-post-thumbnail","hentry","category-politika","category-son-dakika"],"_links":{"self":[{"href":"https:\/\/turkiyemhaber.com\/index.php?rest_route=\/wp\/v2\/posts\/1776","targetHints":{"allow":["GET"]}}],"collection":[{"href":"https:\/\/turkiyemhaber.com\/index.php?rest_route=\/wp\/v2\/posts"}],"about":[{"href":"https:\/\/turkiyemhaber.com\/index.php?rest_route=\/wp\/v2\/types\/post"}],"author":[{"embeddable":true,"href":"https:\/\/turkiyemhaber.com\/index.php?rest_route=\/wp\/v2\/users\/1"}],"replies":[{"embeddable":true,"href":"https:\/\/turkiyemhaber.com\/index.php?rest_route=%2Fwp%2Fv2%2Fcomments&post=1776"}],"version-history":[{"count":1,"href":"https:\/\/turkiyemhaber.com\/index.php?rest_route=\/wp\/v2\/posts\/1776\/revisions"}],"predecessor-version":[{"id":1778,"href":"https:\/\/turkiyemhaber.com\/index.php?rest_route=\/wp\/v2\/posts\/1776\/revisions\/1778"}],"wp:featuredmedia":[{"embeddable":true,"href":"https:\/\/turkiyemhaber.com\/index.php?rest_route=\/wp\/v2\/media\/1777"}],"wp:attachment":[{"href":"https:\/\/turkiyemhaber.com\/index.php?rest_route=%2Fwp%2Fv2%2Fmedia&parent=1776"}],"wp:term":[{"taxonomy":"category","embeddable":true,"href":"https:\/\/turkiyemhaber.com\/index.php?rest_route=%2Fwp%2Fv2%2Fcategories&post=1776"},{"taxonomy":"post_tag","embeddable":true,"href":"https:\/\/turkiyemhaber.com\/index.php?rest_route=%2Fwp%2Fv2%2Ftags&post=1776"}],"curies":[{"name":"wp","href":"https:\/\/api.w.org\/{rel}","templated":true}]}}