{"id":1772,"date":"2026-05-21T15:11:30","date_gmt":"2026-05-21T15:11:30","guid":{"rendered":"https:\/\/turkiyemhaber.com\/?p=1772"},"modified":"2026-05-21T15:11:34","modified_gmt":"2026-05-21T15:11:34","slug":"chp-icin-mutlak-butlan-karari-cikti-kilicdaroglu-geri-donuyor","status":"publish","type":"post","link":"https:\/\/turkiyemhaber.com\/?p=1772","title":{"rendered":"CHP i\u00e7in mutlak butlan karar\u0131 \u00e7\u0131kt\u0131! K\u0131l\u0131\u00e7daro\u011flu geri d\u00f6n\u00fcyor"},"content":{"rendered":"\n<p class=\"wp-block-paragraph\">CHP&#8217;de \u00d6zg\u00fcr \u00d6zel\u2019in genel ba\u015fkan se\u00e7ildi\u011fi 2023\u2019teki kurultay\u0131n iptali talebiyle a\u00e7\u0131lan davada \u2018mutlak butlan\u2019 karar\u0131 \u00e7\u0131kt\u0131. Mahkeme CHP&#8217;nin 38. kurultay\u0131n\u0131 iptal etti. Kemal K\u0131l\u0131\u00e7daro\u011flu ve parti organlar\u0131n\u0131n g\u00f6revlerine iadesine karar verildi.<\/p>\n\n\n\n<p class=\"wp-block-paragraph\">CHP\u2019de 2023 y\u0131l\u0131nda \u00d6zg\u00fcr \u00d6zel\u2019in genel ba\u015fkan se\u00e7ildi\u011fi 38. Ola\u011fan Kurultay\u2019a ili\u015fkin a\u00e7\u0131lan davada mahkeme karar\u0131n\u0131 verdi. Mahkeme, kurultay\u0131n \u201cmutlak butlan\u201d nedeniyle ge\u00e7ersiz oldu\u011funa h\u00fckmederek kurultay\u0131 iptal etti.<\/p>\n\n\n\n<h3 class=\"wp-block-heading\">KILI\u00c7DARO\u011eLU VE ESK\u0130 Y\u00d6NET\u0130M G\u00d6REVE \u0130ADE ED\u0130LD\u0130<\/h3>\n\n\n\n<p class=\"wp-block-paragraph\">Mahkeme karar\u0131nda, kurultay \u00f6ncesinde g\u00f6revde bulunan eski CHP Genel Ba\u015fkan\u0131 Kemal K\u0131l\u0131\u00e7daro\u011flu ile \u00f6nceki parti y\u00f6netiminin g\u00f6revlerine iadesine karar verildi.<\/p>\n\n\n\n<p class=\"wp-block-paragraph\">Kararla birlikte:<\/p>\n\n\n\n<ul class=\"wp-block-list\">\n<li>Genel Ba\u015fkan \u00d6zg\u00fcr \u00d6zel<\/li>\n\n\n\n<li>Merkez Y\u00f6netim Kurulu (MYK)<\/li>\n\n\n\n<li>Parti Meclisi (PM)<\/li>\n\n\n\n<li>Y\u00fcksek Disiplin Kurulu (YDK)\u00a0y\u00f6netimlerinin hukuken ge\u00e7ersiz hale geldi\u011fi belirtildi.<\/li>\n<\/ul>\n\n\n\n<h3 class=\"wp-block-heading\">BUTLAN KARARININ GEREK\u00c7ELER\u0130&nbsp;<\/h3>\n\n\n\n<p class=\"wp-block-paragraph\">1- Delege iradesinin fesada u\u011frat\u0131ld\u0131\u011f\u0131 kanaatine var\u0131ld\u0131.<\/p>\n\n\n\n<p class=\"wp-block-paragraph\">Dosyada yer alan ceza soru\u015fturmalar\u0131, iddianameler, tan\u0131k beyanlar\u0131, MASAK raporu, kurum yaz\u0131\u015fmalar\u0131 ve fezlekeler birlikte de\u011ferlendirilerek baz\u0131 delegelerin oy tercihlerinin menfaat ili\u015fkileriyle y\u00f6nlendirildi\u011fi tespit edildi.<\/p>\n\n\n\n<p class=\"wp-block-paragraph\">2- Para, i\u015f, adayl\u0131k ve ba\u015fka menfaat vaatler belirleyici g\u00f6r\u00fcld\u00fc.<\/p>\n\n\n\n<p class=\"wp-block-paragraph\">Kurultayda ve \u0130stanbul \u0130l Kongresi\u2019nde baz\u0131 delegelere para verildi\u011fi, belediyelerde i\u015fe yerle\u015ftirme vaadinde bulunuldu\u011fu, adayl\u0131k\/siyasi g\u00f6rev taahh\u00fct edildi\u011fi, al\u0131\u015fveri\u015f kart\u0131 gibi menfaatler sa\u011fland\u0131\u011f\u0131 karar gerek\u00e7esine esas al\u0131nd\u0131.<\/p>\n\n\n\n<p class=\"wp-block-paragraph\">3- Oylar\u0131n denetlendi\u011fi ve gizli iradenin zedelendi\u011fi de\u011ferlendirildi.<\/p>\n\n\n\n<p class=\"wp-block-paragraph\">Baz\u0131 delegelerden oy pusulalar\u0131n\u0131n foto\u011fraf\u0131n\u0131 \u00e7ekip g\u00f6ndermelerinin istendi\u011fi, se\u00e7im iradesinin serbest\u00e7e olu\u015fmad\u0131\u011f\u0131 y\u00f6n\u00fcnde \u00f6nemli bir unsur say\u0131ld\u0131.<\/p>\n\n\n\n<p class=\"wp-block-paragraph\">4- Parti i\u00e7i demokrasi ve e\u015fitlik ilkelerinin ihlal edildi\u011fi kabul edildi.<\/p>\n\n\n\n<p class=\"wp-block-paragraph\">Anayasa\u2019n\u0131n 69. maddesi ile Siyasi Partiler Kanunu\u2019nun 4 ve 93. maddeleri uyar\u0131nca siyasi partilerin organ se\u00e7imlerinin demokrasi esaslar\u0131na, t\u00fcz\u00fc\u011fe ve \u00fcyeler aras\u0131 e\u015fitlik ilkesine uygun olmas\u0131 gerekti\u011fi vurguland\u0131.<\/p>\n\n\n\n<p class=\"wp-block-paragraph\">5- Kanunun emredici h\u00fck\u00fcmlerine ayk\u0131r\u0131l\u0131k bulundu\u011fu sonucuna ula\u015f\u0131ld\u0131.<\/p>\n\n\n\n<p class=\"wp-block-paragraph\">Kararda, kurultay ve kongredeki iddia edilen usuls\u00fczl\u00fcklerin sadece basit iptal sebebi de\u011fil, kamu d\u00fczeni ve emredici hukuk kurallar\u0131na ayk\u0131r\u0131l\u0131k olu\u015fturdu\u011fu belirtilerek kesin h\u00fck\u00fcms\u00fczl\u00fck de\u011ferlendirmesi yap\u0131ld\u0131.<\/p>\n\n\n\n<p class=\"wp-block-paragraph\">6- Sonradan yap\u0131lan ola\u011fan\u00fcst\u00fc kurultaylar\u0131n sakatl\u0131\u011f\u0131 gidermedi\u011fi kabul edildi.<\/p>\n\n\n\n<p class=\"wp-block-paragraph\">4-5 Kas\u0131m 2023 Kurultay\u0131 mutlak butlanla sakat say\u0131ld\u0131\u011f\u0131 i\u00e7in, bu kurultaydan sonra yap\u0131lan ola\u011fan ve ola\u011fan\u00fcst\u00fc kurultaylar\u0131n da hukuki dayana\u011f\u0131n\u0131n kalmad\u0131\u011f\u0131 sonucuna var\u0131ld\u0131.<\/p>\n\n\n\n<p class=\"wp-block-paragraph\">7- \u0130lk derece mahkemesinin \u201cdava konusuz kald\u0131\u201d yakla\u015f\u0131m\u0131 isabetli bulunmad\u0131.<\/p>\n\n\n\n<p class=\"wp-block-paragraph\">\u0130stinaf karar\u0131na g\u00f6re sonradan yap\u0131lan kurultaylar, \u00f6nceki kurultaydaki mutlak butlan durumunu ortadan kald\u0131rmad\u0131; bu nedenle hukuki yarar\u0131n devam etti\u011fi kabul edildi.<\/p>\n\n\n\n<p class=\"wp-block-paragraph\">8- \u00d6nceki y\u00f6netime d\u00f6n\u00fc\u015f sonucu ba\u011fland\u0131.<\/p>\n\n\n\n<p class=\"wp-block-paragraph\">Kurultay yap\u0131ld\u0131\u011f\u0131 tarihten itibaren iptal edilince, 4-5 Kas\u0131m 2023 \u00f6ncesi duruma d\u00f6n\u00fclmesine; Kemal K\u0131l\u0131\u00e7daro\u011flu ve o d\u00f6nemki parti organlar\u0131n\u0131n g\u00f6reve devam etmesine karar verildi.<\/p>\n\n\n\n<h3 class=\"wp-block-heading\">KURULTAY HAKKINDA SORU\u015eTURMA BA\u015eLATILMI\u015eTI<\/h3>\n\n\n\n<p class=\"wp-block-paragraph\">CHP\u2019nin 4-5 Kas\u0131m 2023 tarihlerinde ger\u00e7ekle\u015ftirdi\u011fi 38. Ola\u011fan Kurultay\u0131 hakk\u0131nda Ankara Cumhuriyet Ba\u015fsavc\u0131l\u0131\u011f\u0131 taraf\u0131ndan usuls\u00fczl\u00fck iddialar\u0131yla soru\u015fturma ba\u015flat\u0131lm\u0131\u015ft\u0131.&nbsp;Eski Hatay Belediye Ba\u015fkan\u0131 L\u00fctf\u00fc Sava\u015f ile baz\u0131 delegeler, kurultay\u0131n \u201cmutlak butlanla bat\u0131l oldu\u011funun\u201d tespiti i\u00e7in dava a\u00e7m\u0131\u015ft\u0131.&nbsp;Davada, \u00d6zg\u00fcr \u00d6zel ve parti y\u00f6netiminin g\u00f6revden uzakla\u015ft\u0131r\u0131lmas\u0131 ile Kemal K\u0131l\u0131\u00e7daro\u011flu ve \u00f6nceki kurullar\u0131n yeniden g\u00f6reve d\u00f6nd\u00fcr\u00fclmesi talep edilmi\u015fti.<\/p>\n","protected":false},"excerpt":{"rendered":"<p>CHP&#8217;de \u00d6zg\u00fcr \u00d6zel\u2019in genel ba\u015fkan se\u00e7ildi\u011fi 2023\u2019teki kurultay\u0131n iptali talebiyle a\u00e7\u0131lan davada \u2018mutlak butlan\u2019 karar\u0131<\/p>\n","protected":false},"author":1,"featured_media":1773,"comment_status":"open","ping_status":"open","sticky":false,"template":"","format":"standard","meta":{"_rtcl_gb_attr":"","footnotes":""},"categories":[44,43],"tags":[],"class_list":["post-1772","post","type-post","status-publish","format-standard","has-post-thumbnail","hentry","category-politika","category-son-dakika"],"_links":{"self":[{"href":"https:\/\/turkiyemhaber.com\/index.php?rest_route=\/wp\/v2\/posts\/1772","targetHints":{"allow":["GET"]}}],"collection":[{"href":"https:\/\/turkiyemhaber.com\/index.php?rest_route=\/wp\/v2\/posts"}],"about":[{"href":"https:\/\/turkiyemhaber.com\/index.php?rest_route=\/wp\/v2\/types\/post"}],"author":[{"embeddable":true,"href":"https:\/\/turkiyemhaber.com\/index.php?rest_route=\/wp\/v2\/users\/1"}],"replies":[{"embeddable":true,"href":"https:\/\/turkiyemhaber.com\/index.php?rest_route=%2Fwp%2Fv2%2Fcomments&post=1772"}],"version-history":[{"count":1,"href":"https:\/\/turkiyemhaber.com\/index.php?rest_route=\/wp\/v2\/posts\/1772\/revisions"}],"predecessor-version":[{"id":1774,"href":"https:\/\/turkiyemhaber.com\/index.php?rest_route=\/wp\/v2\/posts\/1772\/revisions\/1774"}],"wp:featuredmedia":[{"embeddable":true,"href":"https:\/\/turkiyemhaber.com\/index.php?rest_route=\/wp\/v2\/media\/1773"}],"wp:attachment":[{"href":"https:\/\/turkiyemhaber.com\/index.php?rest_route=%2Fwp%2Fv2%2Fmedia&parent=1772"}],"wp:term":[{"taxonomy":"category","embeddable":true,"href":"https:\/\/turkiyemhaber.com\/index.php?rest_route=%2Fwp%2Fv2%2Fcategories&post=1772"},{"taxonomy":"post_tag","embeddable":true,"href":"https:\/\/turkiyemhaber.com\/index.php?rest_route=%2Fwp%2Fv2%2Ftags&post=1772"}],"curies":[{"name":"wp","href":"https:\/\/api.w.org\/{rel}","templated":true}]}}