{"id":1769,"date":"2026-05-21T15:05:38","date_gmt":"2026-05-21T15:05:38","guid":{"rendered":"https:\/\/turkiyemhaber.com\/?p=1769"},"modified":"2026-05-21T15:05:41","modified_gmt":"2026-05-21T15:05:41","slug":"mutlak-butlan-kararinda-ihtiyati-tedbir-detayi-kilicdaroglu-geri-donuyor","status":"publish","type":"post","link":"https:\/\/turkiyemhaber.com\/?p=1769","title":{"rendered":"Mutlak butlan karar\u0131nda &#8220;ihtiyati tedbir&#8221; detay\u0131! K\u0131l\u0131\u00e7daro\u011flu geri d\u00f6n\u00fcyor"},"content":{"rendered":"\n<p class=\"wp-block-paragraph\">CHP&#8217;nin 2023&#8217;teki kurultay\u0131n\u0131n iptaline ili\u015fkin a\u00e7\u0131lan davada mahkemenin verdi\u011fi &#8220;mutlak butlan&#8221; karar\u0131nda &#8220;ihtiyati tedbir&#8221; detay\u0131 dikkat \u00e7ekti. Buna g\u00f6re, ihtiyati tedbir verildi\u011fi i\u00e7in \u00d6zg\u00fcr \u00d6zel ve y\u00f6netiminin d\u00f6neminin sona erdi\u011fi, eski Genel Ba\u015fkan Kemal K\u0131l\u0131\u00e7daro\u011flu&#8217;nun genel ba\u015fkanl\u0131\u011fa d\u00f6nmesi \u00f6ng\u00f6r\u00fcl\u00fcyor.<\/p>\n\n\n\n<p class=\"wp-block-paragraph\">CHP\u2019nin 38\u2019inci Ola\u011fan Kurultay\u0131 ile 21\u2019inci Ola\u011fan\u00fcst\u00fc Kurultay\u0131\u2019n\u0131n iptali istemiyle a\u00e7\u0131lan davada, Ankara B\u00f6lge Adliye Mahkemesi 36\u2019nc\u0131 Hukuk Dairesi, her iki kurultay hakk\u0131nda da \u2018mutlak butlan\u2019 karar\u0131 verdi.&nbsp;CHP&#8217;de mutlak butlan karar\u0131 sonras\u0131 Merkez Y\u00f6netim Kurulu ola\u011fan\u00fcst\u00fc topland\u0131.<\/p>\n\n\n\n<h3 class=\"wp-block-heading\">MAHKEME, \u0130HT\u0130YAT\u0130 TEDB\u0130R UYGULANMASINA KARAR VERD\u0130<\/h3>\n\n\n\n<p class=\"wp-block-paragraph\">Mahkeme, kurultayda &#8220;mutlak butlan&#8221; (hukuken ge\u00e7ersizlik) oldu\u011fu iddias\u0131yla a\u00e7\u0131lan davada, nihai karar verilene kadar &#8220;ihtiyati tedbir&#8221; uygulanmas\u0131na h\u00fckmetti.<\/p>\n\n\n\n<h3 class=\"wp-block-heading\">KILI\u00c7DARO\u011eLU GER\u0130 D\u00d6N\u00dcYOR<\/h3>\n\n\n\n<p class=\"wp-block-paragraph\">Al\u0131nan bu ihtiyati tedbir karar\u0131yla birlikte,&nbsp;<a href=\"https:\/\/www.sondakika.com\/ozgur-ozel\/\">\u00d6zg\u00fcr \u00d6zel<\/a>&nbsp;ve mevcut parti y\u00f6netiminin g\u00f6rev d\u00f6nemi sona erdi. Mahkeme karar\u0131 do\u011frultusunda, kurultay \u00f6ncesindeki y\u00f6netime geri d\u00f6n\u00fclmesi gerekti\u011fi i\u00e7in eski Genel Ba\u015fkan Kemal K\u0131l\u0131\u00e7daro\u011flu\u2019nun tedbiren yeniden genel ba\u015fkanl\u0131k koltu\u011funa d\u00f6nmesinin \u00f6n\u00fc a\u00e7\u0131ld\u0131.<\/p>\n\n\n\n<p class=\"wp-block-paragraph\">Davada itiraz s\u00fcreci devam edecek. Yarg\u0131tay&#8217;a kadar gidilebilecek s\u00fcre\u00e7te son karar verilene kadar K\u0131l\u0131\u00e7daro\u011flu g\u00f6revde olacak.<\/p>\n","protected":false},"excerpt":{"rendered":"<p>CHP&#8217;nin 2023&#8217;teki kurultay\u0131n\u0131n iptaline ili\u015fkin a\u00e7\u0131lan davada mahkemenin verdi\u011fi &#8220;mutlak butlan&#8221; karar\u0131nda &#8220;ihtiyati tedbir&#8221; detay\u0131<\/p>\n","protected":false},"author":1,"featured_media":1610,"comment_status":"open","ping_status":"open","sticky":false,"template":"","format":"standard","meta":{"_rtcl_gb_attr":"","footnotes":""},"categories":[44,43],"tags":[],"class_list":["post-1769","post","type-post","status-publish","format-standard","has-post-thumbnail","hentry","category-politika","category-son-dakika"],"_links":{"self":[{"href":"https:\/\/turkiyemhaber.com\/index.php?rest_route=\/wp\/v2\/posts\/1769","targetHints":{"allow":["GET"]}}],"collection":[{"href":"https:\/\/turkiyemhaber.com\/index.php?rest_route=\/wp\/v2\/posts"}],"about":[{"href":"https:\/\/turkiyemhaber.com\/index.php?rest_route=\/wp\/v2\/types\/post"}],"author":[{"embeddable":true,"href":"https:\/\/turkiyemhaber.com\/index.php?rest_route=\/wp\/v2\/users\/1"}],"replies":[{"embeddable":true,"href":"https:\/\/turkiyemhaber.com\/index.php?rest_route=%2Fwp%2Fv2%2Fcomments&post=1769"}],"version-history":[{"count":1,"href":"https:\/\/turkiyemhaber.com\/index.php?rest_route=\/wp\/v2\/posts\/1769\/revisions"}],"predecessor-version":[{"id":1770,"href":"https:\/\/turkiyemhaber.com\/index.php?rest_route=\/wp\/v2\/posts\/1769\/revisions\/1770"}],"wp:featuredmedia":[{"embeddable":true,"href":"https:\/\/turkiyemhaber.com\/index.php?rest_route=\/wp\/v2\/media\/1610"}],"wp:attachment":[{"href":"https:\/\/turkiyemhaber.com\/index.php?rest_route=%2Fwp%2Fv2%2Fmedia&parent=1769"}],"wp:term":[{"taxonomy":"category","embeddable":true,"href":"https:\/\/turkiyemhaber.com\/index.php?rest_route=%2Fwp%2Fv2%2Fcategories&post=1769"},{"taxonomy":"post_tag","embeddable":true,"href":"https:\/\/turkiyemhaber.com\/index.php?rest_route=%2Fwp%2Fv2%2Ftags&post=1769"}],"curies":[{"name":"wp","href":"https:\/\/api.w.org\/{rel}","templated":true}]}}