{"id":1767,"date":"2026-05-21T15:03:50","date_gmt":"2026-05-21T15:03:50","guid":{"rendered":"https:\/\/turkiyemhaber.com\/?p=1767"},"modified":"2026-05-21T15:47:16","modified_gmt":"2026-05-21T15:47:16","slug":"mutlak-butlan-karari-sonrasi-chpli-tum-vekiller-acilen-genel-merkeze-cagrildi","status":"publish","type":"post","link":"https:\/\/turkiyemhaber.com\/?p=1767","title":{"rendered":"Mutlak butlan karar\u0131 sonras\u0131 CHP&#8217;li t\u00fcm vekiller &#8220;acilen&#8221; genel merkeze \u00e7a\u011fr\u0131ld\u0131"},"content":{"rendered":"\n<p class=\"wp-block-paragraph\">CHP&#8217;de \u00d6zg\u00fcr \u00d6zel\u2019in genel ba\u015fkan se\u00e7ildi\u011fi 2023\u2019teki kurultay\u0131n iptali talebiyle a\u00e7\u0131lan davada \u2018mutlak butlan\u2019 karar\u0131 \u00e7\u0131kt\u0131. Mahkeme CHP&#8217;nin 38. kurultay\u0131n\u0131n iptaline ve eski Genel Ba\u015fkan Kemal K\u0131l\u0131\u00e7daro\u011flu ile parti organlar\u0131n\u0131n g\u00f6revlerine iadesine karar verirken, \u00d6zel y\u00f6netimi t\u00fcm milletvekillerini acil olarak CHP Genel Merkezine \u00e7a\u011f\u0131rd\u0131.<\/p>\n\n\n\n<p class=\"wp-block-paragraph\">CHP&#8217;de 4-5 Kas\u0131m 2023 tarihinde yap\u0131lan ve&nbsp;<a href=\"https:\/\/www.sondakika.com\/ozgur-ozel\/\">\u00d6zg\u00fcr \u00d6zel<\/a>&#8216;in genel ba\u015fkan se\u00e7ildi\u011fi 38&#8217;inci Ola\u011fan Kurultay\u0131&#8217;na ili\u015fkin a\u00e7\u0131lan davada karar \u00e7\u0131kt\u0131.<\/p>\n\n\n\n<h3 class=\"wp-block-heading\">Y\u00d6NET\u0130M\u0130 KILI\u00c7DARO\u011eLU DEVRALACAK<\/h3>\n\n\n\n<p class=\"wp-block-paragraph\">Ankara B\u00f6lge Adliye Mahkemesi 36. Hukuk Dairesinde g\u00f6r\u00fclen davada &#8216;mutlak butlan&#8217; karar\u0131 verildi. \u00d6zg\u00fcr \u00d6zel ile parti y\u00f6netiminin tedbiren g\u00f6revden uzakla\u015ft\u0131r\u0131lmalar\u0131na ve eski CHP Genel Ba\u015fkan\u0131&nbsp;<a href=\"https:\/\/www.sondakika.com\/kemal-kilicdaroglu\/\">Kemal K\u0131l\u0131\u00e7daro\u011flu<\/a>&nbsp;ile y\u00f6netiminin g\u00f6revi devralmas\u0131na h\u00fckmedildi.<\/p>\n\n\n\n<h3 class=\"wp-block-heading\">T\u00dcM VEK\u0130LLER AC\u0130LEN GENEL MERKEZE \u00c7A\u011eRILDI<\/h3>\n\n\n\n<p class=\"wp-block-paragraph\">Mahkeme karar\u0131n\u0131n ard\u0131ndan \u00d6zg\u00fcr \u00d6zel y\u00f6netiminin ilk hamlesi de belli oldu. \u00d6zel, t\u00fcm milletvekillerini acil olarak CHP Genel Merkezine \u00e7a\u011f\u0131rd\u0131.&nbsp;Merkez Y\u00f6netim Kurulu (MYK) da karar\u0131 de\u011ferlendirmek \u00fczere ola\u011fan\u00fcst\u00fc topland\u0131.<\/p>\n\n\n\n<h3 class=\"wp-block-heading\">DAVANIN GE\u00c7M\u0130\u015e\u0130<\/h3>\n\n\n\n<p class=\"wp-block-paragraph\">CHP\u2019nin 4-5 Kas\u0131m 2023\u2019te ger\u00e7ekle\u015ftirdi\u011fi 38. Ola\u011fan Kurultay\u0131\u2019na ili\u015fkin Ankara Cumhuriyet Ba\u015fsavc\u0131l\u0131\u011f\u0131 taraf\u0131ndan usuls\u00fczl\u00fck soru\u015fturmas\u0131 ba\u015flat\u0131lm\u0131\u015ft\u0131.<\/p>\n\n\n\n<p class=\"wp-block-paragraph\">Eski Hatay B\u00fcy\u00fck\u015fehir Belediye Ba\u015fkan\u0131 L\u00fctf\u00fc Sava\u015f ve baz\u0131 delegeler, CHP\u2019nin 4-5 Kas\u0131m 2023\u2019teki kurultay\u0131n\u0131n ve 6 Nisan 2025\u2019teki 21. Ola\u011fan\u00fcst\u00fc Kurultay\u0131\u2019n\u0131n iptali i\u00e7in ayr\u0131 ayr\u0131 hukuk mahkemelerinde dava a\u00e7m\u0131\u015ft\u0131.<\/p>\n\n\n\n<p class=\"wp-block-paragraph\">A\u00e7\u0131lan iptal davalar\u0131, 14 \u015eubat\u2019ta Ankara 42. Asliye Hukuk Mahkemesindeki dosyada birle\u015ftirilmi\u015fti.<\/p>\n\n\n\n<p class=\"wp-block-paragraph\">Mahkeme, 24 Ekim\u2019de davan\u0131n \u201ckonusuz kalmas\u0131\u201d sebebiyle karar verilmesine yer olmad\u0131\u011f\u0131na; ayr\u0131ca CHP\u2019nin 21. Ola\u011fan\u00fcst\u00fc Kurultay\u0131\u2019n\u0131n iptali istemini de i\u00e7eren birle\u015fen dosyalar\u0131n, husumet yoklu\u011fu nedeniyle reddine karar vermi\u015fti.<\/p>\n","protected":false},"excerpt":{"rendered":"<p>CHP&#8217;de \u00d6zg\u00fcr \u00d6zel\u2019in genel ba\u015fkan se\u00e7ildi\u011fi 2023\u2019teki kurultay\u0131n iptali talebiyle a\u00e7\u0131lan davada \u2018mutlak butlan\u2019 karar\u0131<\/p>\n","protected":false},"author":1,"featured_media":1775,"comment_status":"open","ping_status":"open","sticky":false,"template":"","format":"standard","meta":{"_rtcl_gb_attr":"","footnotes":""},"categories":[44,43],"tags":[],"class_list":["post-1767","post","type-post","status-publish","format-standard","has-post-thumbnail","hentry","category-politika","category-son-dakika"],"_links":{"self":[{"href":"https:\/\/turkiyemhaber.com\/index.php?rest_route=\/wp\/v2\/posts\/1767","targetHints":{"allow":["GET"]}}],"collection":[{"href":"https:\/\/turkiyemhaber.com\/index.php?rest_route=\/wp\/v2\/posts"}],"about":[{"href":"https:\/\/turkiyemhaber.com\/index.php?rest_route=\/wp\/v2\/types\/post"}],"author":[{"embeddable":true,"href":"https:\/\/turkiyemhaber.com\/index.php?rest_route=\/wp\/v2\/users\/1"}],"replies":[{"embeddable":true,"href":"https:\/\/turkiyemhaber.com\/index.php?rest_route=%2Fwp%2Fv2%2Fcomments&post=1767"}],"version-history":[{"count":1,"href":"https:\/\/turkiyemhaber.com\/index.php?rest_route=\/wp\/v2\/posts\/1767\/revisions"}],"predecessor-version":[{"id":1768,"href":"https:\/\/turkiyemhaber.com\/index.php?rest_route=\/wp\/v2\/posts\/1767\/revisions\/1768"}],"wp:featuredmedia":[{"embeddable":true,"href":"https:\/\/turkiyemhaber.com\/index.php?rest_route=\/wp\/v2\/media\/1775"}],"wp:attachment":[{"href":"https:\/\/turkiyemhaber.com\/index.php?rest_route=%2Fwp%2Fv2%2Fmedia&parent=1767"}],"wp:term":[{"taxonomy":"category","embeddable":true,"href":"https:\/\/turkiyemhaber.com\/index.php?rest_route=%2Fwp%2Fv2%2Fcategories&post=1767"},{"taxonomy":"post_tag","embeddable":true,"href":"https:\/\/turkiyemhaber.com\/index.php?rest_route=%2Fwp%2Fv2%2Ftags&post=1767"}],"curies":[{"name":"wp","href":"https:\/\/api.w.org\/{rel}","templated":true}]}}