{"id":1765,"date":"2026-05-21T15:01:11","date_gmt":"2026-05-21T15:01:11","guid":{"rendered":"https:\/\/turkiyemhaber.com\/?p=1765"},"modified":"2026-05-21T15:13:31","modified_gmt":"2026-05-21T15:13:31","slug":"chp-icin-mutlak-butlan-karari-cikti","status":"publish","type":"post","link":"https:\/\/turkiyemhaber.com\/?p=1765","title":{"rendered":"CHP i\u00e7in mutlak butlan karar\u0131 \u00e7\u0131kt\u0131"},"content":{"rendered":"\n<ul class=\"wp-block-list\">\n<li>Ankara BAM 36. Hukuk Dairesi, CHP kurultay davas\u0131nda \u00d6zel ile parti y\u00f6netiminin tedbiren g\u00f6revden uzakla\u015ft\u0131r\u0131lmalar\u0131na, K\u0131l\u0131\u00e7daro\u011flu ile y\u00f6netiminin g\u00f6revi devralmas\u0131na karar verdi.<\/li>\n\n\n\n<li>Karar sonras\u0131 BIST 100 endeksinin g\u00fcn i\u00e7i d\u00fc\u015f\u00fc\u015f\u00fc y\u00fczde 6&#8217;y\u0131, bankac\u0131l\u0131k endeksinin d\u00fc\u015f\u00fc\u015f\u00fc y\u00fczde 8&#8217;i a\u015ft\u0131 ve endeks i\u00e7in devre kesici uyguland\u0131.<\/li>\n<\/ul>\n\n\n\n<p class=\"wp-block-paragraph\">CHP&#8217;nin 38. Ola\u011fan Kurultay\u0131 iptal edildi. Cumhuriyet Halk Partisi&#8217;nin istinafa ta\u015f\u0131nan kurultay davas\u0131yla ilgili mutlak butlan karar\u0131 \u00e7\u0131kt\u0131. Eski y\u00f6netim tedbiren geri getirilecek. Eski Genel Ba\u015fkan Kemal K\u0131l\u0131\u00e7daro\u011flu ve parti organlar\u0131 g\u00f6reve iade edilecek.<\/p>\n\n\n\n<p class=\"wp-block-paragraph\">Karar sonras\u0131 BIST 100 endeksinin g\u00fcn i\u00e7i d\u00fc\u015f\u00fc\u015f\u00fc y\u00fczde 6&#8217;y\u0131, bankac\u0131l\u0131k endeksinin d\u00fc\u015f\u00fc\u015f\u00fc y\u00fczde 8&#8217;i a\u015ft\u0131. Borsa \u0130stanbul&#8217;da seans kay\u0131plar sonras\u0131 devre kesiciyle kapand\u0131.<\/p>\n\n\n\n<p class=\"wp-block-paragraph\">Borsa \u0130stanbul&#8217;dan yap\u0131lan a\u00e7\u0131klamada &#8220;Saat 17:42:06 itibar\u0131yla endekse ba\u011fl\u0131 devre kesici tetiklenmi\u015f ve Pay Piyasas\u0131ndaki t\u00fcm i\u015flem s\u0131ralar\u0131nda, Vadeli \u0130\u015flem ve Opsiyon Piyasas\u0131nda i\u015flem g\u00f6ren Pay ve Pay Endekslerine dayal\u0131 s\u00f6zle\u015fmelerde i\u015flemler ge\u00e7ici olarak durdurulmu\u015ftur. \u0130\u015flemler Pay Piyasas\u0131nda saat 18:01 itibar\u0131yla kapan\u0131\u015f seans\u0131yla Vadeli \u0130\u015flem ve Opsiyon Piyasas\u0131nda i\u015flem g\u00f6ren Pay ve Pay Endekslerine dayal\u0131 s\u00f6zle\u015fmelerde s\u00fcrekli i\u015flem y\u00f6ntemiyle saat 18:08 itibar\u0131yla yeniden ba\u015flat\u0131lacakt\u0131r. Pay Piyasas\u0131nda varant, sertifika ve yeni pay alma hakk\u0131 s\u0131ralar\u0131nda i\u015flemler bug\u00fcn yeniden ba\u015flat\u0131lmayacakt\u0131r. Seans ak\u0131\u015flar\u0131 EBDK biti\u015f saati itibar\u0131yla kald\u0131\u011f\u0131 yerden devam edecektir.&#8221; dendi.<\/p>\n","protected":false},"excerpt":{"rendered":"<p>CHP&#8217;nin 38. Ola\u011fan Kurultay\u0131 iptal edildi. Cumhuriyet Halk Partisi&#8217;nin istinafa ta\u015f\u0131nan kurultay davas\u0131yla ilgili mutlak<\/p>\n","protected":false},"author":1,"featured_media":1773,"comment_status":"open","ping_status":"open","sticky":false,"template":"","format":"standard","meta":{"_rtcl_gb_attr":"","footnotes":""},"categories":[43],"tags":[],"class_list":["post-1765","post","type-post","status-publish","format-standard","has-post-thumbnail","hentry","category-son-dakika"],"_links":{"self":[{"href":"https:\/\/turkiyemhaber.com\/index.php?rest_route=\/wp\/v2\/posts\/1765","targetHints":{"allow":["GET"]}}],"collection":[{"href":"https:\/\/turkiyemhaber.com\/index.php?rest_route=\/wp\/v2\/posts"}],"about":[{"href":"https:\/\/turkiyemhaber.com\/index.php?rest_route=\/wp\/v2\/types\/post"}],"author":[{"embeddable":true,"href":"https:\/\/turkiyemhaber.com\/index.php?rest_route=\/wp\/v2\/users\/1"}],"replies":[{"embeddable":true,"href":"https:\/\/turkiyemhaber.com\/index.php?rest_route=%2Fwp%2Fv2%2Fcomments&post=1765"}],"version-history":[{"count":1,"href":"https:\/\/turkiyemhaber.com\/index.php?rest_route=\/wp\/v2\/posts\/1765\/revisions"}],"predecessor-version":[{"id":1766,"href":"https:\/\/turkiyemhaber.com\/index.php?rest_route=\/wp\/v2\/posts\/1765\/revisions\/1766"}],"wp:featuredmedia":[{"embeddable":true,"href":"https:\/\/turkiyemhaber.com\/index.php?rest_route=\/wp\/v2\/media\/1773"}],"wp:attachment":[{"href":"https:\/\/turkiyemhaber.com\/index.php?rest_route=%2Fwp%2Fv2%2Fmedia&parent=1765"}],"wp:term":[{"taxonomy":"category","embeddable":true,"href":"https:\/\/turkiyemhaber.com\/index.php?rest_route=%2Fwp%2Fv2%2Fcategories&post=1765"},{"taxonomy":"post_tag","embeddable":true,"href":"https:\/\/turkiyemhaber.com\/index.php?rest_route=%2Fwp%2Fv2%2Ftags&post=1765"}],"curies":[{"name":"wp","href":"https:\/\/api.w.org\/{rel}","templated":true}]}}