{"id":1762,"date":"2026-05-21T14:02:15","date_gmt":"2026-05-21T14:02:15","guid":{"rendered":"https:\/\/turkiyemhaber.com\/?p=1762"},"modified":"2026-05-21T14:02:19","modified_gmt":"2026-05-21T14:02:19","slug":"aksarayda-uyusturucu-operasyonu","status":"publish","type":"post","link":"https:\/\/turkiyemhaber.com\/?p=1762","title":{"rendered":"Aksaray&#8217;da Uyu\u015fturucu Operasyonu"},"content":{"rendered":"\n<p class=\"wp-block-paragraph\">Aksaray&#8217;da d\u00fczenlenen operasyonda 3 zanl\u0131 tutukland\u0131, 3 bin 752 sentetik hap ele ge\u00e7irildi.<\/p>\n\n\n\n<p class=\"wp-block-paragraph\">Aksaray&#8217;da d\u00fczenlenen uyu\u015fturucu operasyonunda g\u00f6zalt\u0131na al\u0131nan 3 zanl\u0131 tutukland\u0131.<\/p>\n\n\n\n<p class=\"wp-block-paragraph\">\u0130l Jandarma Komutanl\u0131\u011f\u0131 ekipleri, Adana&#8217;dan uyu\u015fturucu getirdikleri belirlenen \u015f\u00fcpheliler K.C.A. (26), B.K. (21) ve \u00d6.G&#8217;nin (21) i\u00e7erisinde bulundu\u011fu arac\u0131 Aksaray-Adana kara yolundaki uygulama noktas\u0131nda durdurdu.<\/p>\n\n\n\n<p class=\"wp-block-paragraph\">Ara\u00e7ta yap\u0131lan aramada 3 bin 752 sentetik hap ele ge\u00e7irildi.<\/p>\n\n\n\n<p class=\"wp-block-paragraph\">G\u00f6zalt\u0131na al\u0131nan 3 zanl\u0131, i\u015flemlerinin ard\u0131ndan sevk edildikleri adliyede \u00e7\u0131kar\u0131ld\u0131klar\u0131 sulh ceza hakimli\u011fince tutukland\u0131.<\/p>\n","protected":false},"excerpt":{"rendered":"<p>Aksaray&#8217;da d\u00fczenlenen operasyonda 3 zanl\u0131 tutukland\u0131, 3 bin 752 sentetik hap ele ge\u00e7irildi. Aksaray&#8217;da d\u00fczenlenen<\/p>\n","protected":false},"author":1,"featured_media":1763,"comment_status":"open","ping_status":"open","sticky":false,"template":"","format":"standard","meta":{"_rtcl_gb_attr":"","footnotes":""},"categories":[43],"tags":[],"class_list":["post-1762","post","type-post","status-publish","format-standard","has-post-thumbnail","hentry","category-son-dakika"],"_links":{"self":[{"href":"https:\/\/turkiyemhaber.com\/index.php?rest_route=\/wp\/v2\/posts\/1762","targetHints":{"allow":["GET"]}}],"collection":[{"href":"https:\/\/turkiyemhaber.com\/index.php?rest_route=\/wp\/v2\/posts"}],"about":[{"href":"https:\/\/turkiyemhaber.com\/index.php?rest_route=\/wp\/v2\/types\/post"}],"author":[{"embeddable":true,"href":"https:\/\/turkiyemhaber.com\/index.php?rest_route=\/wp\/v2\/users\/1"}],"replies":[{"embeddable":true,"href":"https:\/\/turkiyemhaber.com\/index.php?rest_route=%2Fwp%2Fv2%2Fcomments&post=1762"}],"version-history":[{"count":1,"href":"https:\/\/turkiyemhaber.com\/index.php?rest_route=\/wp\/v2\/posts\/1762\/revisions"}],"predecessor-version":[{"id":1764,"href":"https:\/\/turkiyemhaber.com\/index.php?rest_route=\/wp\/v2\/posts\/1762\/revisions\/1764"}],"wp:featuredmedia":[{"embeddable":true,"href":"https:\/\/turkiyemhaber.com\/index.php?rest_route=\/wp\/v2\/media\/1763"}],"wp:attachment":[{"href":"https:\/\/turkiyemhaber.com\/index.php?rest_route=%2Fwp%2Fv2%2Fmedia&parent=1762"}],"wp:term":[{"taxonomy":"category","embeddable":true,"href":"https:\/\/turkiyemhaber.com\/index.php?rest_route=%2Fwp%2Fv2%2Fcategories&post=1762"},{"taxonomy":"post_tag","embeddable":true,"href":"https:\/\/turkiyemhaber.com\/index.php?rest_route=%2Fwp%2Fv2%2Ftags&post=1762"}],"curies":[{"name":"wp","href":"https:\/\/api.w.org\/{rel}","templated":true}]}}