{"id":1759,"date":"2026-05-21T14:00:49","date_gmt":"2026-05-21T14:00:49","guid":{"rendered":"https:\/\/turkiyemhaber.com\/?p=1759"},"modified":"2026-05-21T14:00:53","modified_gmt":"2026-05-21T14:00:53","slug":"chpde-mutlak-butlan-krizi-gaziantep-milletvekili-hasan-ozturkmen-hakkinda-partiden-ihrac-istemi","status":"publish","type":"post","link":"https:\/\/turkiyemhaber.com\/?p=1759","title":{"rendered":"CHP&#8217;de &#8220;mutlak butlan&#8221; krizi! Gaziantep Milletvekili Hasan \u00d6zt\u00fcrkmen hakk\u0131nda partiden ihra\u00e7 istemi"},"content":{"rendered":"\n<p class=\"wp-block-paragraph\">CHP S\u00f6zc\u00fcs\u00fc Zeynel Emre &#8220;Yarg\u0131 mutlak butlan karar\u0131 verirse sayg\u0131 duyulmal\u0131d\u0131r\u201d a\u00e7\u0131klamas\u0131 yapan ve K\u0131l\u0131\u00e7daro\u011flu&#8217;nun ar\u0131nma \u00e7a\u011fr\u0131s\u0131n\u0131 payla\u015fan CHP Gaziantep Milletvekili Hasan \u00d6zt\u00fcrkmen\u2019in kesin ihra\u00e7 istemiyle disipline sevk edilmesini Parti Meclisi&#8217;nin g\u00fcndemine alacaklar\u0131n\u0131 a\u00e7\u0131klad\u0131.<\/p>\n\n\n\n<p class=\"wp-block-paragraph\">CHP&#8217;de normal \u015fartlarda pazartesi g\u00fcn\u00fc ger\u00e7ekle\u015ftirilmesi planlanan Merkez Y\u00f6netim Kurulu (MYK) toplant\u0131s\u0131, d\u00fcn ya\u015fanan geli\u015fmelerin ard\u0131ndan \u00f6ne \u00e7ekildi. Parti y\u00f6netimi, geli\u015fen siyasi g\u00fcndem do\u011frultusunda toplant\u0131y\u0131 bug\u00fcn ger\u00e7ekle\u015ftirme karar\u0131 ald\u0131.<\/p>\n\n\n\n<h3 class=\"wp-block-heading\">KILI\u00c7DARO\u011eLU\u2019NUN &#8220;ARINMA&#8221; V\u0130DEOSU G\u00dcNDEMDEYD\u0130<\/h3>\n\n\n\n<p class=\"wp-block-paragraph\">\u00d6zg\u00fcr \u00d6zel ba\u015fkanl\u0131\u011f\u0131nda toplanan partinin &#8220;A Tak\u0131m\u0131&#8221; olarak nitelendirilen kurulun ana g\u00fcndem maddesini, eski Genel Ba\u015fkan Kemal K\u0131l\u0131\u00e7daro\u011flu\u2019nun d\u00fcn sosyal medya hesaplar\u0131 \u00fczerinden payla\u015ft\u0131\u011f\u0131 video olu\u015fturdu. K\u0131l\u0131\u00e7daro\u011flu\u2019nun videoda dile getirdi\u011fi &#8220;ar\u0131nma&#8221; \u00e7a\u011fr\u0131s\u0131 ve bu \u00e7a\u011fr\u0131n\u0131n parti i\u00e7i yans\u0131malar\u0131, toplant\u0131da ayr\u0131nt\u0131l\u0131 \u015fekilde ele al\u0131nd\u0131.<\/p>\n\n\n\n<p class=\"wp-block-paragraph\">\u00d6te yandan toplant\u0131da, K\u0131l\u0131\u00e7daro\u011flu&#8217;nun a\u00e7\u0131klamalar\u0131n\u0131n yan\u0131 s\u0131ra partinin mevcut siyasi stratejileri de ele al\u0131nd\u0131.<\/p>\n\n\n\n<h3 class=\"wp-block-heading\">\u00d6ZT\u00dcRKMEN \u0130\u00c7\u0130N \u0130HRA\u00c7 TALEB\u0130<\/h3>\n\n\n\n<p class=\"wp-block-paragraph\">Toplant\u0131n\u0131n ard\u0131ndan kameralar\u0131n kar\u015f\u0131s\u0131na ge\u00e7en CHP Parti S\u00f6zc\u00fcs\u00fc Zeynel Emre, &#8216;mutlak butlan&#8217; a\u00e7\u0131klamas\u0131 tepki \u00e7eken CHP Gaziantep Milletvekili Hasan \u00d6zt\u00fcrkmen i\u00e7in &#8216;ihra\u00e7&#8217; talebinde bulunuldu\u011funu duyurdu.<\/p>\n\n\n\n<h3 class=\"wp-block-heading\">&#8220;YARGININ BUTLAN KARARINA SAYGI DUYULMALI&#8221; DEM\u0130\u015eT\u0130<\/h3>\n\n\n\n<p class=\"wp-block-paragraph\">TBMM&#8217;de bas\u0131n toplant\u0131s\u0131 d\u00fczenleyen CHP Gaziantep Milletvekili Hasan \u00d6zt\u00fcrkmen, Kas\u0131m 2023&#8217;te yap\u0131lan CHP 38&#8217;inci Ola\u011fan Kurultay\u0131&#8217;na y\u00f6nelik davaya ili\u015fkin, \u015funlar\u0131 kaydetmi\u015fti:<\/p>\n\n\n\n<p class=\"wp-block-paragraph\">&#8220;Mutlak butlan benim ya da di\u011fer arkada\u015flar\u0131m\u0131n konusu de\u011fil. Yarg\u0131n\u0131n konusudur; yarg\u0131 ne karar verirse. Biz devleti kuran bir parti olarak, devletin g\u00fcc\u00fcn\u00fc te\u015fkil eden 3 ana erkten biri olan yarg\u0131ya sayg\u0131 duyulmas\u0131 gerekti\u011fine inan\u0131yoruz. Bu nedenle butlan konusu yarg\u0131n\u0131n konusudur. Yarg\u0131 ne karar verirse sayg\u0131 duyulmas\u0131 gerekti\u011fini d\u00fc\u015f\u00fcn\u00fcyorum.&#8221;<\/p>\n\n\n\n<h3 class=\"wp-block-heading\">KILI\u00c7DARO\u011eLU&#8217;NUN V\u0130DEOSUNU DA PAYLA\u015eTI<\/h3>\n\n\n\n<p class=\"wp-block-paragraph\">\u00d6zt\u00fcrkmen, eski CHP Genel Ba\u015fkan\u0131 Kemal K\u0131l\u0131\u00e7daro\u011flu&#8217;nun sosyal medya hesab\u0131ndan payla\u015ft\u0131\u011f\u0131 video ile ilgili de &#8220;Ben de Say\u0131n K\u0131l\u0131\u00e7daro\u011flu&#8217;nun videosunu payla\u015fan vekillerden birisiyim. Daha fazla bir \u015fey s\u00f6ylemeye gerek yok&#8221; ifadesini kullanm\u0131\u015ft\u0131.<\/p>\n","protected":false},"excerpt":{"rendered":"<p>CHP S\u00f6zc\u00fcs\u00fc Zeynel Emre &#8220;Yarg\u0131 mutlak butlan karar\u0131 verirse sayg\u0131 duyulmal\u0131d\u0131r\u201d a\u00e7\u0131klamas\u0131 yapan ve K\u0131l\u0131\u00e7daro\u011flu&#8217;nun<\/p>\n","protected":false},"author":1,"featured_media":1760,"comment_status":"open","ping_status":"open","sticky":false,"template":"","format":"standard","meta":{"_rtcl_gb_attr":"","footnotes":""},"categories":[1,44],"tags":[],"class_list":["post-1759","post","type-post","status-publish","format-standard","has-post-thumbnail","hentry","category-http-turkiyemhaber-com-wp-content-uploads-2026-03-saray-59-haber-13-mart-pdf","category-politika"],"_links":{"self":[{"href":"https:\/\/turkiyemhaber.com\/index.php?rest_route=\/wp\/v2\/posts\/1759","targetHints":{"allow":["GET"]}}],"collection":[{"href":"https:\/\/turkiyemhaber.com\/index.php?rest_route=\/wp\/v2\/posts"}],"about":[{"href":"https:\/\/turkiyemhaber.com\/index.php?rest_route=\/wp\/v2\/types\/post"}],"author":[{"embeddable":true,"href":"https:\/\/turkiyemhaber.com\/index.php?rest_route=\/wp\/v2\/users\/1"}],"replies":[{"embeddable":true,"href":"https:\/\/turkiyemhaber.com\/index.php?rest_route=%2Fwp%2Fv2%2Fcomments&post=1759"}],"version-history":[{"count":1,"href":"https:\/\/turkiyemhaber.com\/index.php?rest_route=\/wp\/v2\/posts\/1759\/revisions"}],"predecessor-version":[{"id":1761,"href":"https:\/\/turkiyemhaber.com\/index.php?rest_route=\/wp\/v2\/posts\/1759\/revisions\/1761"}],"wp:featuredmedia":[{"embeddable":true,"href":"https:\/\/turkiyemhaber.com\/index.php?rest_route=\/wp\/v2\/media\/1760"}],"wp:attachment":[{"href":"https:\/\/turkiyemhaber.com\/index.php?rest_route=%2Fwp%2Fv2%2Fmedia&parent=1759"}],"wp:term":[{"taxonomy":"category","embeddable":true,"href":"https:\/\/turkiyemhaber.com\/index.php?rest_route=%2Fwp%2Fv2%2Fcategories&post=1759"},{"taxonomy":"post_tag","embeddable":true,"href":"https:\/\/turkiyemhaber.com\/index.php?rest_route=%2Fwp%2Fv2%2Ftags&post=1759"}],"curies":[{"name":"wp","href":"https:\/\/api.w.org\/{rel}","templated":true}]}}