{"id":1756,"date":"2026-05-21T13:58:45","date_gmt":"2026-05-21T13:58:45","guid":{"rendered":"https:\/\/turkiyemhaber.com\/?p=1756"},"modified":"2026-05-21T13:58:49","modified_gmt":"2026-05-21T13:58:49","slug":"fuhus-sebekesine-darbe-kari-koca-gozaltina-alindi","status":"publish","type":"post","link":"https:\/\/turkiyemhaber.com\/?p=1756","title":{"rendered":"Fuhu\u015f \u015febekesine darbe: Kar\u0131-koca g\u00f6zalt\u0131na al\u0131nd\u0131"},"content":{"rendered":"\n<p class=\"wp-block-paragraph\">Samsun\u2019da fuhu\u015f \u015febekesine y\u00f6nelik operasyonda kar\u0131-koca g\u00f6zalt\u0131na al\u0131nd\u0131. \u00d6zbekistan\u2019dan kad\u0131n getirerek Samsun\u2019da fuhu\u015f yapt\u0131rd\u0131klar\u0131 belirlenen \u015f\u00fcphelilerden erkek zanl\u0131 tutukland\u0131. Hamile oldu\u011fu \u00f6\u011frenilen \u00d6zbekistan uyruklu kad\u0131n ise adli kontrol \u015fart\u0131yla serbest b\u0131rak\u0131ld\u0131. Operasyonda 6 \u00d6zbekistan uyruklu ma\u011fdur kad\u0131n tespit edildi.<\/p>\n\n\n\n<p class=\"wp-block-paragraph\">Samsun&#8217;da fuhu\u015f \u015febekesine y\u00f6nelik d\u00fczenlenen operasyonda g\u00f6zalt\u0131na al\u0131nan kar\u0131-kocadan erkek \u015f\u00fcpheli tutuklan\u0131rken, hamile oldu\u011fu \u00f6\u011frenilen kad\u0131n adli kontrol \u015fart\u0131yla serbest b\u0131rak\u0131ld\u0131.<\/p>\n\n\n\n<p class=\"wp-block-paragraph\">Samsun Cumhuriyet Ba\u015fsavc\u0131l\u0131\u011f\u0131 koordinesinde, insan ticareti ve fuhu\u015f su\u00e7lar\u0131na y\u00f6nelik y\u00fcr\u00fct\u00fclen soru\u015fturma kapsam\u0131nda, T.A. ile \u00d6zbekistan uyruklu e\u015fi N.E.&#8217;nin \u00d6zbekistan&#8217;dan kad\u0131nlar\u0131 T\u00fcrkiye&#8217;ye getirerek Samsun&#8217;da fuhu\u015f yapt\u0131rd\u0131\u011f\u0131 tespit edildi. Yap\u0131lan \u00e7al\u0131\u015fmada 6 \u00d6zbekistan uyruklu ma\u011fdur kad\u0131n belirlendi.<\/p>\n\n\n\n<figure class=\"wp-block-image\"><img decoding=\"async\" src=\"https:\/\/foto.sondakika.com\/haber\/2026\/05\/21\/fuhus-sebekesine-darbe-kari-ko-66216640-9238_1_m.jpg\" alt=\"Fuhu\u015f \u015febekesine darbe: Kar\u0131-koca g\u00f6zalt\u0131na al\u0131nd\u0131\"\/><\/figure>\n\n\n\n<p class=\"wp-block-paragraph\">Samsun Emniyet M\u00fcd\u00fcrl\u00fc\u011f\u00fc G\u00f6\u00e7men Ka\u00e7ak\u00e7\u0131l\u0131\u011f\u0131 ve Hudut Kap\u0131lar\u0131 \u015eube M\u00fcd\u00fcrl\u00fc\u011f\u00fc ekiplerince d\u00fczenlenen operasyonla g\u00f6zalt\u0131na al\u0131nan kar\u0131-koca emniyetteki i\u015flemlerinin ard\u0131ndan bug\u00fcn Samsun Adliyesi&#8217;ne sevk edildi.&nbsp;<\/p>\n\n\n\n<figure class=\"wp-block-image\"><img decoding=\"async\" src=\"https:\/\/foto.sondakika.com\/haber\/2026\/05\/21\/fuhus-sebekesine-darbe-kari-ko-82859659-9191_1_m.jpg\" alt=\"Fuhu\u015f \u015febekesine darbe: Kar\u0131-koca g\u00f6zalt\u0131na al\u0131nd\u0131\"\/><\/figure>\n\n\n\n<h3 class=\"wp-block-heading\">TUTUKLANDI&nbsp;<\/h3>\n\n\n\n<p class=\"wp-block-paragraph\">N\u00f6bet\u00e7i Sulh Ceza Hakimli\u011fi&#8217;ne \u00e7\u0131kar\u0131lan \u015f\u00fcphelilerden T.A. tutuklanarak cezaevine g\u00f6nderildi. Hamile oldu\u011fu \u00f6\u011frenilen \u00d6zbekistan uyruklu N.E. ise adli kontrol \u015fart\u0131yla serbest b\u0131rak\u0131ld\u0131.<\/p>\n","protected":false},"excerpt":{"rendered":"<p>Samsun\u2019da fuhu\u015f \u015febekesine y\u00f6nelik operasyonda kar\u0131-koca g\u00f6zalt\u0131na al\u0131nd\u0131. \u00d6zbekistan\u2019dan kad\u0131n getirerek Samsun\u2019da fuhu\u015f yapt\u0131rd\u0131klar\u0131 belirlenen<\/p>\n","protected":false},"author":1,"featured_media":1757,"comment_status":"open","ping_status":"open","sticky":false,"template":"","format":"standard","meta":{"_rtcl_gb_attr":"","footnotes":""},"categories":[43],"tags":[],"class_list":["post-1756","post","type-post","status-publish","format-standard","has-post-thumbnail","hentry","category-son-dakika"],"_links":{"self":[{"href":"https:\/\/turkiyemhaber.com\/index.php?rest_route=\/wp\/v2\/posts\/1756","targetHints":{"allow":["GET"]}}],"collection":[{"href":"https:\/\/turkiyemhaber.com\/index.php?rest_route=\/wp\/v2\/posts"}],"about":[{"href":"https:\/\/turkiyemhaber.com\/index.php?rest_route=\/wp\/v2\/types\/post"}],"author":[{"embeddable":true,"href":"https:\/\/turkiyemhaber.com\/index.php?rest_route=\/wp\/v2\/users\/1"}],"replies":[{"embeddable":true,"href":"https:\/\/turkiyemhaber.com\/index.php?rest_route=%2Fwp%2Fv2%2Fcomments&post=1756"}],"version-history":[{"count":1,"href":"https:\/\/turkiyemhaber.com\/index.php?rest_route=\/wp\/v2\/posts\/1756\/revisions"}],"predecessor-version":[{"id":1758,"href":"https:\/\/turkiyemhaber.com\/index.php?rest_route=\/wp\/v2\/posts\/1756\/revisions\/1758"}],"wp:featuredmedia":[{"embeddable":true,"href":"https:\/\/turkiyemhaber.com\/index.php?rest_route=\/wp\/v2\/media\/1757"}],"wp:attachment":[{"href":"https:\/\/turkiyemhaber.com\/index.php?rest_route=%2Fwp%2Fv2%2Fmedia&parent=1756"}],"wp:term":[{"taxonomy":"category","embeddable":true,"href":"https:\/\/turkiyemhaber.com\/index.php?rest_route=%2Fwp%2Fv2%2Fcategories&post=1756"},{"taxonomy":"post_tag","embeddable":true,"href":"https:\/\/turkiyemhaber.com\/index.php?rest_route=%2Fwp%2Fv2%2Ftags&post=1756"}],"curies":[{"name":"wp","href":"https:\/\/api.w.org\/{rel}","templated":true}]}}