{"id":1753,"date":"2026-05-21T13:56:13","date_gmt":"2026-05-21T13:56:13","guid":{"rendered":"https:\/\/turkiyemhaber.com\/?p=1753"},"modified":"2026-05-21T13:56:18","modified_gmt":"2026-05-21T13:56:18","slug":"fatih-erbakandan-cok-konusulacak-butlan-yorumu-cikma-ihtimali-yuksek","status":"publish","type":"post","link":"https:\/\/turkiyemhaber.com\/?p=1753","title":{"rendered":"Fatih Erbakan&#8217;dan \u00e7ok konu\u015fulacak &#8220;butlan&#8221; yorumu: \u00c7\u0131kma ihtimali y\u00fcksek"},"content":{"rendered":"\n<p class=\"wp-block-paragraph\">Yeniden Refah Partisi Genel Ba\u015fkan\u0131 Fatih Erbakan, CHP&#8217;deki mutlak butlan tart\u0131\u015fmalar\u0131 i\u00e7in &#8220;50+1&#8217;e ula\u015fabilmek i\u00e7in ba\u015fka ittifak \u00fcyelerine ihtiya\u00e7 var. DEM Parti&#8217;nin bu ittifaka dahil olmas\u0131 y\u00f6n\u00fcnde bir planlama var. Bu da yetmiyor, o zaman rakiplerimizi dizayn edelim diyorlar. Kar\u015f\u0131lar\u0131nda da daha \u00f6nce defalarca yendikleri K\u0131l\u0131\u00e7daro\u011flu&#8217;nu istiyorlar. Butlan\u0131n \u00e7\u0131kma ihtimalinin y\u00fcksek oldu\u011funu d\u00fc\u015f\u00fcn\u00fcyorum&#8221; dedi.<\/p>\n\n\n\n<p class=\"wp-block-paragraph\">Cumhuriyet Halk Partisi&#8217;nin 4-5 Kas\u0131m 2023 tarihinde ger\u00e7ekle\u015ftirdi\u011fi ve genel ba\u015fkan de\u011fi\u015fimine sahne olan 38&#8217;inci Ola\u011fan Kurultay\u0131&#8217;na y\u00f6nelik a\u00e7\u0131lan davada kritik a\u015famaya gelindi.&nbsp;<\/p>\n\n\n\n<p class=\"wp-block-paragraph\">Siyaset kulisleri, \u00e7\u0131kacak karara kilitlenirken konuyla ilgili dikkat \u00e7eken bir de\u011ferlendirme de Yeniden Refah Partisi Genel Ba\u015fkan\u0131 Fatih Erbakan&#8217;dan geldi. Haberler.com ekranlar\u0131nda Haber M\u00fcd\u00fcr\u00fc Olgun K\u0131z\u0131ltepe ve Melis Ya\u015far&#8217;\u0131n sorular\u0131n\u0131 yan\u0131tlayan Erbakan, butlan\u0131n \u00e7\u0131kma ihtimalinin y\u00fcksek oldu\u011funu belirtti.&nbsp;<\/p>\n\n\n\n<h3 class=\"wp-block-heading\">\u0130\u015fte Erbakan&#8217;\u0131n konuyla ilgili a\u00e7\u0131klamas\u0131;&nbsp;<\/h3>\n\n\n\n<p class=\"wp-block-paragraph\">&#8220;Tabii mevcut iktidar ba\u015fta Say\u0131n Cumhurba\u015fkan\u0131 tabii ki iktidar\u0131n\u0131 devam ettirmek istiyor ve bu se\u00e7imlerde de mutlaka tekrardan kazanmak istiyor.&nbsp;Ama tabii bir yandan da bak\u0131yorlar AK Parti&#8217;nin oylar\u0131 y\u00fczde yirmi yedi, yirmi sekizler civar\u0131nda&#8230; MHP&#8217;nin oylar\u0131 6-7 puan civar\u0131nda geziyor.&nbsp;Ve ikisinin toplam\u0131 35 puan civar\u0131nda kal\u0131yor.&nbsp;50 Art\u0131 1&#8217;e ula\u015fabilmek i\u00e7in ba\u015fka ittifak \u00fcyelerine ihtiya\u00e7 var.&nbsp;Burada DEM Parti&#8217;nin bu ittifaka destek olmas\u0131 \u015feklinde bir planlama var.&nbsp;DEM Parti&#8217;yi de alal\u0131m.&nbsp;Bu da yetmiyor.&nbsp;\u00d6yleyse rakiplerimizi dizayn edelim.&nbsp;Yani kar\u015f\u0131m\u0131zda se\u00e7im kazanma ihtimali olacak rakipler olmas\u0131n,&nbsp;bunlar\u0131 tasfiye edelim.&nbsp;Mansur Yava\u015f gibi, Ekrem \u0130mamo\u011flu gibi anketlerde y\u00fcksek oy oranlar\u0131 \u00e7\u0131kan isimler olmas\u0131n.&nbsp;<\/p>\n\n\n\n<h3 class=\"wp-block-heading\">&#8220;KAR\u015eILARINDA KILI\u00c7DARO\u011eLU&#8217;NU \u0130ST\u0130YORLAR&#8221;<\/h3>\n\n\n\n<p class=\"wp-block-paragraph\">Kar\u015f\u0131m\u0131zda daha \u00f6nce de defalarca yendi\u011fimiz ve anketlerde de gene bize kar\u015f\u0131 kazanma ihtimali pek de olmayan Say\u0131n K\u0131l\u0131\u00e7daro\u011flu&#8217;nu kar\u015f\u0131m\u0131zda g\u00f6relim \u015feklinde mecburen bir siyasi m\u00fchendislik yapmaya y\u00f6neliyorlar.&nbsp;Bunun en \u00f6nemli sebebi dedi\u011fim gibi oylar\u0131ndaki ciddi bir erime, vatanda\u015f\u0131n ciddi bir tepkisi var ve Cumhur \u0130ttifak\u0131 olarak kar\u015f\u0131lar\u0131nda da g\u00fc\u00e7l\u00fc bir rakip olursa se\u00e7imi kazanamayacaklar\u0131n\u0131 d\u00fc\u015f\u00fcnd\u00fckleri i\u00e7in bu dizayn\u0131, bu tasar\u0131m\u0131 yapmak istiyorlar.&nbsp;<\/p>\n\n\n\n<h3 class=\"wp-block-heading\">&#8220;BUTLAN KARARININ \u00c7IKMA \u0130HT\u0130MAL\u0130 Y\u00dcKSEK&#8221;<\/h3>\n\n\n\n<p class=\"wp-block-paragraph\">Ve Butlan&#8217;\u0131n bu durumda \u00e7\u0131kmas\u0131 da tabii dedi\u011fim gibi AK Parti&#8217;nin, Say\u0131n Cumhurba\u015fkan\u0131&#8217;n\u0131n \u00e7ok ho\u015fnut olaca\u011f\u0131 bir durum diye g\u00f6r\u00fcyorum.&nbsp;Ve Butlan karar\u0131n\u0131n \u00e7\u0131kma ihtimalinin de y\u00fcksek oldu\u011funu d\u00fc\u015f\u00fcn\u00fcyorum.<\/p>\n\n\n\n<h3 class=\"wp-block-heading\">&#8220;CHP \u0130\u00c7ER\u0130S\u0130NDEN BA\u015eKA PART\u0130 \u00c7IKAB\u0130L\u0130R&#8221;<\/h3>\n\n\n\n<p class=\"wp-block-paragraph\">Oradan ba\u015fka bir parti \u00e7\u0131kabilir. Tabii muhalefetin b\u00f6l\u00fcnmesi demek.&nbsp;CHP&#8217;nin alaca\u011f\u0131 oylar\u0131n bir blok halinde ortaya \u00e7\u0131kmamas\u0131 ve b\u00f6l\u00fcnmesi&#8230;&nbsp;Dolay\u0131s\u0131yla bu da asl\u0131nda tabii iktidar\u0131n i\u015fine gelecek bir durum.&nbsp;Yani se\u00e7imin zaman\u0131n\u0131 belirleyelim, \u015fartlar\u0131n\u0131 belirleyelim, ko\u015fullar\u0131n\u0131 belirleyelim, kar\u015f\u0131m\u0131zdaki rakibi belirleyelim, aday\u0131 belirleyelim ve bizim daha \u00f6nce de ifade etti\u011fimiz gibi kontroll\u00fc bir se\u00e7imle bu se\u00e7imi de b\u00f6ylece atlatal\u0131m \u015feklinde bir d\u00fc\u015f\u00fcnceleri var.&nbsp;Bununla ilgili de sim\u00fclasyonlar yap\u0131yorlar.&#8221;<\/p>\n","protected":false},"excerpt":{"rendered":"<p>Yeniden Refah Partisi Genel Ba\u015fkan\u0131 Fatih Erbakan, CHP&#8217;deki mutlak butlan tart\u0131\u015fmalar\u0131 i\u00e7in &#8220;50+1&#8217;e ula\u015fabilmek i\u00e7in<\/p>\n","protected":false},"author":1,"featured_media":1754,"comment_status":"open","ping_status":"open","sticky":false,"template":"","format":"standard","meta":{"_rtcl_gb_attr":"","footnotes":""},"categories":[1,44],"tags":[],"class_list":["post-1753","post","type-post","status-publish","format-standard","has-post-thumbnail","hentry","category-http-turkiyemhaber-com-wp-content-uploads-2026-03-saray-59-haber-13-mart-pdf","category-politika"],"_links":{"self":[{"href":"https:\/\/turkiyemhaber.com\/index.php?rest_route=\/wp\/v2\/posts\/1753","targetHints":{"allow":["GET"]}}],"collection":[{"href":"https:\/\/turkiyemhaber.com\/index.php?rest_route=\/wp\/v2\/posts"}],"about":[{"href":"https:\/\/turkiyemhaber.com\/index.php?rest_route=\/wp\/v2\/types\/post"}],"author":[{"embeddable":true,"href":"https:\/\/turkiyemhaber.com\/index.php?rest_route=\/wp\/v2\/users\/1"}],"replies":[{"embeddable":true,"href":"https:\/\/turkiyemhaber.com\/index.php?rest_route=%2Fwp%2Fv2%2Fcomments&post=1753"}],"version-history":[{"count":1,"href":"https:\/\/turkiyemhaber.com\/index.php?rest_route=\/wp\/v2\/posts\/1753\/revisions"}],"predecessor-version":[{"id":1755,"href":"https:\/\/turkiyemhaber.com\/index.php?rest_route=\/wp\/v2\/posts\/1753\/revisions\/1755"}],"wp:featuredmedia":[{"embeddable":true,"href":"https:\/\/turkiyemhaber.com\/index.php?rest_route=\/wp\/v2\/media\/1754"}],"wp:attachment":[{"href":"https:\/\/turkiyemhaber.com\/index.php?rest_route=%2Fwp%2Fv2%2Fmedia&parent=1753"}],"wp:term":[{"taxonomy":"category","embeddable":true,"href":"https:\/\/turkiyemhaber.com\/index.php?rest_route=%2Fwp%2Fv2%2Fcategories&post=1753"},{"taxonomy":"post_tag","embeddable":true,"href":"https:\/\/turkiyemhaber.com\/index.php?rest_route=%2Fwp%2Fv2%2Ftags&post=1753"}],"curies":[{"name":"wp","href":"https:\/\/api.w.org\/{rel}","templated":true}]}}