{"id":1749,"date":"2026-05-21T13:53:18","date_gmt":"2026-05-21T13:53:18","guid":{"rendered":"https:\/\/turkiyemhaber.com\/?p=1749"},"modified":"2026-05-21T13:53:22","modified_gmt":"2026-05-21T13:53:22","slug":"edirnede-turk-mutfagi-haftasi-bayram-sofrasi-canlandirildi","status":"publish","type":"post","link":"https:\/\/turkiyemhaber.com\/?p=1749","title":{"rendered":"Edirne&#8217;de T\u00fcrk Mutfa\u011f\u0131 Haftas\u0131 bayram sofras\u0131 canland\u0131r\u0131ld\u0131"},"content":{"rendered":"\n<p class=\"wp-block-paragraph\">T\u00fcrk Mutfa\u011f\u0131 Haftas\u0131 a\u00e7\u0131l\u0131\u015f program\u0131nda konu\u015fan Edirne Valisi Yunus Sezer: &#8211; &#8220;D\u00fcnya turizmi gastronomi \u00fczerine d\u00f6nmeye ba\u015flad\u0131&#8221;<\/p>\n\n\n\n<p class=\"wp-block-paragraph\">Edirne&#8217;de T\u00fcrk Mutfa\u011f\u0131 Haftas\u0131 etkinlikleri kapsam\u0131nda Selimiye Meydan\u0131&#8217;nda bayram sofras\u0131 gelene\u011fi canland\u0131r\u0131ld\u0131.<\/p>\n\n\n\n<p class=\"wp-block-paragraph\">Edirne Valisi Yunus Sezer, haftan\u0131n ba\u015flang\u0131c\u0131 dolay\u0131s\u0131yla Selimiye Meydan\u0131&#8217;nda d\u00fczenlenen a\u00e7\u0131l\u0131\u015f program\u0131nda,&nbsp;<a href=\"https:\/\/www.sondakika.com\/kultur\/\">K\u00fclt\u00fcr<\/a>&nbsp;ve Turizm Bakanl\u0131\u011f\u0131n\u0131n T\u00fcrkiye&#8217;nin gastronomisini t\u00fcm d\u00fcnyaya tan\u0131tma noktas\u0131nda g\u00fczel etkinlik d\u00fczenlendi\u011fini s\u00f6yledi.<\/p>\n\n\n\n<p class=\"wp-block-paragraph\">Hafta kapsam\u0131nda unutulmu\u015f olan yemekleri hat\u0131rlama imkan\u0131 sunuldu\u011funu belirten Sezer, &#8220;D\u00fcnya turizmi gastronomi \u00fczerine d\u00f6nmeye ba\u015flad\u0131. Turizmden istedi\u011fimiz pay\u0131 alma noktas\u0131nda gastronomimizi hem hat\u0131rlama hem de gelecek ku\u015faklara hat\u0131rlatma bizim a\u00e7\u0131m\u0131zdan son derece \u00f6nemli.&#8221; dedi.<\/p>\n\n\n\n<p class=\"wp-block-paragraph\">Vali Sezer, bu y\u0131l &#8220;Bir Sofrada Miras&#8221; temas\u0131yla d\u00fczenlenecek etkinliklerle hem bir sofran\u0131n hem de bu alanda k\u00fclt\u00fcrel birlikteli\u011fin payla\u015f\u0131laca\u011f\u0131n\u0131 kaydetti.<\/p>\n\n\n\n<p class=\"wp-block-paragraph\">Edirne K\u00fclt\u00fcr ve Turizm M\u00fcd\u00fcr\u00fc Kemal Soyt\u00fcrk de Cumhurba\u015fkan\u0131 Recep Tayyip Erdo\u011fan&#8217;\u0131n e\u015fi Emine Erdo\u011fan&#8217;\u0131n \u00f6nc\u00fcl\u00fc\u011f\u00fcnde ba\u015flat\u0131lan T\u00fcrk Mutfa\u011f\u0131 Haftas\u0131&#8217;n\u0131n &#8220;Bir Sofrada Miras&#8221; temas\u0131yla \u00f6n plana \u00e7\u0131kaca\u011f\u0131n\u0131 dile getirdi.<\/p>\n\n\n\n<p class=\"wp-block-paragraph\">Edirne&#8217;de tarihi yap\u0131lar\u0131n yan\u0131 s\u0131ra sofralar\u0131n k\u00fclt\u00fcrel miras\u0131n\u0131n da \u00fcnl\u00fc oldu\u011funu belirten Soyt\u00fcrk, &#8220;Biz de bu temaya uygun yakla\u015fan Kurban Bayram\u0131 nedeniyle de &#8216;Rumeli&#8217;de, Edirne&#8217;de bayram sofralar\u0131n\u0131 anlatal\u0131m&#8217; dedik. Annelerimiz, babaannelerimiz, dedelerimiz, \u00e7oluk \u00e7ocuk bir bayram sofras\u0131nda nas\u0131l bir araya geliyorlar onu ya\u015fatmak istedik.&#8221; diye konu\u015ftu.<\/p>\n\n\n\n<p class=\"wp-block-paragraph\">Bayram sofras\u0131n\u0131n birlikteli\u011fi, beraberli\u011fi, sevinci ve payla\u015fmay\u0131 anlatt\u0131\u011f\u0131n\u0131 dile getiren Soyt\u00fcrk, bayram sofras\u0131 men\u00fcs\u00fcnde Edirne tarhana \u00e7orbas\u0131, mayal\u0131 lokma, ek\u015fimikli biber, tur\u015fu, lahana sarmas\u0131, kol b\u00f6re\u011fi, saray usul\u00fc kavurma, ci\u011fer sarma, a\u011fa pilav\u0131, kalbura bast\u0131, ev baklavas\u0131, k\u0131z\u0131lc\u0131k \u015ferbeti ve gaziler helvas\u0131 sunuldu\u011funu kaydetti.<\/p>\n\n\n\n<p class=\"wp-block-paragraph\">Konu\u015fmalar\u0131n ard\u0131ndan burada olu\u015fturulan sahnede bayram sofras\u0131 gelene\u011fi canland\u0131r\u0131ld\u0131 ve yemekler tan\u0131t\u0131ld\u0131.<\/p>\n\n\n\n<p class=\"wp-block-paragraph\">Ustalardan Edirne tava ci\u011fer yap\u0131m\u0131n\u0131 da dinleyen Sezer, ci\u011fer pi\u015firip vatanda\u015flara ikram etti.<\/p>\n\n\n\n<p class=\"wp-block-paragraph\">Ci\u011fer da\u011f\u0131t\u0131m\u0131nda yo\u011funluk ya\u015fand\u0131.<\/p>\n\n\n\n<p class=\"wp-block-paragraph\">Vali Sezer, co\u011frafi i\u015faretli \u00fcr\u00fcnlerin sergilendi\u011fi stand\u0131 da gezerek, \u00e7al\u0131\u015fmalar hakk\u0131nda bilgi ald\u0131.<\/p>\n\n\n\n<p class=\"wp-block-paragraph\">Programa, Edirne Vali Yard\u0131mc\u0131s\u0131 S\u0131dk\u0131 Zehin, Edirne Belediye Ba\u015fkan Yard\u0131mc\u0131s\u0131 Sava\u015f \u00c7erkez, Trakya \u00dcniversitesi Rekt\u00f6r Yard\u0131mc\u0131s\u0131 Prof. Dr. Mustafa Tan, Trakya Birlik Y\u00f6netim Kurulu Ba\u015fkan\u0131 \u015eafak K\u0131rbi\u00e7, Trakya Kalk\u0131nma Ajans\u0131 Genel Sekreteri Mahmut \u015eahin, il protokol\u00fc, siyasi parti temsilcileri ve vatanda\u015flar kat\u0131ld\u0131.<\/p>\n\n\n\n<p class=\"wp-block-paragraph\">Etkinlikler 27 May\u0131s&#8217;a kadar s\u00fcrecek.<\/p>\n","protected":false},"excerpt":{"rendered":"<p>T\u00fcrk Mutfa\u011f\u0131 Haftas\u0131 a\u00e7\u0131l\u0131\u015f program\u0131nda konu\u015fan Edirne Valisi Yunus Sezer: &#8211; &#8220;D\u00fcnya turizmi gastronomi \u00fczerine<\/p>\n","protected":false},"author":1,"featured_media":1750,"comment_status":"open","ping_status":"open","sticky":false,"template":"","format":"standard","meta":{"_rtcl_gb_attr":"","footnotes":""},"categories":[1],"tags":[],"class_list":["post-1749","post","type-post","status-publish","format-standard","has-post-thumbnail","hentry","category-http-turkiyemhaber-com-wp-content-uploads-2026-03-saray-59-haber-13-mart-pdf"],"_links":{"self":[{"href":"https:\/\/turkiyemhaber.com\/index.php?rest_route=\/wp\/v2\/posts\/1749","targetHints":{"allow":["GET"]}}],"collection":[{"href":"https:\/\/turkiyemhaber.com\/index.php?rest_route=\/wp\/v2\/posts"}],"about":[{"href":"https:\/\/turkiyemhaber.com\/index.php?rest_route=\/wp\/v2\/types\/post"}],"author":[{"embeddable":true,"href":"https:\/\/turkiyemhaber.com\/index.php?rest_route=\/wp\/v2\/users\/1"}],"replies":[{"embeddable":true,"href":"https:\/\/turkiyemhaber.com\/index.php?rest_route=%2Fwp%2Fv2%2Fcomments&post=1749"}],"version-history":[{"count":1,"href":"https:\/\/turkiyemhaber.com\/index.php?rest_route=\/wp\/v2\/posts\/1749\/revisions"}],"predecessor-version":[{"id":1751,"href":"https:\/\/turkiyemhaber.com\/index.php?rest_route=\/wp\/v2\/posts\/1749\/revisions\/1751"}],"wp:featuredmedia":[{"embeddable":true,"href":"https:\/\/turkiyemhaber.com\/index.php?rest_route=\/wp\/v2\/media\/1750"}],"wp:attachment":[{"href":"https:\/\/turkiyemhaber.com\/index.php?rest_route=%2Fwp%2Fv2%2Fmedia&parent=1749"}],"wp:term":[{"taxonomy":"category","embeddable":true,"href":"https:\/\/turkiyemhaber.com\/index.php?rest_route=%2Fwp%2Fv2%2Fcategories&post=1749"},{"taxonomy":"post_tag","embeddable":true,"href":"https:\/\/turkiyemhaber.com\/index.php?rest_route=%2Fwp%2Fv2%2Ftags&post=1749"}],"curies":[{"name":"wp","href":"https:\/\/api.w.org\/{rel}","templated":true}]}}